{"id":10096,"date":"2024-07-28T16:12:03","date_gmt":"2024-07-28T16:12:03","guid":{"rendered":"https:\/\/entrenotasyacordes.com\/?p=10096"},"modified":"2024-07-28T16:12:04","modified_gmt":"2024-07-28T16:12:04","slug":"peces-raros-estrena-su-esperado-nuevo-album-artificial-%e2%9a%a1","status":"publish","type":"post","link":"https:\/\/entrenotasyacordes.com\/?p=10096","title":{"rendered":"Peces Raros estrena su esperado nuevo \u00e1lbum Artificial \u26a1"},"content":{"rendered":"\n<!--more-->\n\n\n\n<p><em>El aclamado d\u00fao argentino recorre diez canciones abrazando la ficci\u00f3n en un \u00e1lbum con sonido \u00e1gil y est\u00e9tica futurista<\/em><\/p>\n\n\n<div class=\"wp-block-image\">\n<figure class=\"aligncenter size-full is-resized\"><img loading=\"lazy\" decoding=\"async\" width=\"500\" height=\"500\" src=\"https:\/\/entrenotasyacordes.com\/wp-content\/uploads\/2024\/07\/4h-1.jpg\" alt=\"\" class=\"wp-image-10098\" style=\"width:607px;height:auto\" srcset=\"https:\/\/entrenotasyacordes.com\/wp-content\/uploads\/2024\/07\/4h-1.jpg 500w, https:\/\/entrenotasyacordes.com\/wp-content\/uploads\/2024\/07\/4h-1-300x300.jpg 300w, https:\/\/entrenotasyacordes.com\/wp-content\/uploads\/2024\/07\/4h-1-150x150.jpg 150w, https:\/\/entrenotasyacordes.com\/wp-content\/uploads\/2024\/07\/4h-1-50x50.jpg 50w\" sizes=\"auto, (max-width: 500px) 100vw, 500px\" \/><\/figure>\n<\/div>\n\n\n<p>El d\u00fao argentino&nbsp;<strong>Peces Raros<\/strong>, con m\u00e1s de diez a\u00f1os de historia y en medio de un ascenso directo a nivel internacional,&nbsp;muestra otra cara posible de su inquieta est\u00e9tica y estrena&nbsp;<strong>su esperado nuevo \u00e1lbum&nbsp;<a href=\"https:\/\/altafonte.us18.list-manage.com\/track\/click?u=b5f7f7d40a3a7bfc74aafd57c&amp;id=034539aa89&amp;e=4ee908993e\" target=\"_blank\" rel=\"noreferrer noopener\">ARTIFICIAL<\/a>.&nbsp;<\/strong><\/p>\n\n\n\n<p><strong><a href=\"https:\/\/altafonte.us18.list-manage.com\/track\/click?u=b5f7f7d40a3a7bfc74aafd57c&amp;id=ae8bcc35a9&amp;e=4ee908993e\" target=\"_blank\" rel=\"noreferrer noopener\">ARTIFICIAL&nbsp;<\/a>es el quinto \u00e1lbum de estudio de Peces Raros<\/strong>&nbsp;y plantea&nbsp;un recorrido de diez&nbsp;canciones que abrazan la ficci\u00f3n, de sonido deliberadamente \u00e1gil y una clara est\u00e9tica futurista. Entre las predicciones dist\u00f3picas de estos d\u00edas, la banda cuyo discurso musical tensiona lo humano y lo maquinal, trae una placa contundente: nada escapa a lo artificial.<\/p>\n\n\n\n<p>Sin abandonar la profundidad,&nbsp;<strong>Peces Raros<\/strong>&nbsp;esta vez se desenvuelve en la superficie.&nbsp;<a href=\"https:\/\/altafonte.us18.list-manage.com\/track\/click?u=b5f7f7d40a3a7bfc74aafd57c&amp;id=4b4e4b4cf4&amp;e=4ee908993e\" target=\"_blank\" rel=\"noreferrer noopener\">ARTIFICIAL&nbsp;<\/a>es un signo de madurez y una renovaci\u00f3n est\u00e9tica. Un camino posible para el pop del ma\u00f1ana.<\/p>\n\n\n\n<p>\u201cLa ficci\u00f3n es nuestro h\u00e1bitat. En esta naturaleza bombardeada de artificios no traemos m\u00e1s que esto. Sin romanticismo ni pretensiones de pureza, solo&nbsp;<strong>diez canciones artificiales para creer en algo\u201d,<\/strong>&nbsp;agregan Lucio Consolo y Marco Viera.<\/p>\n\n\n\n<p>Este \u00e1lbum, sucesor de DOGMA, llega luego de tres a\u00f1os, en los que han presentado \u00e1lbumes en vivo y han adelantado los singles \u201c<a href=\"https:\/\/altafonte.us18.list-manage.com\/track\/click?u=b5f7f7d40a3a7bfc74aafd57c&amp;id=63eb97ffe7&amp;e=4ee908993e\" target=\"_blank\" rel=\"noreferrer noopener\">\u00d3xido<\/a>\u201d, \u201c<a href=\"https:\/\/altafonte.us18.list-manage.com\/track\/click?u=b5f7f7d40a3a7bfc74aafd57c&amp;id=a187272eb9&amp;e=4ee908993e\" target=\"_blank\" rel=\"noreferrer noopener\">Desaparecer<\/a>\u201d y \u00ab<a href=\"https:\/\/altafonte.us18.list-manage.com\/track\/click?u=b5f7f7d40a3a7bfc74aafd57c&amp;id=4876896942&amp;e=4ee908993e\" target=\"_blank\" rel=\"noreferrer noopener\">Artificial<\/a>\u00ab.<\/p>\n\n\n\n<p>El lanzamiento del disco llega acompa\u00f1ado por el videoclip del tema destacado del \u00e1lbum, titulado \u00ab<a href=\"https:\/\/altafonte.us18.list-manage.com\/track\/click?u=b5f7f7d40a3a7bfc74aafd57c&amp;id=2258501a6d&amp;e=4ee908993e\" target=\"_blank\" rel=\"noreferrer noopener\">Nada para siempre<\/a>\u00ab, dirigido por Michel Hamonet y producido por Gonna Go!.<\/p>\n\n\n\n<figure class=\"wp-block-embed is-type-video is-provider-youtube wp-block-embed-youtube wp-embed-aspect-4-3 wp-has-aspect-ratio\"><div class=\"wp-block-embed__wrapper\">\n<div class=\"epyt-video-wrapper\"><iframe loading=\"lazy\"  id=\"_ytid_30995\"  width=\"640\" height=\"360\"  data-origwidth=\"640\" data-origheight=\"360\" src=\"https:\/\/www.youtube.com\/embed\/3_Y18PKerVU?enablejsapi=1&#038;autoplay=0&#038;cc_load_policy=0&#038;cc_lang_pref=&#038;iv_load_policy=1&#038;loop=0&#038;rel=1&#038;fs=1&#038;playsinline=0&#038;autohide=2&#038;theme=dark&#038;color=white&#038;controls=1&#038;\" class=\"__youtube_prefs__  epyt-is-override  no-lazyload\" data-vol=\"50\"  title=\"YouTube player\"  allow=\"fullscreen; accelerometer; autoplay; clipboard-write; encrypted-media; gyroscope; picture-in-picture; web-share\" referrerpolicy=\"strict-origin-when-cross-origin\" allowfullscreen data-no-lazy=\"1\" data-skipgform_ajax_framebjll=\"\"><\/iframe><\/div>\n<\/div><\/figure>\n\n\n\n<p><strong>TRACKLIST<\/strong><\/p>\n\n\n\n<p class=\"has-text-align-center\">1 &#8211; DESAPARECER&nbsp;<br>2 &#8211; \u00d3XIDO&nbsp;<br>3 &#8211; INTACTO&nbsp;<br>4 &#8211; BELLADONA<br>5 &#8211; NADA PARA SIEMPRE&nbsp;<br>6 &#8211; MA\u00d1ANA<br>7 &#8211; FRECUENCIAS&nbsp;<br>8 &#8211; ULTRALIVIANO<br>9 &#8211; KAMIKAZE&nbsp;<br>10 &#8211; ARTIFICIAL<\/p>\n\n\n\n<p>Reuniendo a miles de personas en un extenso tour por grandes festivales y escenarios,&nbsp;<strong>Peces Raros<\/strong>&nbsp;ya ha visitado numerosas ciudades de Argentina, Espa\u00f1a y Latinoam\u00e9rica, y contin\u00faa sumando fechas sorprendiendo con un show hipn\u00f3tico.<\/p>\n\n\n\n<p>El grupo formado por&nbsp;<strong>Lucio Consolo y Marco Viera<\/strong>, se present\u00f3 recientemente por primera vez en el m\u00edtico Luna Park de Buenos Aires, con entradas agotadas, consolid\u00e1ndose como una referencia musical indiscutida. Adem\u00e1s,&nbsp;han&nbsp;participando de los principales festivales de m\u00fasica como el Lollapalooza y el Vive Latino.<\/p>\n\n\n\n<p>Luego de un explosivo paso por Bogot\u00e1, Santiago de Chile, Quito y Lima, Peces Raros se present\u00f3 con dos noches sold out en Rosario, C\u00f3rdoba y San Luis. Su vuelta al viejo continente los llevar\u00e1 por Berl\u00edn, Alemania el 31 de julio; Dubl\u00edn, Irlanda el 5 de agosto; Londres, Inglaterra, el 6 de agosto; y Aranda de Duero, Espa\u00f1a, el 9 de agosto.<\/p>\n\n\n<div class=\"wp-block-image\">\n<figure class=\"aligncenter size-full is-resized\"><img loading=\"lazy\" decoding=\"async\" width=\"1312\" height=\"865\" src=\"https:\/\/entrenotasyacordes.com\/wp-content\/uploads\/2024\/07\/4j-1.jpg\" alt=\"\" class=\"wp-image-10099\" style=\"width:607px;height:auto\" srcset=\"https:\/\/entrenotasyacordes.com\/wp-content\/uploads\/2024\/07\/4j-1.jpg 1312w, https:\/\/entrenotasyacordes.com\/wp-content\/uploads\/2024\/07\/4j-1-300x198.jpg 300w, https:\/\/entrenotasyacordes.com\/wp-content\/uploads\/2024\/07\/4j-1-1024x675.jpg 1024w, https:\/\/entrenotasyacordes.com\/wp-content\/uploads\/2024\/07\/4j-1-768x506.jpg 768w\" sizes=\"auto, (max-width: 1312px) 100vw, 1312px\" \/><\/figure>\n<\/div>\n\n\n<p>Peces Raros comenz\u00f3 su 2024 con el estreno de \u201cOBRAS EN VIVO\u201d, un EP que cuenta con tres&nbsp;canciones \u201cFabulaciones\u201d, \u201cEn efecto\u201d y \u201cNo van a parar\u201d. En sus 18 minutos, los fans pueden&nbsp;revivir&nbsp;un momento bisagra en la trayectoria de Peces Raros:&nbsp;cuando se presentaron por primera vez en el m\u00edtico Estadio Obras en dos noches con tickets agotados.&nbsp;<\/p>\n\n\n\n<p>Por otro lado, fue parte de los line-up de las ediciones de Lollapalooza, Argentina; Vive Latino, M\u00e9xico; el Festival Buena Vibra, de Buenos Aires;&nbsp;y el San San Festival, de Espa\u00f1a.<\/p>\n\n\n\n<p>&nbsp;Livianos sobre el beat, los Peces Raros abrazan la fugacidad en este nuevo sonido sin abandonar la profundidad de su propuesta.<\/p>\n\n\n\n<p class=\"has-text-align-center\"><strong>PR\u00d3XIMAS FECHAS CONFIRMADAS &#8211; 2024<\/strong><\/p>\n\n\n\n<p class=\"has-text-align-center\">31.7 &#8211; PRIVATCLUB &#8211; BERL\u00cdN (GER) NUEVA FECHA<br>05.08 &#8211; WORKMANS CELLAR &#8211; DUBLIN (IR) NUEVA FECHA<br>06.08 &#8211; VICTORIA DALSTON &#8211; LONDRES (ING) NUEVA FECHA<br>09.08 &#8211; SONORAMA &#8211; ARANDA DE DUERO (ESP) NUEVA FECHA<br><strong>20.09 &#8211; NOCHES CAPITALES &#8211; LA PLATA (ARG) NUEVA FECHA\u00a0<\/strong><br>12.10 &#8211; FESTIVAL PULSO GNP &#8211; QUER\u00c9TARO (MEX) NUEVA FECHA<br><strong>26.10 &#8211; FESTIVAL BANDERA &#8211; ROSARIO (ARG) NUEVA FECHA<\/strong><\/p>\n\n\n<div class=\"wp-block-image\">\n<figure class=\"aligncenter size-full is-resized\"><img loading=\"lazy\" decoding=\"async\" width=\"1306\" height=\"862\" src=\"https:\/\/entrenotasyacordes.com\/wp-content\/uploads\/2024\/07\/4i.jpg\" alt=\"\" class=\"wp-image-10100\" style=\"width:607px;height:auto\" srcset=\"https:\/\/entrenotasyacordes.com\/wp-content\/uploads\/2024\/07\/4i.jpg 1306w, https:\/\/entrenotasyacordes.com\/wp-content\/uploads\/2024\/07\/4i-300x198.jpg 300w, https:\/\/entrenotasyacordes.com\/wp-content\/uploads\/2024\/07\/4i-1024x676.jpg 1024w, https:\/\/entrenotasyacordes.com\/wp-content\/uploads\/2024\/07\/4i-768x507.jpg 768w\" sizes=\"auto, (max-width: 1306px) 100vw, 1306px\" \/><\/figure>\n<\/div>\n\n\n<p><strong>ABOUT PECES RAROS<\/strong><br>Peces Raros es una agrupaci\u00f3n formada en La Plata, Argentina, que se caracteriza por su propuesta visual y sonora, atravesada por sintetizadores, guitarras y texturas electr\u00f3nicas.<\/p>\n\n\n\n<p>En las creaciones de Peces Raros se dialoga de manera transversal entre lo digital y lo anal\u00f3gico, la electr\u00f3nica y las melod\u00edas del formato canci\u00f3n, con las formas propias de la era digital.&nbsp;<\/p>\n\n\n\n<p>Con cuatro discos de estudio editados &#8211; \u00abNo Gracias\u00bb (2014); \u00abParte de un Mal Sue\u00f1o\u00bb (2016), \u00abAnestesia\u00bb (2018) y \u00abDogma\u00bb (2021) &#8211; esta agrupaci\u00f3n integrada por Lucio Consolo y Marco Viera se destacada por la calidad de sus composiciones, y ha participado de los festivales m\u00e1s importantes de Argentina (Lollapalooza, Vive Latino, Primavera Sound, Baradero Rock, Festival Buena Vibra, Harlem, Cosqu\u00edn Rock, entre otros) y de los escenarios m\u00e1s emblem\u00e1ticos de la escena federal. Adem\u00e1s, han realizado giras internacionales con potentes presentaciones en Chile, M\u00e9xico y Espa\u00f1a.&nbsp;<\/p>\n\n\n\n<p>A finales de 2023, su single \u201c\u00d3xido\u201d fue elegido como Mejor Canci\u00f3n del A\u00f1o por Rolling Stone Argentina.<\/p>\n","protected":false},"excerpt":{"rendered":"","protected":false},"author":5,"featured_media":10097,"comment_status":"open","ping_status":"open","sticky":false,"template":"","format":"standard","meta":{"om_disable_all_campaigns":false,"_uf_show_specific_survey":0,"_uf_disable_surveys":false,"footnotes":""},"categories":[4],"tags":[],"class_list":["post-10096","post","type-post","status-publish","format-standard","has-post-thumbnail","hentry","category-musica"],"_links":{"self":[{"href":"https:\/\/entrenotasyacordes.com\/index.php?rest_route=\/wp\/v2\/posts\/10096","targetHints":{"allow":["GET"]}}],"collection":[{"href":"https:\/\/entrenotasyacordes.com\/index.php?rest_route=\/wp\/v2\/posts"}],"about":[{"href":"https:\/\/entrenotasyacordes.com\/index.php?rest_route=\/wp\/v2\/types\/post"}],"author":[{"embeddable":true,"href":"https:\/\/entrenotasyacordes.com\/index.php?rest_route=\/wp\/v2\/users\/5"}],"replies":[{"embeddable":true,"href":"https:\/\/entrenotasyacordes.com\/index.php?rest_route=%2Fwp%2Fv2%2Fcomments&post=10096"}],"version-history":[{"count":1,"href":"https:\/\/entrenotasyacordes.com\/index.php?rest_route=\/wp\/v2\/posts\/10096\/revisions"}],"predecessor-version":[{"id":10101,"href":"https:\/\/entrenotasyacordes.com\/index.php?rest_route=\/wp\/v2\/posts\/10096\/revisions\/10101"}],"wp:featuredmedia":[{"embeddable":true,"href":"https:\/\/entrenotasyacordes.com\/index.php?rest_route=\/wp\/v2\/media\/10097"}],"wp:attachment":[{"href":"https:\/\/entrenotasyacordes.com\/index.php?rest_route=%2Fwp%2Fv2%2Fmedia&parent=10096"}],"wp:term":[{"taxonomy":"category","embeddable":true,"href":"https:\/\/entrenotasyacordes.com\/index.php?rest_route=%2Fwp%2Fv2%2Fcategories&post=10096"},{"taxonomy":"post_tag","embeddable":true,"href":"https:\/\/entrenotasyacordes.com\/index.php?rest_route=%2Fwp%2Fv2%2Ftags&post=10096"}],"curies":[{"name":"wp","href":"https:\/\/api.w.org\/{rel}","templated":true}]}}