{"id":10102,"date":"2024-07-30T22:40:34","date_gmt":"2024-07-30T22:40:34","guid":{"rendered":"https:\/\/entrenotasyacordes.com\/?p=10102"},"modified":"2024-07-30T22:40:36","modified_gmt":"2024-07-30T22:40:36","slug":"alan-gomez-rompe-barreras-con-sunuevo-single-otra-galaxia","status":"publish","type":"post","link":"https:\/\/entrenotasyacordes.com\/?p=10102","title":{"rendered":"Alan G\u00f3mez rompe barreras con sunuevo single \u201cOtra Galaxia\u201d"},"content":{"rendered":"\n<!--more-->\n\n\n<div class=\"wp-block-image\">\n<figure class=\"aligncenter size-full is-resized\"><img loading=\"lazy\" decoding=\"async\" width=\"3000\" height=\"3000\" src=\"https:\/\/entrenotasyacordes.com\/wp-content\/uploads\/2024\/07\/Cover-Otra-Galaxia.png\" alt=\"\" class=\"wp-image-10103\" style=\"width:607px;height:auto\" srcset=\"https:\/\/entrenotasyacordes.com\/wp-content\/uploads\/2024\/07\/Cover-Otra-Galaxia.png 3000w, https:\/\/entrenotasyacordes.com\/wp-content\/uploads\/2024\/07\/Cover-Otra-Galaxia-300x300.png 300w, https:\/\/entrenotasyacordes.com\/wp-content\/uploads\/2024\/07\/Cover-Otra-Galaxia-1024x1024.png 1024w, https:\/\/entrenotasyacordes.com\/wp-content\/uploads\/2024\/07\/Cover-Otra-Galaxia-150x150.png 150w, https:\/\/entrenotasyacordes.com\/wp-content\/uploads\/2024\/07\/Cover-Otra-Galaxia-768x768.png 768w, https:\/\/entrenotasyacordes.com\/wp-content\/uploads\/2024\/07\/Cover-Otra-Galaxia-1536x1536.png 1536w, https:\/\/entrenotasyacordes.com\/wp-content\/uploads\/2024\/07\/Cover-Otra-Galaxia-2048x2048.png 2048w, https:\/\/entrenotasyacordes.com\/wp-content\/uploads\/2024\/07\/Cover-Otra-Galaxia-50x50.png 50w\" sizes=\"auto, (max-width: 3000px) 100vw, 3000px\" \/><\/figure>\n<\/div>\n\n\n<p>Alan G\u00f3mez llega con una nueva apuesta junto al artista argentino ECV con quien presentan \u201cOtra Galaxia\u201d. Disponible en todas las plataformas a partir del jueves 25 de julio a las 21.00hs.<\/p>\n\n\n\n<p>\u00abOtra Galaxia\u00bb, Alan nos transporta a un universo sonoro completamente nuevo, fusionando ritmos electr\u00f3nicos con su inigualable estilo. Conocido por sus exitosos lanzamientos de RKT, Alan da un giro audaz a su carrera musical. Esta primera canci\u00f3n de su nueva etapa promete revolucionar las pistas de baile.<\/p>\n\n\n\n<p>Sin dudas un sonido que poco a poco empieza a instalarse en la escena, en el cual artistas como ECV se animan a dar el paso como pioneros. Confiando en la calidad y excelencia de Alan, el cantante argentino se subi\u00f3 a este nuevo proyecto sin dudarlo un segundo.<\/p>\n\n\n\n<p>Este lanzamiento llega con videoclip incluido dirigido por Amanda Trosman de la productora Citizens Of Tomorrow. Con una est\u00e9tica futurista y colores ne\u00f3n se los ve a ambos artistas bailando y cantando al<br>ritmo electr\u00f3nico que predomina a lo largo del tema. Un video que transmite el dinamismo del nuevo proyecto de Alan.<\/p>\n\n\n\n<p>Luego de cuatro meses sin lanzamientos del dj y productor argentino, Alan Gomez vuelve a sacar m\u00fasica con esta nueva apuesta. Esta claro que a lo largo de su carrera ha dado en la tecla en sus diferentes apuestas tanto musicales como invitados, por lo que no hay dudas que este nuevo single ser\u00e1 la puerta de entrada de nuevos hits.<\/p>\n\n\n\n<p><strong>Acerca de Alan G\u00f3mez<\/strong><\/p>\n\n\n\n<p>Alan G\u00f3mez es DJ y productor musical. Criado en una familia de m\u00fasicos, Alan despeg\u00f3 su camino en la m\u00fasica a base de remixes hasta que lleg\u00f3 el momento de dejar su impronta propia en las canciones y convertirse en productor.<\/p>\n\n\n\n<p>Hoy Alan es uno de los m\u00e1ximos exponentes del turreo, un g\u00e9nero que combina lo mejor de la cumbia y el reggaeton, que, como se\u00f1ala el propio Alan \u201ces una marca argentina\u201d.<\/p>\n\n\n\n<p>Desde el 2021, Alan lanza sus reconocidas \u201cMissions\u201d, una serie de distintas sesiones con artistas invitados (Rei, Mesita, La Joaqui, entre otros) que combinan lo mejor del turreo junto a la marca propia del invitado<br>transformando a los proyectos de Alan en algo \u00fanico, propio y aut\u00e9ntico.<\/p>\n\n\n\n<p>En 2023 comenz\u00f3 a abrirse a un escenario m\u00e1s mainstream y lanz\u00f3 la \u201cMission 51\u201d junto a FMK, donde demostr\u00f3 ser uno de los productores m\u00e1s vers\u00e1tiles de la escena. Por otro lado, lanz\u00f3 su Mission 14 junto a Micro TDH y su m\u00e1s reciente lanzamiento la Mission 15 junto a Luck Ra que ya se volvi\u00f3 viral en TikTok.<\/p>\n\n\n\n<p>Su Mission 16 fue especial y \u00fanica ya que fue la primera en tener un co-productor: Ovy On The Drums con quien compusieron los beats perfectos para Ryan Castro. Adem\u00e1s, hizo su primera Mission trasandina, la n\u00famero 17, junto al chileno Ak:420. Sus \u00faltimas Mission, fueron la 18 junto a BM, la n\u00famero 19 junto a L-Gante y su \u00faltima Mission n\u00famero 20 con La T y La M.<\/p>\n\n\n\n<p>Asimismo arranc\u00f3 el 2024 con un ciclo titulado \u201cSED\u201d que comenz\u00f3 con la reversi\u00f3n de \u201cJuan El Cartero\u201d de Los Charros, junto a Daniel Cardozo. Al mismo tiempo, se le sum\u00f3 \u201cPor qu\u00e9 lloras?\u201d junto al d\u00fao ROZE, y cerr\u00f3 el ciclo con \u201cNo Fuimos\u201d junto a The La Planta.<\/p>\n","protected":false},"excerpt":{"rendered":"","protected":false},"author":5,"featured_media":10103,"comment_status":"open","ping_status":"open","sticky":false,"template":"","format":"standard","meta":{"om_disable_all_campaigns":false,"_uf_show_specific_survey":0,"_uf_disable_surveys":false,"footnotes":""},"categories":[4],"tags":[],"class_list":["post-10102","post","type-post","status-publish","format-standard","has-post-thumbnail","hentry","category-musica"],"_links":{"self":[{"href":"https:\/\/entrenotasyacordes.com\/index.php?rest_route=\/wp\/v2\/posts\/10102","targetHints":{"allow":["GET"]}}],"collection":[{"href":"https:\/\/entrenotasyacordes.com\/index.php?rest_route=\/wp\/v2\/posts"}],"about":[{"href":"https:\/\/entrenotasyacordes.com\/index.php?rest_route=\/wp\/v2\/types\/post"}],"author":[{"embeddable":true,"href":"https:\/\/entrenotasyacordes.com\/index.php?rest_route=\/wp\/v2\/users\/5"}],"replies":[{"embeddable":true,"href":"https:\/\/entrenotasyacordes.com\/index.php?rest_route=%2Fwp%2Fv2%2Fcomments&post=10102"}],"version-history":[{"count":1,"href":"https:\/\/entrenotasyacordes.com\/index.php?rest_route=\/wp\/v2\/posts\/10102\/revisions"}],"predecessor-version":[{"id":10104,"href":"https:\/\/entrenotasyacordes.com\/index.php?rest_route=\/wp\/v2\/posts\/10102\/revisions\/10104"}],"wp:featuredmedia":[{"embeddable":true,"href":"https:\/\/entrenotasyacordes.com\/index.php?rest_route=\/wp\/v2\/media\/10103"}],"wp:attachment":[{"href":"https:\/\/entrenotasyacordes.com\/index.php?rest_route=%2Fwp%2Fv2%2Fmedia&parent=10102"}],"wp:term":[{"taxonomy":"category","embeddable":true,"href":"https:\/\/entrenotasyacordes.com\/index.php?rest_route=%2Fwp%2Fv2%2Fcategories&post=10102"},{"taxonomy":"post_tag","embeddable":true,"href":"https:\/\/entrenotasyacordes.com\/index.php?rest_route=%2Fwp%2Fv2%2Ftags&post=10102"}],"curies":[{"name":"wp","href":"https:\/\/api.w.org\/{rel}","templated":true}]}}