{"id":10105,"date":"2024-07-30T22:47:12","date_gmt":"2024-07-30T22:47:12","guid":{"rendered":"https:\/\/entrenotasyacordes.com\/?p=10105"},"modified":"2024-07-30T22:47:13","modified_gmt":"2024-07-30T22:47:13","slug":"leo-rizzi-cautiva-con-su-nuevo-sencillo-angel-caido","status":"publish","type":"post","link":"https:\/\/entrenotasyacordes.com\/?p=10105","title":{"rendered":"LEO RIZZI CAUTIVA CON SU NUEVO SENCILLO \u00ab\u00c1NGEL CA\u00cdDO\u00bb"},"content":{"rendered":"\n<!--more-->\n\n\n<div class=\"wp-block-image\">\n<figure class=\"aligncenter size-full is-resized\"><img loading=\"lazy\" decoding=\"async\" width=\"1470\" height=\"1470\" src=\"https:\/\/entrenotasyacordes.com\/wp-content\/uploads\/2024\/07\/Portada-Angel-Caido-Leo-Rizzi.jpg\" alt=\"\" class=\"wp-image-10106\" style=\"width:607px;height:auto\" srcset=\"https:\/\/entrenotasyacordes.com\/wp-content\/uploads\/2024\/07\/Portada-Angel-Caido-Leo-Rizzi.jpg 1470w, https:\/\/entrenotasyacordes.com\/wp-content\/uploads\/2024\/07\/Portada-Angel-Caido-Leo-Rizzi-300x300.jpg 300w, https:\/\/entrenotasyacordes.com\/wp-content\/uploads\/2024\/07\/Portada-Angel-Caido-Leo-Rizzi-1024x1024.jpg 1024w, https:\/\/entrenotasyacordes.com\/wp-content\/uploads\/2024\/07\/Portada-Angel-Caido-Leo-Rizzi-150x150.jpg 150w, https:\/\/entrenotasyacordes.com\/wp-content\/uploads\/2024\/07\/Portada-Angel-Caido-Leo-Rizzi-768x768.jpg 768w, https:\/\/entrenotasyacordes.com\/wp-content\/uploads\/2024\/07\/Portada-Angel-Caido-Leo-Rizzi-50x50.jpg 50w\" sizes=\"auto, (max-width: 1470px) 100vw, 1470px\" \/><\/figure>\n<\/div>\n\n\n<p>La estrella en ascenso, Leo Rizzi, cautiva con su nuevo sencillo, \u00ab\u00c1ngel Ca\u00eddo\u201d, \u00faltimo adelanto antes del lanzamiento de su esperado \u00e1lbum debut P\u00e1jaro Azul, el cual ver\u00e1 la luz el pr\u00f3ximo 27 de septiembre. Esta canci\u00f3n r\u00edtmica y cargada de emociones, muestra el excepcional talento vocal y l\u00edrico de Leo, consagr\u00e1ndolo como una de las voces m\u00e1s vibrantes que est\u00e1n revolucionando la escena del indie pop.<\/p>\n\n\n\n<p>\u00ab\u00c1ngel Ca\u00eddo\u00bb es un testimonio de la gran habilidad que Leo posee para fusionar letras conmovedoras con ritmos pegadizos. El estribillo, es a la vez inquietante y cautivador, mostrando la voz et\u00e9rea de Rizzi mientras absorbe al p\u00fablico con su magnetismo.<\/p>\n\n\n\n<p>Nacido en la vibrante isla de Ibiza y criado en las tierras exuberantes de Uruguay, la creatividad y originalidad de Leo Rizzi lo han distinguido desde sus primeros pasos en la m\u00fasica. Sus ra\u00edces mediterr\u00e1neas y su crianza sudamericana impregnan su arte con una energ\u00eda \u00fanica, evidente en \u00ab\u00c1ngel Ca\u00eddo\u00bb, donde Leo fusiona estas influencias llevando a los oyentes en un viaje m\u00edstico.<\/p>\n\n\n\n<p>Leo Rizzi irrumpi\u00f3 en la escena musical internacional con su \u00e9xito, \u00abAmapolas\u00bb, canci\u00f3n que lo catapult\u00f3 a la fama internacional. La canci\u00f3n logr\u00f3 llegar al estatus de Disco de Oro en Espa\u00f1a y Triple Platino en M\u00e9xico, alcanzando el Top 5 global y entrando en los charts de m\u00faltiples pa\u00edses. Su capacidad para cautivar a su audiencia ha consolidado su posici\u00f3n como una figura influyente en el pop indie contempor\u00e1neo. Con millones de reproducciones y visitas en las principales plataformas digitales, el contenido de Leo ha ganado una fanbase dedicada en TikTok e Instagram.<\/p>\n\n\n\n<p>En 2024, Leo ha seguido dejando su huella con sencillos como \u00ab2 mil horas\u00bb junto a Gus, \u00abAlgo Especial\u00bb y \u00abMalvas\u00bb en colaboraci\u00f3n con Paty Cant\u00fa, todos parte de su primer \u00e1lbum, P\u00e1jaro Azul, en el cual redefine el sonido del pop alternativo latino, as\u00ed como extiende una invitaci\u00f3n a los escuchas a su mundo art\u00edstico y personal. El t\u00edtulo del \u00e1lbum, un homenaje a Rub\u00e9n Dar\u00edo, simboliza el viaje hacia la libertad espiritual.<\/p>\n\n\n\n<p>Sus recientes colaboraciones y reconocimientos incluyen ser nombrado Mejor Artista Nuevo en Los 40 Music Awards de Espa\u00f1a, lo cual destaca a\u00fan m\u00e1s su creciente prominencia en la industria musical. Sus colaboraciones con artistas como Pablo Albor\u00e1n, Danny Ocean, CKay, Reik y Yami Safdie demuestran su<br>versatilidad y alcance masivo.<\/p>\n","protected":false},"excerpt":{"rendered":"","protected":false},"author":5,"featured_media":10106,"comment_status":"open","ping_status":"open","sticky":false,"template":"","format":"standard","meta":{"om_disable_all_campaigns":false,"_uf_show_specific_survey":0,"_uf_disable_surveys":false,"footnotes":""},"categories":[4],"tags":[],"class_list":["post-10105","post","type-post","status-publish","format-standard","has-post-thumbnail","hentry","category-musica"],"_links":{"self":[{"href":"https:\/\/entrenotasyacordes.com\/index.php?rest_route=\/wp\/v2\/posts\/10105","targetHints":{"allow":["GET"]}}],"collection":[{"href":"https:\/\/entrenotasyacordes.com\/index.php?rest_route=\/wp\/v2\/posts"}],"about":[{"href":"https:\/\/entrenotasyacordes.com\/index.php?rest_route=\/wp\/v2\/types\/post"}],"author":[{"embeddable":true,"href":"https:\/\/entrenotasyacordes.com\/index.php?rest_route=\/wp\/v2\/users\/5"}],"replies":[{"embeddable":true,"href":"https:\/\/entrenotasyacordes.com\/index.php?rest_route=%2Fwp%2Fv2%2Fcomments&post=10105"}],"version-history":[{"count":1,"href":"https:\/\/entrenotasyacordes.com\/index.php?rest_route=\/wp\/v2\/posts\/10105\/revisions"}],"predecessor-version":[{"id":10107,"href":"https:\/\/entrenotasyacordes.com\/index.php?rest_route=\/wp\/v2\/posts\/10105\/revisions\/10107"}],"wp:featuredmedia":[{"embeddable":true,"href":"https:\/\/entrenotasyacordes.com\/index.php?rest_route=\/wp\/v2\/media\/10106"}],"wp:attachment":[{"href":"https:\/\/entrenotasyacordes.com\/index.php?rest_route=%2Fwp%2Fv2%2Fmedia&parent=10105"}],"wp:term":[{"taxonomy":"category","embeddable":true,"href":"https:\/\/entrenotasyacordes.com\/index.php?rest_route=%2Fwp%2Fv2%2Fcategories&post=10105"},{"taxonomy":"post_tag","embeddable":true,"href":"https:\/\/entrenotasyacordes.com\/index.php?rest_route=%2Fwp%2Fv2%2Ftags&post=10105"}],"curies":[{"name":"wp","href":"https:\/\/api.w.org\/{rel}","templated":true}]}}