{"id":10127,"date":"2024-07-30T23:25:36","date_gmt":"2024-07-30T23:25:36","guid":{"rendered":"https:\/\/entrenotasyacordes.com\/?p=10127"},"modified":"2024-07-30T23:25:39","modified_gmt":"2024-07-30T23:25:39","slug":"ella-es-tan-cargosa-regresa-a-la-trastienda-el-proximo-sabado-10-de-agosto-2030-hs-para-celebrar-el-aniversario-numero-10-de-la-salida-del-disco-polos","status":"publish","type":"post","link":"https:\/\/entrenotasyacordes.com\/?p=10127","title":{"rendered":"Ella es tan Cargosa regresa a La Trastienda el pr\u00f3ximo s\u00e1bado 10 de Agosto 20:30 hs para celebrar el aniversario n\u00famero 10 de la salida del disco POLOS"},"content":{"rendered":"\n<!--more-->\n\n\n<div class=\"wp-block-image\">\n<figure class=\"aligncenter size-full is-resized\"><img loading=\"lazy\" decoding=\"async\" width=\"406\" height=\"404\" src=\"https:\/\/entrenotasyacordes.com\/wp-content\/uploads\/2024\/07\/5a-1.jpg\" alt=\"\" class=\"wp-image-10128\" style=\"width:607px;height:auto\" srcset=\"https:\/\/entrenotasyacordes.com\/wp-content\/uploads\/2024\/07\/5a-1.jpg 406w, https:\/\/entrenotasyacordes.com\/wp-content\/uploads\/2024\/07\/5a-1-300x300.jpg 300w, https:\/\/entrenotasyacordes.com\/wp-content\/uploads\/2024\/07\/5a-1-150x150.jpg 150w, https:\/\/entrenotasyacordes.com\/wp-content\/uploads\/2024\/07\/5a-1-50x50.jpg 50w\" sizes=\"auto, (max-width: 406px) 100vw, 406px\" \/><\/figure>\n<\/div>\n\n\n<p><strong>Ella es tan Cargosa regresa a La Trastienda el pr\u00f3ximo s\u00e1bado 10 de Agosto 20:30 hs para celebrar el aniversario n\u00famero 10 de la salida del disco POLOS, \u00e1lbum que incluye el cl\u00e1sico \u201cEN REDONDEL\u201d, la canci\u00f3n que m\u00e1s reproducciones tiene en tiendas digitales.\u00a0Adem\u00e1s\u00a0seguir\u00e1n presentando temas del disco recientemente lanzado \u201cFUERA DE MODA\u201d y obviamente no faltar\u00e1n los cl\u00e1sicos.<br><strong>Ser\u00e1 una noche muy especial para la banda donde vendr\u00e1n m\u00fasicos invitados.<\/strong><br><strong>Un show apto para todo p\u00fablico.<\/strong><\/strong><\/p>\n\n\n\n<figure class=\"wp-block-embed is-type-video is-provider-youtube wp-block-embed-youtube wp-embed-aspect-16-9 wp-has-aspect-ratio\"><div class=\"wp-block-embed__wrapper\">\n<div class=\"epyt-video-wrapper\"><iframe loading=\"lazy\"  id=\"_ytid_61676\"  width=\"640\" height=\"360\"  data-origwidth=\"640\" data-origheight=\"360\" src=\"https:\/\/www.youtube.com\/embed\/CK0c_6E-Fnk?enablejsapi=1&#038;autoplay=0&#038;cc_load_policy=0&#038;cc_lang_pref=&#038;iv_load_policy=1&#038;loop=0&#038;rel=1&#038;fs=1&#038;playsinline=0&#038;autohide=2&#038;theme=dark&#038;color=white&#038;controls=1&#038;\" class=\"__youtube_prefs__  epyt-is-override  no-lazyload\" data-vol=\"50\"  title=\"YouTube player\"  allow=\"fullscreen; accelerometer; autoplay; clipboard-write; encrypted-media; gyroscope; picture-in-picture; web-share\" referrerpolicy=\"strict-origin-when-cross-origin\" allowfullscreen data-no-lazy=\"1\" data-skipgform_ajax_framebjll=\"\"><\/iframe><\/div>\n<\/div><\/figure>\n\n\n\n<p class=\"has-text-align-center\">Grabado: Romaphonic<br>T\u00e9cnico y mezcla de grabaci\u00f3n: Mart\u00edn Pomares<br>Productor: Tano Baccega<\/p>\n\n\n\n<p><strong>ELLA ES TAN CARGOSA<\/strong><br><strong>23 A\u00d1OS DE CANCIONES<\/strong><br>Rodrigo Manigot: voz<br>Mariano Manigot: voz<br>Pablo Cesar Rojas: bater\u00eda<br>Italo \u201cTano\u201d Emilio Baccega: guitarra<br>Lucas Kocens: bajo<\/p>\n\n\n\n<p><strong>DISCOGRAF\u00cdA<\/strong><br>Ella Es Tan Cargosa (2007)<br>Botella al mar (2010)<br>11 (2011)<br>Polos (2014)<br>Polos (Ac\u00fastico) (2016)<br>La Sangre Buena (2017)<br>Bellos a\u00f1os (2022)<br>Fuera de Moda (2024)<\/p>\n","protected":false},"excerpt":{"rendered":"","protected":false},"author":5,"featured_media":10128,"comment_status":"open","ping_status":"open","sticky":false,"template":"","format":"standard","meta":{"om_disable_all_campaigns":false,"_uf_show_specific_survey":0,"_uf_disable_surveys":false,"footnotes":""},"categories":[36],"tags":[],"class_list":["post-10127","post","type-post","status-publish","format-standard","has-post-thumbnail","hentry","category-conciertos"],"_links":{"self":[{"href":"https:\/\/entrenotasyacordes.com\/index.php?rest_route=\/wp\/v2\/posts\/10127","targetHints":{"allow":["GET"]}}],"collection":[{"href":"https:\/\/entrenotasyacordes.com\/index.php?rest_route=\/wp\/v2\/posts"}],"about":[{"href":"https:\/\/entrenotasyacordes.com\/index.php?rest_route=\/wp\/v2\/types\/post"}],"author":[{"embeddable":true,"href":"https:\/\/entrenotasyacordes.com\/index.php?rest_route=\/wp\/v2\/users\/5"}],"replies":[{"embeddable":true,"href":"https:\/\/entrenotasyacordes.com\/index.php?rest_route=%2Fwp%2Fv2%2Fcomments&post=10127"}],"version-history":[{"count":1,"href":"https:\/\/entrenotasyacordes.com\/index.php?rest_route=\/wp\/v2\/posts\/10127\/revisions"}],"predecessor-version":[{"id":10129,"href":"https:\/\/entrenotasyacordes.com\/index.php?rest_route=\/wp\/v2\/posts\/10127\/revisions\/10129"}],"wp:featuredmedia":[{"embeddable":true,"href":"https:\/\/entrenotasyacordes.com\/index.php?rest_route=\/wp\/v2\/media\/10128"}],"wp:attachment":[{"href":"https:\/\/entrenotasyacordes.com\/index.php?rest_route=%2Fwp%2Fv2%2Fmedia&parent=10127"}],"wp:term":[{"taxonomy":"category","embeddable":true,"href":"https:\/\/entrenotasyacordes.com\/index.php?rest_route=%2Fwp%2Fv2%2Fcategories&post=10127"},{"taxonomy":"post_tag","embeddable":true,"href":"https:\/\/entrenotasyacordes.com\/index.php?rest_route=%2Fwp%2Fv2%2Ftags&post=10127"}],"curies":[{"name":"wp","href":"https:\/\/api.w.org\/{rel}","templated":true}]}}