{"id":10157,"date":"2024-08-01T18:20:36","date_gmt":"2024-08-01T18:20:36","guid":{"rendered":"https:\/\/entrenotasyacordes.com\/?p=10157"},"modified":"2024-08-01T18:20:37","modified_gmt":"2024-08-01T18:20:37","slug":"japonica-desembarca-por-primera-vez-en-argentina","status":"publish","type":"post","link":"https:\/\/entrenotasyacordes.com\/?p=10157","title":{"rendered":"Japonica desembarca por primera vez en Argentina!!!"},"content":{"rendered":"\n<!--more-->\n\n\n<div class=\"wp-block-image\">\n<figure class=\"aligncenter size-full is-resized\"><img loading=\"lazy\" decoding=\"async\" width=\"500\" height=\"379\" src=\"https:\/\/entrenotasyacordes.com\/wp-content\/uploads\/2024\/08\/6i-1.jpg\" alt=\"\" class=\"wp-image-10160\" style=\"width:607px;height:auto\" srcset=\"https:\/\/entrenotasyacordes.com\/wp-content\/uploads\/2024\/08\/6i-1.jpg 500w, https:\/\/entrenotasyacordes.com\/wp-content\/uploads\/2024\/08\/6i-1-300x227.jpg 300w\" sizes=\"auto, (max-width: 500px) 100vw, 500px\" \/><\/figure>\n<\/div>\n\n\n<p><strong>La banda\u00a0mexicana\u00a0de indie-rock folkl\u00f3rico reconocida por la carism\u00e1tica y sensual<strong>\u00a0<\/strong>Fernanda Paz, se presenta por primera<strong>\u00a0<\/strong>vez en Argentina\u00a0con su<strong>\u00a0<\/strong>gira:\u00a0\u00abQuererme as\u00ed\u00bb<\/strong><\/p>\n\n\n<div class=\"wp-block-image\">\n<figure class=\"aligncenter size-full is-resized\"><img loading=\"lazy\" decoding=\"async\" width=\"500\" height=\"500\" src=\"https:\/\/entrenotasyacordes.com\/wp-content\/uploads\/2024\/08\/6j.jpg\" alt=\"\" class=\"wp-image-10159\" style=\"width:607px;height:auto\" srcset=\"https:\/\/entrenotasyacordes.com\/wp-content\/uploads\/2024\/08\/6j.jpg 500w, https:\/\/entrenotasyacordes.com\/wp-content\/uploads\/2024\/08\/6j-300x300.jpg 300w, https:\/\/entrenotasyacordes.com\/wp-content\/uploads\/2024\/08\/6j-150x150.jpg 150w, https:\/\/entrenotasyacordes.com\/wp-content\/uploads\/2024\/08\/6j-50x50.jpg 50w\" sizes=\"auto, (max-width: 500px) 100vw, 500px\" \/><\/figure>\n<\/div>\n\n\n<p><strong>El grupo\u00a0sale por primera vez de su M\u00e9xico natal y eligi\u00f3 a Buenos Aires\u00a0como primera\u00a0parada para presentar su nuevo material.<\/strong><\/p>\n\n\n\n<p class=\"has-text-align-center\"><strong>Mi\u00e9rcoles 28 de agosto<\/strong> <strong>a las 20hs<\/strong><br><strong>Artista invitado: Rayos L\u00e1ser<\/strong><br><strong>Honduras 5317 &#8211; Palermo &#8211; Buenos Aires<\/strong><br><strong>\u00a1Entrada libre y gratuita!<\/strong><\/p>\n\n\n\n<p class=\"has-text-align-left\"><strong>Acerca de Jap\u00f3nica<\/strong><\/p>\n\n\n\n<p><strong>Jap\u00f3nica<\/strong>&nbsp;es un quinteto de m\u00fasicos conformado hace 5 a\u00f1os por dos familias oriundas de distintas ciudades mexicanas.&nbsp;<strong>Erick<\/strong>&nbsp;<strong>Morelos<\/strong>&nbsp;el guitarrista,&nbsp;se radica en Veracruz&nbsp;y es el padre de&nbsp;<strong>Arick<\/strong>, el trompetista y tecladista que vive en Puebla. Del mismo modo, los primos&nbsp;<strong>Alberto&nbsp;<em>\u00abDon Baby\u00bb<\/em>&nbsp;Aranda&nbsp;<\/strong>y&nbsp;<strong>Kike Aranda<\/strong>&nbsp;residen en Oaxaca, y se dedican a la bater\u00eda y el bajo&nbsp;respectivamente. La formaci\u00f3n se corona con la participaci\u00f3n de la cantante&nbsp;<strong>Fernanda Paz<\/strong>, que vive&nbsp;en&nbsp;CDMX.<\/p>\n\n\n\n<p>En sus cinco&nbsp;a\u00f1os de&nbsp;trayectoria, la banda&nbsp;ha editado 2 LP y 12 sencillos, entre ellos una canci\u00f3n que lanz\u00f3 en colaboraci\u00f3n con&nbsp;<strong>Rub\u00e9n Albarr\u00e1n<\/strong>&nbsp;vocalista de&nbsp;<strong>Caf\u00e9 Tacvba<\/strong>&nbsp;<em>(\u201c\u00c1rbol\u201d)<\/em>, y otra en la que colabor\u00f3&nbsp;<strong>Dr. Shenka<\/strong>, vocalista de&nbsp;<strong>Pante\u00f3n Rococo<\/strong>&nbsp;<em>(\u201cOjos Negros\u201d).<\/em><\/p>\n\n\n\n<p class=\"has-text-align-left\">En M\u00e9xico han compartido escenario con\u00a0<strong>Babas\u00f3nicos, Rayos L\u00e1ser, Kinky, Julieta Venegas, Caf\u00e9 Tacvba, Enjambre,<\/strong>\u00a0y muchos artistas internacionales m\u00e1s.<\/p>\n\n\n\n<p class=\"has-text-align-left\"><strong>Este ser\u00e1 su primer show por fuera de su pa\u00eds, ya que la banda grabar\u00e1 en Buenos Aires su nuevo material junto al reconocido productor argentino Tweety Gonz\u00e1lez.<\/strong><\/p>\n\n\n\n<figure class=\"wp-block-embed is-type-video is-provider-youtube wp-block-embed-youtube wp-embed-aspect-16-9 wp-has-aspect-ratio\"><div class=\"wp-block-embed__wrapper\">\n<div class=\"epyt-video-wrapper\"><iframe loading=\"lazy\"  id=\"_ytid_55825\"  width=\"640\" height=\"360\"  data-origwidth=\"640\" data-origheight=\"360\" src=\"https:\/\/www.youtube.com\/embed\/FP188dcAagk?enablejsapi=1&#038;autoplay=0&#038;cc_load_policy=0&#038;cc_lang_pref=&#038;iv_load_policy=1&#038;loop=0&#038;rel=1&#038;fs=1&#038;playsinline=0&#038;autohide=2&#038;theme=dark&#038;color=white&#038;controls=1&#038;\" class=\"__youtube_prefs__  epyt-is-override  no-lazyload\" data-vol=\"50\"  title=\"YouTube player\"  allow=\"fullscreen; accelerometer; autoplay; clipboard-write; encrypted-media; gyroscope; picture-in-picture; web-share\" referrerpolicy=\"strict-origin-when-cross-origin\" allowfullscreen data-no-lazy=\"1\" data-skipgform_ajax_framebjll=\"\"><\/iframe><\/div>\n<\/div><\/figure>\n\n\n\n<p class=\"has-text-align-left\"><\/p>\n","protected":false},"excerpt":{"rendered":"","protected":false},"author":5,"featured_media":10159,"comment_status":"open","ping_status":"open","sticky":false,"template":"","format":"standard","meta":{"om_disable_all_campaigns":false,"_uf_show_specific_survey":0,"_uf_disable_surveys":false,"footnotes":""},"categories":[36],"tags":[],"class_list":["post-10157","post","type-post","status-publish","format-standard","has-post-thumbnail","hentry","category-conciertos"],"_links":{"self":[{"href":"https:\/\/entrenotasyacordes.com\/index.php?rest_route=\/wp\/v2\/posts\/10157","targetHints":{"allow":["GET"]}}],"collection":[{"href":"https:\/\/entrenotasyacordes.com\/index.php?rest_route=\/wp\/v2\/posts"}],"about":[{"href":"https:\/\/entrenotasyacordes.com\/index.php?rest_route=\/wp\/v2\/types\/post"}],"author":[{"embeddable":true,"href":"https:\/\/entrenotasyacordes.com\/index.php?rest_route=\/wp\/v2\/users\/5"}],"replies":[{"embeddable":true,"href":"https:\/\/entrenotasyacordes.com\/index.php?rest_route=%2Fwp%2Fv2%2Fcomments&post=10157"}],"version-history":[{"count":1,"href":"https:\/\/entrenotasyacordes.com\/index.php?rest_route=\/wp\/v2\/posts\/10157\/revisions"}],"predecessor-version":[{"id":10161,"href":"https:\/\/entrenotasyacordes.com\/index.php?rest_route=\/wp\/v2\/posts\/10157\/revisions\/10161"}],"wp:featuredmedia":[{"embeddable":true,"href":"https:\/\/entrenotasyacordes.com\/index.php?rest_route=\/wp\/v2\/media\/10159"}],"wp:attachment":[{"href":"https:\/\/entrenotasyacordes.com\/index.php?rest_route=%2Fwp%2Fv2%2Fmedia&parent=10157"}],"wp:term":[{"taxonomy":"category","embeddable":true,"href":"https:\/\/entrenotasyacordes.com\/index.php?rest_route=%2Fwp%2Fv2%2Fcategories&post=10157"},{"taxonomy":"post_tag","embeddable":true,"href":"https:\/\/entrenotasyacordes.com\/index.php?rest_route=%2Fwp%2Fv2%2Ftags&post=10157"}],"curies":[{"name":"wp","href":"https:\/\/api.w.org\/{rel}","templated":true}]}}