{"id":10166,"date":"2024-08-01T18:32:31","date_gmt":"2024-08-01T18:32:31","guid":{"rendered":"https:\/\/entrenotasyacordes.com\/?p=10166"},"modified":"2024-08-01T18:34:36","modified_gmt":"2024-08-01T18:34:36","slug":"estelares-presenta-su-primer-documentary-show-esas-magicas-canciones","status":"publish","type":"post","link":"https:\/\/entrenotasyacordes.com\/?p=10166","title":{"rendered":"ESTELARES presenta su primer Documentary show: \u00abESAS M\u00c1GICAS CANCIONES\u00bb"},"content":{"rendered":"\n<!--more-->\n\n\n\n<p><strong>Ya disponible en exclusiva por FLOW<\/strong><\/p>\n\n\n<div class=\"wp-block-image\">\n<figure class=\"aligncenter size-full is-resized\"><img loading=\"lazy\" decoding=\"async\" width=\"953\" height=\"953\" src=\"https:\/\/entrenotasyacordes.com\/wp-content\/uploads\/2024\/08\/6l.jpg\" alt=\"\" class=\"wp-image-10167\" style=\"width:607px;height:auto\" srcset=\"https:\/\/entrenotasyacordes.com\/wp-content\/uploads\/2024\/08\/6l.jpg 953w, https:\/\/entrenotasyacordes.com\/wp-content\/uploads\/2024\/08\/6l-300x300.jpg 300w, https:\/\/entrenotasyacordes.com\/wp-content\/uploads\/2024\/08\/6l-150x150.jpg 150w, https:\/\/entrenotasyacordes.com\/wp-content\/uploads\/2024\/08\/6l-768x768.jpg 768w, https:\/\/entrenotasyacordes.com\/wp-content\/uploads\/2024\/08\/6l-50x50.jpg 50w\" sizes=\"auto, (max-width: 953px) 100vw, 953px\" \/><\/figure>\n<\/div>\n\n\n<p>Tras casi 30 a\u00f1os brillando en escenarios de distintas latitudes,&nbsp;<strong>Estelares<\/strong>&nbsp;lleg\u00f3 por primera vez al&nbsp;<strong>Estadio Luna Park&nbsp;<\/strong>de Buenos Aires.&nbsp;<strong>\u201cEsas m\u00e1gicas canciones\u201d<\/strong>&nbsp;es el registro audiovisual de una noche de car\u00e1cter celebratorio, atravesada por las emociones, la poes\u00eda y la genialidad musical de una de las bandas m\u00e1s trascendentes de la cultura popular argentina.<\/p>\n\n\n\n<p>M\u00e1s a\u00fan, en formato de Documentary Show, el especial invita a descubrir las dimensiones del universo estelar. Con una narrativa intimista y a trav\u00e9s de inserts documentales que alternan con el vivo, el director&nbsp;<strong>Gonza L\u00f3pez&nbsp;<\/strong>recoge testimonios de los m\u00fasicos&nbsp;<strong>Manuel Moretti<\/strong>,&nbsp;<strong>Pablo Silveira<\/strong>&nbsp;y&nbsp;<strong>V\u00edctor Bertamoni<\/strong>, quienes ponen al desnudo la psicolog\u00eda de sus composiciones, parte de su historia, la conexi\u00f3n con el tango y la naturaleza del v\u00ednculo que los une desde hace m\u00e1s de dos d\u00e9cadas.<\/p>\n\n\n\n<p>Diferentes personalidades del mundo de la comunicaci\u00f3n y las artes suman su voz para pintar un retrato cinest\u00e9sico sobre el grupo:&nbsp;<strong>Bebe Contepomi<\/strong>,&nbsp;<strong>Gabriela Radice<\/strong>,&nbsp;<strong>Oscar Jalil<\/strong>,&nbsp;<strong>Juanchi Baleir\u00f3n<\/strong>&nbsp;(Los Pericos),&nbsp;<strong>Cucuza Castiello<\/strong>,&nbsp;<strong>Mariano Fern\u00e1ndez Bussy<\/strong>&nbsp;(Me dar\u00e1s mil hijos),<strong>&nbsp;Juliana Gattas&nbsp;<\/strong>(Miranda!) y&nbsp;<strong>Jorge Serrano<\/strong>&nbsp;(Los Aut\u00e9nticos Decadentes), entre otros.<\/p>\n\n\n\n<p>Invitados en el show en vivo:&nbsp;<strong>Juliana Gattas<\/strong>&nbsp;(Miranda!) en Ella dijo y&nbsp;<strong>Cucuza Castiello + Mariano Fern\u00e1ndez Bussy<\/strong>&nbsp;(Me dar\u00e1s mil hijos) en Autobuses.<\/p>\n\n\n<div class=\"wp-block-image\">\n<figure class=\"aligncenter size-full is-resized\"><img loading=\"lazy\" decoding=\"async\" width=\"307\" height=\"366\" src=\"https:\/\/entrenotasyacordes.com\/wp-content\/uploads\/2024\/08\/6m.jpg\" alt=\"\" class=\"wp-image-10168\" style=\"width:607px;height:auto\" srcset=\"https:\/\/entrenotasyacordes.com\/wp-content\/uploads\/2024\/08\/6m.jpg 307w, https:\/\/entrenotasyacordes.com\/wp-content\/uploads\/2024\/08\/6m-252x300.jpg 252w\" sizes=\"auto, (max-width: 307px) 100vw, 307px\" \/><\/figure>\n<\/div>\n\n\n<p>En un gran a\u00f1o donde adem\u00e1s de viajar por todo el pa\u00eds y visitar hace unos d\u00edas Colombia, m\u00e1s precisamente Bogot\u00e1 y Medell\u00edn, Estelares contin\u00faa girando por Latinoam\u00e9rica para presentarse en M\u00e9xico, concretamente en Monterrey (1\u00ba de agosto) y CDMX (3 de agosto).<br>Despedir\u00e1n 2024 en el teatro m\u00e1s importante de Argentina: EL GRAN REX. Una noche donde las \u201ctr\u00e9mulas canciones\u201d ser\u00e1n las protagonistas absolutas.\u00a0<\/p>\n\n\n<div class=\"wp-block-image\">\n<figure class=\"aligncenter size-full is-resized\"><img loading=\"lazy\" decoding=\"async\" width=\"2000\" height=\"1333\" src=\"https:\/\/entrenotasyacordes.com\/wp-content\/uploads\/2024\/08\/3n.jpg\" alt=\"\" class=\"wp-image-10169\" style=\"width:607px;height:auto\" srcset=\"https:\/\/entrenotasyacordes.com\/wp-content\/uploads\/2024\/08\/3n.jpg 2000w, https:\/\/entrenotasyacordes.com\/wp-content\/uploads\/2024\/08\/3n-300x200.jpg 300w, https:\/\/entrenotasyacordes.com\/wp-content\/uploads\/2024\/08\/3n-1024x682.jpg 1024w, https:\/\/entrenotasyacordes.com\/wp-content\/uploads\/2024\/08\/3n-768x512.jpg 768w, https:\/\/entrenotasyacordes.com\/wp-content\/uploads\/2024\/08\/3n-1536x1024.jpg 1536w\" sizes=\"auto, (max-width: 2000px) 100vw, 2000px\" \/><\/figure>\n<\/div>\n\n\n<p><strong>PR\u00d3XIMAS FECHAS:<\/strong><br><strong>1 DE AGOSTO \u2013 MONTERREY<br>3 DE AGOSTO &#8211; CDMX<\/strong><\/p>\n","protected":false},"excerpt":{"rendered":"","protected":false},"author":5,"featured_media":10167,"comment_status":"open","ping_status":"open","sticky":false,"template":"","format":"standard","meta":{"om_disable_all_campaigns":false,"_uf_show_specific_survey":0,"_uf_disable_surveys":false,"footnotes":""},"categories":[34],"tags":[],"class_list":["post-10166","post","type-post","status-publish","format-standard","has-post-thumbnail","hentry","category-ultimas-noticias"],"_links":{"self":[{"href":"https:\/\/entrenotasyacordes.com\/index.php?rest_route=\/wp\/v2\/posts\/10166","targetHints":{"allow":["GET"]}}],"collection":[{"href":"https:\/\/entrenotasyacordes.com\/index.php?rest_route=\/wp\/v2\/posts"}],"about":[{"href":"https:\/\/entrenotasyacordes.com\/index.php?rest_route=\/wp\/v2\/types\/post"}],"author":[{"embeddable":true,"href":"https:\/\/entrenotasyacordes.com\/index.php?rest_route=\/wp\/v2\/users\/5"}],"replies":[{"embeddable":true,"href":"https:\/\/entrenotasyacordes.com\/index.php?rest_route=%2Fwp%2Fv2%2Fcomments&post=10166"}],"version-history":[{"count":1,"href":"https:\/\/entrenotasyacordes.com\/index.php?rest_route=\/wp\/v2\/posts\/10166\/revisions"}],"predecessor-version":[{"id":10170,"href":"https:\/\/entrenotasyacordes.com\/index.php?rest_route=\/wp\/v2\/posts\/10166\/revisions\/10170"}],"wp:featuredmedia":[{"embeddable":true,"href":"https:\/\/entrenotasyacordes.com\/index.php?rest_route=\/wp\/v2\/media\/10167"}],"wp:attachment":[{"href":"https:\/\/entrenotasyacordes.com\/index.php?rest_route=%2Fwp%2Fv2%2Fmedia&parent=10166"}],"wp:term":[{"taxonomy":"category","embeddable":true,"href":"https:\/\/entrenotasyacordes.com\/index.php?rest_route=%2Fwp%2Fv2%2Fcategories&post=10166"},{"taxonomy":"post_tag","embeddable":true,"href":"https:\/\/entrenotasyacordes.com\/index.php?rest_route=%2Fwp%2Fv2%2Ftags&post=10166"}],"curies":[{"name":"wp","href":"https:\/\/api.w.org\/{rel}","templated":true}]}}