{"id":10171,"date":"2024-08-01T18:36:59","date_gmt":"2024-08-01T18:36:59","guid":{"rendered":"https:\/\/entrenotasyacordes.com\/?p=10171"},"modified":"2024-08-01T18:37:02","modified_gmt":"2024-08-01T18:37:02","slug":"michale-graves-and-the-american-monster-band-llegan-a-la-argentina-con-su-exitosa-gira","status":"publish","type":"post","link":"https:\/\/entrenotasyacordes.com\/?p=10171","title":{"rendered":"MICHALE GRAVES AND THE AMERICAN MONSTER BAND LLEGAN A LA ARGENTINA CON SU EXITOSA GIRA."},"content":{"rendered":"\n<!--more-->\n\n\n<div class=\"wp-block-image\">\n<figure class=\"aligncenter size-full is-resized\"><img loading=\"lazy\" decoding=\"async\" width=\"768\" height=\"768\" src=\"https:\/\/entrenotasyacordes.com\/wp-content\/uploads\/2024\/08\/6o.jpg\" alt=\"\" class=\"wp-image-10172\" style=\"width:607px;height:auto\" srcset=\"https:\/\/entrenotasyacordes.com\/wp-content\/uploads\/2024\/08\/6o.jpg 768w, https:\/\/entrenotasyacordes.com\/wp-content\/uploads\/2024\/08\/6o-300x300.jpg 300w, https:\/\/entrenotasyacordes.com\/wp-content\/uploads\/2024\/08\/6o-150x150.jpg 150w, https:\/\/entrenotasyacordes.com\/wp-content\/uploads\/2024\/08\/6o-50x50.jpg 50w\" sizes=\"auto, (max-width: 768px) 100vw, 768px\" \/><\/figure>\n<\/div>\n\n\n<p>El m\u00edtico m\u00fasico estadounidense\u00a0<strong>Michale \u00a0Graves<\/strong>, responsable de reencarnar a The Misfits durante los mejores a\u00f1os de la banda,\u00a0<strong>regresa a la Argentina junto a la American Monster Band.<\/strong><br><br>El exitoso tour 2024 lo ha tenido recorriendo todo Estados Unidos en el primer semestre del a\u00f1o present\u00e1ndose con localidades agotadas en la mayor\u00eda de sus venues. El segundo semestre lo llevar\u00e1 por gran parte de Europa y Am\u00e9rica Latina donde los fan\u00e1ticos lo esperan con ansias.<br><br><strong>Luego de dos a\u00f1os<\/strong>\u00a0Michale\u00a0<strong>desembarca nuevamente en el pa\u00eds para dar un \u00fanico show\u00a0<\/strong>donde revivir\u00e1 los \u00e1lbumes \u201cAmerican Psycho\u201d y \u201cFamous Monster\u201d, en su totalidad \u00a0adem\u00e1s de incluir en el setlist composiciones propias.<br><br>La cita ser\u00e1 el<strong>\u00a0jueves 17 de octubre<\/strong>, 19hs, en\u00a0<strong>EL TEATRITO<\/strong>, Sarmiento 1672<strong>\u00a0(C.A.B.A), capacidad limitada<\/strong>. Las<strong>\u00a0entradas anticipadas<\/strong>\u00a0se encuentran a la venta por sistema\u00a0<a href=\"https:\/\/home.passline.com\/eventos.php?q=michale&amp;region=&amp;comuna=&amp;mes=&amp;pais=argentina&amp;page=1\" target=\"_blank\" rel=\"noreferrer noopener\">Passline<\/a><\/p>\n\n\n\n<p><strong>Y puntos de venta:<\/strong><\/p>\n\n\n\n<p>La Estaka (Quilmes)<br>Almac\u00e9n Mala Difusi\u00f3n (CABA)<br>Locuras (Moron)<br>Fade To Black (Bond ST)<br>Liverpool (Belgrano)<\/p>\n\n\n<div class=\"wp-block-image\">\n<figure class=\"aligncenter size-full is-resized\"><img loading=\"lazy\" decoding=\"async\" width=\"1500\" height=\"1500\" src=\"https:\/\/entrenotasyacordes.com\/wp-content\/uploads\/2024\/08\/6p.jpg\" alt=\"\" class=\"wp-image-10173\" style=\"width:607px;height:auto\" srcset=\"https:\/\/entrenotasyacordes.com\/wp-content\/uploads\/2024\/08\/6p.jpg 1500w, https:\/\/entrenotasyacordes.com\/wp-content\/uploads\/2024\/08\/6p-300x300.jpg 300w, https:\/\/entrenotasyacordes.com\/wp-content\/uploads\/2024\/08\/6p-1024x1024.jpg 1024w, https:\/\/entrenotasyacordes.com\/wp-content\/uploads\/2024\/08\/6p-150x150.jpg 150w, https:\/\/entrenotasyacordes.com\/wp-content\/uploads\/2024\/08\/6p-768x768.jpg 768w, https:\/\/entrenotasyacordes.com\/wp-content\/uploads\/2024\/08\/6p-50x50.jpg 50w\" sizes=\"auto, (max-width: 1500px) 100vw, 1500px\" \/><\/figure>\n<\/div>\n\n\n<p><strong>Acerca de Michale Graves<\/strong><\/p>\n\n\n\n<p>Michale Graves, fue el responsable de reencarnar a los m\u00edticos Misfits desde 1995 hasta el 2001, grabando los discos \u2018American Psycho\u2019 (1997), \u2018Famous Monsters\u2019 (1999) y \u2018Cuts From The Crypt\u2019 (2001), dando un nuevo aire a la banda, que para muchos fue su mejor \u00e9poca.<\/p>\n\n\n\n<p>\u201cAmerican Psycho\u201d fue un disco que marc\u00f3 el regreso de una de las bandas m\u00e1s influyentes no solamente del punk rock, sino que de muchas agrupaciones consagradas del metal, hardcore y el rock independiente.<\/p>\n\n\n\n<p>El artista es autor y compositor de la mayor parte del repertorio de aquellos discos, con grandes cl\u00e1sicos como \u201cDig Up Her Bones\u201d, \u201cFiend Club\u201d, \u201cScream\u201d, \u201cSaturday Night\u201d y \u201cDescending Angels\u201d, entre otros. Los que Graves espera rememorar en esta gira sudamericana.<\/p>\n\n\n\n<p>Los \u00e9xitos y el sonido de Misfits que reencarn\u00f3 y logr\u00f3 conquistar nuevas audiencias la segunda mitad de la d\u00e9cada de los 90s, podr\u00e1n ser coreados y mosheados por todos sus fans que asistir\u00e1n a las distintas fechas de esta gira.<\/p>\n","protected":false},"excerpt":{"rendered":"","protected":false},"author":5,"featured_media":10173,"comment_status":"open","ping_status":"open","sticky":false,"template":"","format":"standard","meta":{"om_disable_all_campaigns":false,"_uf_show_specific_survey":0,"_uf_disable_surveys":false,"footnotes":""},"categories":[36],"tags":[],"class_list":["post-10171","post","type-post","status-publish","format-standard","has-post-thumbnail","hentry","category-conciertos"],"_links":{"self":[{"href":"https:\/\/entrenotasyacordes.com\/index.php?rest_route=\/wp\/v2\/posts\/10171","targetHints":{"allow":["GET"]}}],"collection":[{"href":"https:\/\/entrenotasyacordes.com\/index.php?rest_route=\/wp\/v2\/posts"}],"about":[{"href":"https:\/\/entrenotasyacordes.com\/index.php?rest_route=\/wp\/v2\/types\/post"}],"author":[{"embeddable":true,"href":"https:\/\/entrenotasyacordes.com\/index.php?rest_route=\/wp\/v2\/users\/5"}],"replies":[{"embeddable":true,"href":"https:\/\/entrenotasyacordes.com\/index.php?rest_route=%2Fwp%2Fv2%2Fcomments&post=10171"}],"version-history":[{"count":1,"href":"https:\/\/entrenotasyacordes.com\/index.php?rest_route=\/wp\/v2\/posts\/10171\/revisions"}],"predecessor-version":[{"id":10174,"href":"https:\/\/entrenotasyacordes.com\/index.php?rest_route=\/wp\/v2\/posts\/10171\/revisions\/10174"}],"wp:featuredmedia":[{"embeddable":true,"href":"https:\/\/entrenotasyacordes.com\/index.php?rest_route=\/wp\/v2\/media\/10173"}],"wp:attachment":[{"href":"https:\/\/entrenotasyacordes.com\/index.php?rest_route=%2Fwp%2Fv2%2Fmedia&parent=10171"}],"wp:term":[{"taxonomy":"category","embeddable":true,"href":"https:\/\/entrenotasyacordes.com\/index.php?rest_route=%2Fwp%2Fv2%2Fcategories&post=10171"},{"taxonomy":"post_tag","embeddable":true,"href":"https:\/\/entrenotasyacordes.com\/index.php?rest_route=%2Fwp%2Fv2%2Ftags&post=10171"}],"curies":[{"name":"wp","href":"https:\/\/api.w.org\/{rel}","templated":true}]}}