{"id":10175,"date":"2024-08-02T09:42:37","date_gmt":"2024-08-02T09:42:37","guid":{"rendered":"https:\/\/entrenotasyacordes.com\/?p=10175"},"modified":"2024-08-14T21:10:47","modified_gmt":"2024-08-14T21:10:47","slug":"ilenia-presenta-su-primer-album-el-refugio","status":"publish","type":"post","link":"https:\/\/entrenotasyacordes.com\/?p=10175","title":{"rendered":"ILENIA PRESENTA SU PRIMER \u00c1LBUM \u00abEL REFUGIO\u00bb"},"content":{"rendered":"\n<!--more-->\n\n\n<div class=\"wp-block-image\">\n<figure class=\"aligncenter size-full is-resized\"><img loading=\"lazy\" decoding=\"async\" width=\"828\" height=\"1241\" src=\"https:\/\/entrenotasyacordes.com\/wp-content\/uploads\/2024\/08\/6q.jpeg\" alt=\"\" class=\"wp-image-10177\" style=\"width:607px;height:auto\" srcset=\"https:\/\/entrenotasyacordes.com\/wp-content\/uploads\/2024\/08\/6q.jpeg 828w, https:\/\/entrenotasyacordes.com\/wp-content\/uploads\/2024\/08\/6q-200x300.jpeg 200w, https:\/\/entrenotasyacordes.com\/wp-content\/uploads\/2024\/08\/6q-683x1024.jpeg 683w, https:\/\/entrenotasyacordes.com\/wp-content\/uploads\/2024\/08\/6q-768x1151.jpeg 768w\" sizes=\"auto, (max-width: 828px) 100vw, 828px\" \/><\/figure>\n<\/div>\n\n\n<figure class=\"wp-block-embed is-type-video is-provider-youtube wp-block-embed-youtube wp-embed-aspect-16-9 wp-has-aspect-ratio\"><div class=\"wp-block-embed__wrapper\">\n<iframe loading=\"lazy\" title=\"Afuera de mi - ILENIA\" width=\"640\" height=\"360\" src=\"https:\/\/www.youtube.com\/embed\/1qaP0b8j6C0?feature=oembed\" frameborder=\"0\" allow=\"accelerometer; autoplay; clipboard-write; encrypted-media; gyroscope; picture-in-picture; web-share\" referrerpolicy=\"strict-origin-when-cross-origin\" allowfullscreen><\/iframe>\n<\/div><\/figure>\n\n\n\n<p class=\"has-text-align-left\">Se trata de una artista argentina, que vivi\u00f3 desde los 6 hasta los 28 a\u00f1os en nuestro pa\u00eds, y solo un a\u00f1o en Uruguay. Sus padres nacieron en Montevideo, Uruguay) e italiana, pa\u00eds en donde naci\u00f3 y vivi\u00f3 hasta los 6 a\u00f1os. Esta hibridaci\u00f3n, dada por las m\u00faltiples identidades que coexisten, marc\u00f3 su m\u00fasica.<\/p>\n\n\n\n<p>Desde 2020, present\u00f3 su material en diferentes ciudades y pa\u00edses. En Argentina,&nbsp; Uruguay e Italia (La Paz Arriba, 911 centro cultural, Buena Vista Social Club, Mucho Bueno Cabo Polonio, Cortile Caf\u00e9), abri\u00f3 el show de Alejandro Balbis y de Luc\u00eda Ferreira.&nbsp;<\/p>\n\n\n\n<p>En 2020 fue seleccionada para hacer una residencia art\u00edstica en Cabo Polonio, para desarrollar su proyecto musical.&nbsp;<\/p>\n\n\n\n<p>Entre 2021 y 2023 estudi\u00f3 canto con Nora Faiman (Lidia Borda, Liliana Herrero, Micaela Vita) y desde 2023 est\u00e1 realizando la formaci\u00f3n ofrecida por NEMPLA (Nueva escuela de m\u00fasica popular latinoamericana:&nbsp;<a href=\"https:\/\/nempla.com\/\" rel=\"noreferrer noopener\" target=\"_blank\">https:\/\/nempla.com\/<\/a>).&nbsp;<\/p>\n\n\n\n<p>Desde 2012, fue estudiando distintos instrumentos de cuerda como guitarra (aun contin\u00faa), charango con Adriana Lubiz, y que toc\u00f3 como parte de una banda, y se acerc\u00f3 al piano de manera autodidacta, como a la m\u00fasica en general.<\/p>\n\n\n\n<p class=\"has-text-align-left\">En 2014 comenz\u00f3 a componer mis propias canciones y el 18 de junio de 2024 sali\u00f3 su primer disco, con diez temas propios, que grab\u00f3 en Buenos Aires entre 2022 y 2023 de manera autogestionada y autofinanciada. La escena musical feminista con la que creci\u00f3 y se desarroll\u00f3 musicalmente en Buenos Aires la marc\u00f3 profundamente.&nbsp;<\/p>\n\n\n\n<p class=\"has-text-align-left\"><strong>SOBRE EL REFUGIO (por Ilenia)<\/strong><\/p>\n\n\n\n<p>\u00abEl Refugio\u00bb, son diez canciones propias.&nbsp;<\/p>\n\n\n\n<p>Yo canto y toco la guitarra.&nbsp;<\/p>\n\n\n\n<p>Trabaj\u00e9 con sesionistas de alto vuelo: Pedro Bulgakov en bater\u00eda (Emilia, Lucy Patan\u00e9, Juan Ingaramo). Lu Mart\u00ednez en bajos (Las Taradas) y en cinco canciones -mitad del disco- Luciana Torfano con primeras guitarras (Marilina Bertodi, Rosario Ortega).<\/p>\n\n\n\n<p>Laura V\u00e1zquez (Fito P\u00e1ez, Nacha Guevara) en piano.&nbsp;<\/p>\n\n\n\n<p>Fue mezclado por Fernando Taverna (Lisandro Aristimu\u00f1o, Diego Frenkel) y masterizado por Natalia Perelman (directora de CIAM tecn\u00f3polis y fundadora de la Red Multisonora)<\/p>\n\n\n\n<p>La producci\u00f3n fue de Nahuel Palladino (Silvina Moreno)&nbsp;<\/p>\n\n\n\n<p>El arte de tapa del disco y las fotos son de Guadalupe Aguiar (@lupechang) y el make up de Soy la Kuma (@milookespoder)&nbsp;<\/p>\n\n\n\n<p>Todos los instrumentos que suenan son personas reales y lo mismo con la voz, busqu\u00e9 lograr siempre algo org\u00e1nico y \u00abnatural\u00bb.&nbsp;<\/p>\n\n\n\n<p>El disco fue un proyecto pol\u00edtico y no s\u00f3lo art\u00edstico, ya que lo hice en condiciones que consider\u00e9 feministas, creo que el arte no s\u00f3lo es pol\u00edtico por el mensaje que transmite (en este caso, por ejemplo, la letra de una canci\u00f3n) sino tambi\u00e9n por las condiciones en que se produce. Por eso me propuse formar un equipo en el que las mujeres fueran mayor\u00eda y, al mismo tiempo, intent\u00e9 que los espacios ocupados por mujeres fueran puestos de poder o de toma de decisiones dentro del proceso art\u00edstico.&nbsp;<\/p>\n\n\n\n<p>En este sentido, yo tuve la direcci\u00f3n del proyecto mientras que el 70% de las personas que participaron en las diferentes etapas (preproducci\u00f3n, m\u00fasicos de sesi\u00f3n, masterizaci\u00f3n, arte de tapa, maquillaje) eran mujeres y disidentes.&nbsp;<\/p>\n\n\n\n<p>Durante mis a\u00f1os como m\u00fasica fui testigo de la forma en que la desigualdad de g\u00e9nero tambi\u00e9n se reproduc\u00eda dentro del \u00e1mbito musical y, en este sentido, mi objetivo era producir un \u00e1lbum que revirtiera estas l\u00f3gicas recurrentes dentro de la industria musical.&nbsp;<\/p>\n\n\n\n<p>Por otro lado, el \u00e1lbum est\u00e1 concebido como una obra conceptual, lo que se refleja tanto en la portada del disco como en el orden de escucha de las canciones que propongo.&nbsp;<\/p>\n\n\n\n<p>Este disco, adem\u00e1s de ser el producto de mucho tiempo y trabajo, refleja qui\u00e9n soy cuando no hago m\u00fasica, una historiadora especializada en g\u00e9nero.&nbsp;<\/p>\n\n\n\n<p>En los 36 minutos de duraci\u00f3n del \u00e1lbum aparece la reflexi\u00f3n sobre la historia en \u00abLa Memoria\u00bb (que sali\u00f3 como primer single) o en \u00abAfuera de m\u00ed\u00bb (que es la canci\u00f3n que abre el disco y es bastante particular porque tiene un sampleo de una persona narrando c\u00f3mo era la vida en los conventillos, y en t\u00e9rminos de \u00abg\u00e9nero\u00bb fusiona candombe con rock y es la canci\u00f3n de la que saldr\u00e1 el videoclip).<\/p>\n\n\n\n<p>&nbsp;\u00abA trav\u00e9s de nuestros ojos\u00bb es una canci\u00f3n que narra el cambio subjetivo que signific\u00f3 para las mujeres encontrarnos a partir del Ni una Menos hasta llegar a la conquista del aborto en 2020.<\/p>\n\n\n\n<p>Tambi\u00e9n la reflexi\u00f3n feminista sobre el amor:&nbsp; en \u201cAnimal\u201d o en \u00abLa Habana y Gavil\u00e1n\u00bb que es una balada a piano y voz que cierra el disco.<\/p>\n\n\n\n<p>Hay una canci\u00f3n que tiene charango (\u201cEl p\u00e1jaro\u201d) y la impronta del folclore se siente no solo por la incorporaci\u00f3n del instrumento que estudi\u00e9 algunos a\u00f1os, sino en la fusi\u00f3n de muchos ritmos (como mencionaba el candombe, pero tambi\u00e9n la zamba y la chacarera que entran de forma no convencional)<\/p>\n\n\n\n<p>Creo que es bastante particular como proyecto y busqu\u00e9 siempre darle mi impronta.&nbsp;<\/p>\n\n\n\n<p>Hay algunas referentes que me inspiran y tambi\u00e9n creo que en t\u00e9rminos de p\u00fablico al que quisiera llegar te puede orientar que te las nombre: Marilina Bertoldi, Noelia Recalde, Melanie Williams, Luc\u00eda Ferreira, Lucy Patan\u00e9.&nbsp;<\/p>\n\n\n\n<p class=\"has-text-align-left\">Pienso que a las personas que escuchan las bandas del sello Goza Records o que sean consumidoras de&nbsp; Futurock en general podr\u00edan querer escuchar el disco\u00bb.<\/p>\n","protected":false},"excerpt":{"rendered":"","protected":false},"author":5,"featured_media":10177,"comment_status":"open","ping_status":"open","sticky":false,"template":"","format":"standard","meta":{"om_disable_all_campaigns":false,"_uf_show_specific_survey":0,"_uf_disable_surveys":false,"footnotes":""},"categories":[4],"tags":[],"class_list":["post-10175","post","type-post","status-publish","format-standard","has-post-thumbnail","hentry","category-musica"],"_links":{"self":[{"href":"https:\/\/entrenotasyacordes.com\/index.php?rest_route=\/wp\/v2\/posts\/10175","targetHints":{"allow":["GET"]}}],"collection":[{"href":"https:\/\/entrenotasyacordes.com\/index.php?rest_route=\/wp\/v2\/posts"}],"about":[{"href":"https:\/\/entrenotasyacordes.com\/index.php?rest_route=\/wp\/v2\/types\/post"}],"author":[{"embeddable":true,"href":"https:\/\/entrenotasyacordes.com\/index.php?rest_route=\/wp\/v2\/users\/5"}],"replies":[{"embeddable":true,"href":"https:\/\/entrenotasyacordes.com\/index.php?rest_route=%2Fwp%2Fv2%2Fcomments&post=10175"}],"version-history":[{"count":2,"href":"https:\/\/entrenotasyacordes.com\/index.php?rest_route=\/wp\/v2\/posts\/10175\/revisions"}],"predecessor-version":[{"id":10507,"href":"https:\/\/entrenotasyacordes.com\/index.php?rest_route=\/wp\/v2\/posts\/10175\/revisions\/10507"}],"wp:featuredmedia":[{"embeddable":true,"href":"https:\/\/entrenotasyacordes.com\/index.php?rest_route=\/wp\/v2\/media\/10177"}],"wp:attachment":[{"href":"https:\/\/entrenotasyacordes.com\/index.php?rest_route=%2Fwp%2Fv2%2Fmedia&parent=10175"}],"wp:term":[{"taxonomy":"category","embeddable":true,"href":"https:\/\/entrenotasyacordes.com\/index.php?rest_route=%2Fwp%2Fv2%2Fcategories&post=10175"},{"taxonomy":"post_tag","embeddable":true,"href":"https:\/\/entrenotasyacordes.com\/index.php?rest_route=%2Fwp%2Fv2%2Ftags&post=10175"}],"curies":[{"name":"wp","href":"https:\/\/api.w.org\/{rel}","templated":true}]}}