{"id":10176,"date":"2024-08-02T10:01:19","date_gmt":"2024-08-02T10:01:19","guid":{"rendered":"https:\/\/entrenotasyacordes.com\/?p=10176"},"modified":"2024-08-02T10:01:20","modified_gmt":"2024-08-02T10:01:20","slug":"dj-tao-regresa-con-sus-turreo-sessions-junto-al-exito-chileno-jairo-vera","status":"publish","type":"post","link":"https:\/\/entrenotasyacordes.com\/?p=10176","title":{"rendered":"DJ TAO regresa con sus Turreo Sessions junto al \u00e9xito chileno Jairo Vera"},"content":{"rendered":"\n<!--more-->\n\n\n<div class=\"wp-block-image\">\n<figure class=\"aligncenter size-full is-resized\"><img loading=\"lazy\" decoding=\"async\" width=\"2560\" height=\"2560\" src=\"https:\/\/entrenotasyacordes.com\/wp-content\/uploads\/2024\/08\/PORTADA-3000-X-3000-scaled.jpg\" alt=\"\" class=\"wp-image-10183\" style=\"width:607px;height:auto\" srcset=\"https:\/\/entrenotasyacordes.com\/wp-content\/uploads\/2024\/08\/PORTADA-3000-X-3000-scaled.jpg 2560w, https:\/\/entrenotasyacordes.com\/wp-content\/uploads\/2024\/08\/PORTADA-3000-X-3000-300x300.jpg 300w, https:\/\/entrenotasyacordes.com\/wp-content\/uploads\/2024\/08\/PORTADA-3000-X-3000-1024x1024.jpg 1024w, https:\/\/entrenotasyacordes.com\/wp-content\/uploads\/2024\/08\/PORTADA-3000-X-3000-150x150.jpg 150w, https:\/\/entrenotasyacordes.com\/wp-content\/uploads\/2024\/08\/PORTADA-3000-X-3000-768x768.jpg 768w, https:\/\/entrenotasyacordes.com\/wp-content\/uploads\/2024\/08\/PORTADA-3000-X-3000-1536x1536.jpg 1536w, https:\/\/entrenotasyacordes.com\/wp-content\/uploads\/2024\/08\/PORTADA-3000-X-3000-2048x2048.jpg 2048w, https:\/\/entrenotasyacordes.com\/wp-content\/uploads\/2024\/08\/PORTADA-3000-X-3000-50x50.jpg 50w\" sizes=\"auto, (max-width: 2560px) 100vw, 2560px\" \/><\/figure>\n<\/div>\n\n\n<p class=\"has-text-align-left\"><img loading=\"lazy\" decoding=\"async\" width=\"10\" height=\"11\" src=\"\"><strong>DJ TAO <\/strong>regresa con sus Turreo Session y para su edici\u00f3n n\u00famero 25 llega una colaboraci\u00f3n trasandina junto a Jairo Vera. Disponible en todas las plataformas a partir de este <strong>jueves 01 de agosto a las 19.00hs.<\/strong><\/p>\n\n\n\n<p class=\"has-text-align-left\">En esta ocasi\u00f3n el dj y productor argentino ha sido muy astuto a la hora de elegir a sus invitados para sus Turreo Session, sorprendiendo cada vez m\u00e1s con sus beats y colaboraciones. Para esta sesi\u00f3n n\u00famero 25 eligi\u00f3 un artista chileno que poco a poco viene instal\u00e1ndose en nuestro pa\u00eds.<\/p>\n\n\n\n<p class=\"has-text-align-left\"><strong>Jairo Vera <\/strong>viene siendo un \u00e9xito en la escena chilena siendo conocido como el \u201crey del mambo\u201d, no obstante ha demostrado su gran capacidad a la hora de adaptarse a nuevos g\u00e9neros. En esta ocasi\u00f3n se junta con el rey del turreo argentino y logra traer su \ufb02ow chileno al auto m\u00e1s ic\u00f3nico del turreo.<\/p>\n\n\n\n<p class=\"has-text-align-left\"><strong>DJ TAO <\/strong>viene de colaborar con <strong>Perro Primo, Flor Alvarez <\/strong>y <strong>ROZE <\/strong>en sus \u00faltimas Turreo Session. Todas han tenido un gran impacto y recibimiento por parte de sus fans. No hay dudas que en esta ocasi\u00f3n el fandom chileno se har\u00e1 notar en este nuevo lanzamiento.<\/p>\n","protected":false},"excerpt":{"rendered":"","protected":false},"author":5,"featured_media":10183,"comment_status":"open","ping_status":"open","sticky":false,"template":"","format":"standard","meta":{"om_disable_all_campaigns":false,"_uf_show_specific_survey":0,"_uf_disable_surveys":false,"footnotes":""},"categories":[4],"tags":[],"class_list":["post-10176","post","type-post","status-publish","format-standard","has-post-thumbnail","hentry","category-musica"],"_links":{"self":[{"href":"https:\/\/entrenotasyacordes.com\/index.php?rest_route=\/wp\/v2\/posts\/10176","targetHints":{"allow":["GET"]}}],"collection":[{"href":"https:\/\/entrenotasyacordes.com\/index.php?rest_route=\/wp\/v2\/posts"}],"about":[{"href":"https:\/\/entrenotasyacordes.com\/index.php?rest_route=\/wp\/v2\/types\/post"}],"author":[{"embeddable":true,"href":"https:\/\/entrenotasyacordes.com\/index.php?rest_route=\/wp\/v2\/users\/5"}],"replies":[{"embeddable":true,"href":"https:\/\/entrenotasyacordes.com\/index.php?rest_route=%2Fwp%2Fv2%2Fcomments&post=10176"}],"version-history":[{"count":1,"href":"https:\/\/entrenotasyacordes.com\/index.php?rest_route=\/wp\/v2\/posts\/10176\/revisions"}],"predecessor-version":[{"id":10184,"href":"https:\/\/entrenotasyacordes.com\/index.php?rest_route=\/wp\/v2\/posts\/10176\/revisions\/10184"}],"wp:featuredmedia":[{"embeddable":true,"href":"https:\/\/entrenotasyacordes.com\/index.php?rest_route=\/wp\/v2\/media\/10183"}],"wp:attachment":[{"href":"https:\/\/entrenotasyacordes.com\/index.php?rest_route=%2Fwp%2Fv2%2Fmedia&parent=10176"}],"wp:term":[{"taxonomy":"category","embeddable":true,"href":"https:\/\/entrenotasyacordes.com\/index.php?rest_route=%2Fwp%2Fv2%2Fcategories&post=10176"},{"taxonomy":"post_tag","embeddable":true,"href":"https:\/\/entrenotasyacordes.com\/index.php?rest_route=%2Fwp%2Fv2%2Ftags&post=10176"}],"curies":[{"name":"wp","href":"https:\/\/api.w.org\/{rel}","templated":true}]}}