{"id":10179,"date":"2024-08-02T09:54:59","date_gmt":"2024-08-02T09:54:59","guid":{"rendered":"https:\/\/entrenotasyacordes.com\/?p=10179"},"modified":"2024-08-02T09:55:01","modified_gmt":"2024-08-02T09:55:01","slug":"andres-koi-llega-a-la-argentina-para-presentar-su-primer-album-solista-aijag-26-de-octubre-la-trastienda","status":"publish","type":"post","link":"https:\/\/entrenotasyacordes.com\/?p=10179","title":{"rendered":"ANDR\u00c9S KOI LLEGA A LA ARGENTINA PARA PRESENTAR SU PRIMER \u00c1LBUM SOLISTA \u201cAIJAG\u201d: 26 DE OCTUBRE | LA TRASTIENDA"},"content":{"rendered":"\n<!--more-->\n\n\n<div class=\"wp-block-image\">\n<figure class=\"aligncenter size-full is-resized\"><img loading=\"lazy\" decoding=\"async\" width=\"600\" height=\"600\" src=\"https:\/\/entrenotasyacordes.com\/wp-content\/uploads\/2024\/08\/7a.jpeg\" alt=\"\" class=\"wp-image-10180\" style=\"width:607px;height:auto\" srcset=\"https:\/\/entrenotasyacordes.com\/wp-content\/uploads\/2024\/08\/7a.jpeg 600w, https:\/\/entrenotasyacordes.com\/wp-content\/uploads\/2024\/08\/7a-300x300.jpeg 300w, https:\/\/entrenotasyacordes.com\/wp-content\/uploads\/2024\/08\/7a-150x150.jpeg 150w, https:\/\/entrenotasyacordes.com\/wp-content\/uploads\/2024\/08\/7a-50x50.jpeg 50w\" sizes=\"auto, (max-width: 600px) 100vw, 600px\" \/><\/figure>\n<\/div>\n\n\n<p><em><strong>Luego de m\u00e1s de 10 a\u00f1os como vocalista de Dvicio, Andr\u00e9s Koi llega a nuestro pa\u00eds con su proyecto solista.<\/strong><\/em><\/p>\n\n\n\n<p>El artista madrile\u00f1o de 31 a\u00f1os se reinicia tras haber liderado a la exitosa banda espa\u00f1ola, y con su primer disco&nbsp;<a href=\"https:\/\/aafop.r.a.d.sendibm1.com\/mk\/cl\/f\/sh\/6rqJfgq8dIR6TEPeFhTRTaFUNN7\/M-E7D7dkG9vt\" target=\"_blank\" rel=\"noreferrer noopener\"><u>\u201cAIJAG\u201d<\/u><\/a>&nbsp;recientemente presentado,&nbsp;<strong>Andr\u00e9s<\/strong>&nbsp;llega por primera vez a la Argentina para presentarse este&nbsp;<strong>26 de Octubre&nbsp;<\/strong>en&nbsp;<strong>La Trastienda.<\/strong><\/p>\n\n\n\n<p>Bajo las siglas&nbsp;&nbsp;<a href=\"https:\/\/aafop.r.a.d.sendibm1.com\/mk\/cl\/f\/sh\/6rqJfgq8dISlVghnk0szPBNQ0g9\/yiehqDHUCdmR\" target=\"_blank\" rel=\"noreferrer noopener\"><u>\u201cAIJAG\u201d<\/u>,<\/a>&nbsp;se esconde el lema&nbsp;<em><strong>Andr\u00e9s It\u00b4s Just a Game<\/strong><\/em>. Y en efecto el ex de DVICIO se lo toma como si de un juego se tratase, aunque el resultado sea una cosa verdaderamente seria. A lo largo de sus 13 canciones, entre ellas \u201c<em>El\u00e9ctrico\u201d&nbsp;<\/em>llamado a convertirse en su mascar\u00f3n de proa, el madrile\u00f1o confirma su evoluci\u00f3n hacia un sonido de alcance internacional e ingresa directamente en la \u00e9lite de la m\u00fasica hecha en Espa\u00f1a.<\/p>\n\n\n\n<p>Producido por el galardonado con m\u00faltiples Grammys, Navi, la elegancia y un toque cosmopolita definen el nuevo camino sonoro de&nbsp;<strong>Andr\u00e9s Koi<\/strong>. Andr\u00e9s juega, corre, pinta, se suelta y se siente libre, en una emancipaci\u00f3n estil\u00edstica que avanza nueva y prometedora. Basada en las esencias de su propio estilo y en la armon\u00eda con el mundo, para transmitir una profunda sensaci\u00f3n de libertad.<\/p>\n\n\n\n<p>El color impregna la portada y el arte de AIJAG, en l\u00ednea con ese v\u00ednculo con la infancia que el artista imprime a su proyecto. Desde un punto de vista muy personal, con un<strong>&nbsp;<\/strong>craft realizado por el propio<strong>&nbsp;Andr\u00e9s<\/strong>. Todas esas sensaciones se manifiestan en la parte audiovisual del show, un reflejo de lo que el fan vive y siente desde Buffet, su primer tema, hasta presenciar su espect\u00e1culo y tener AIJAG entres sus manos<\/p>\n\n\n\n<p>El reinicio art\u00edstico<strong>&nbsp;<\/strong>definitivo del ex DVICIO es un tremendo disco de pop fresco y desenfadado, creado desde la armon\u00eda con el mundo que ahora rige su proceso creativo, con melod\u00edas deslumbrantes y estribillos espectaculares.&nbsp;<\/p>\n\n\n<div class=\"wp-block-image\">\n<figure class=\"aligncenter size-full is-resized\"><img loading=\"lazy\" decoding=\"async\" width=\"600\" height=\"402\" src=\"https:\/\/entrenotasyacordes.com\/wp-content\/uploads\/2024\/08\/7aa.jpeg\" alt=\"\" class=\"wp-image-10181\" style=\"width:607px;height:auto\" srcset=\"https:\/\/entrenotasyacordes.com\/wp-content\/uploads\/2024\/08\/7aa.jpeg 600w, https:\/\/entrenotasyacordes.com\/wp-content\/uploads\/2024\/08\/7aa-300x200.jpeg 300w\" sizes=\"auto, (max-width: 600px) 100vw, 600px\" \/><\/figure>\n<\/div>\n\n\n<p>De padre argentino y madre brasile\u00f1a,&nbsp;<strong>Andr\u00e9s&nbsp;<\/strong>obtiene esos or\u00edgenes inmigrantes a los que hace honor en su nombre KOI (Kid Of Immigrants), e inspirado en el mundo de la m\u00fasica desde muy peque\u00f1o gracias a su abuela materna que le ense\u00f1\u00f3 el amor al piano.<\/p>\n\n\n\n<p>En su adolescencia vivi\u00f3 unos a\u00f1os en Londres y tras eso unos a\u00f1os en CDMX donde tras cantar en barcitos consigui\u00f3 grabar su primer \u00e1lbum. El resto es ya historia de la m\u00fasica pop en espa\u00f1ol.<\/p>\n","protected":false},"excerpt":{"rendered":"","protected":false},"author":5,"featured_media":10180,"comment_status":"open","ping_status":"open","sticky":false,"template":"","format":"standard","meta":{"om_disable_all_campaigns":false,"_uf_show_specific_survey":0,"_uf_disable_surveys":false,"footnotes":""},"categories":[36],"tags":[],"class_list":["post-10179","post","type-post","status-publish","format-standard","has-post-thumbnail","hentry","category-conciertos"],"_links":{"self":[{"href":"https:\/\/entrenotasyacordes.com\/index.php?rest_route=\/wp\/v2\/posts\/10179","targetHints":{"allow":["GET"]}}],"collection":[{"href":"https:\/\/entrenotasyacordes.com\/index.php?rest_route=\/wp\/v2\/posts"}],"about":[{"href":"https:\/\/entrenotasyacordes.com\/index.php?rest_route=\/wp\/v2\/types\/post"}],"author":[{"embeddable":true,"href":"https:\/\/entrenotasyacordes.com\/index.php?rest_route=\/wp\/v2\/users\/5"}],"replies":[{"embeddable":true,"href":"https:\/\/entrenotasyacordes.com\/index.php?rest_route=%2Fwp%2Fv2%2Fcomments&post=10179"}],"version-history":[{"count":1,"href":"https:\/\/entrenotasyacordes.com\/index.php?rest_route=\/wp\/v2\/posts\/10179\/revisions"}],"predecessor-version":[{"id":10182,"href":"https:\/\/entrenotasyacordes.com\/index.php?rest_route=\/wp\/v2\/posts\/10179\/revisions\/10182"}],"wp:featuredmedia":[{"embeddable":true,"href":"https:\/\/entrenotasyacordes.com\/index.php?rest_route=\/wp\/v2\/media\/10180"}],"wp:attachment":[{"href":"https:\/\/entrenotasyacordes.com\/index.php?rest_route=%2Fwp%2Fv2%2Fmedia&parent=10179"}],"wp:term":[{"taxonomy":"category","embeddable":true,"href":"https:\/\/entrenotasyacordes.com\/index.php?rest_route=%2Fwp%2Fv2%2Fcategories&post=10179"},{"taxonomy":"post_tag","embeddable":true,"href":"https:\/\/entrenotasyacordes.com\/index.php?rest_route=%2Fwp%2Fv2%2Ftags&post=10179"}],"curies":[{"name":"wp","href":"https:\/\/api.w.org\/{rel}","templated":true}]}}