{"id":10185,"date":"2024-08-02T10:05:25","date_gmt":"2024-08-02T10:05:25","guid":{"rendered":"https:\/\/entrenotasyacordes.com\/?p=10185"},"modified":"2024-08-02T10:05:27","modified_gmt":"2024-08-02T10:05:27","slug":"peipper-llega-con-su-nuevo-single-la-pelicula","status":"publish","type":"post","link":"https:\/\/entrenotasyacordes.com\/?p=10185","title":{"rendered":"Peipper llega con su nuevo single \u00abLa Pel\u00edcula\u00bb"},"content":{"rendered":"\n<!--more-->\n\n\n<div class=\"wp-block-image\">\n<figure class=\"aligncenter size-full is-resized\"><img loading=\"lazy\" decoding=\"async\" width=\"2560\" height=\"2560\" src=\"https:\/\/entrenotasyacordes.com\/wp-content\/uploads\/2024\/08\/Cover-LA-PELICULA-scaled.jpg\" alt=\"\" class=\"wp-image-10186\" style=\"width:607px;height:auto\" srcset=\"https:\/\/entrenotasyacordes.com\/wp-content\/uploads\/2024\/08\/Cover-LA-PELICULA-scaled.jpg 2560w, https:\/\/entrenotasyacordes.com\/wp-content\/uploads\/2024\/08\/Cover-LA-PELICULA-300x300.jpg 300w, https:\/\/entrenotasyacordes.com\/wp-content\/uploads\/2024\/08\/Cover-LA-PELICULA-1024x1024.jpg 1024w, https:\/\/entrenotasyacordes.com\/wp-content\/uploads\/2024\/08\/Cover-LA-PELICULA-150x150.jpg 150w, https:\/\/entrenotasyacordes.com\/wp-content\/uploads\/2024\/08\/Cover-LA-PELICULA-768x768.jpg 768w, https:\/\/entrenotasyacordes.com\/wp-content\/uploads\/2024\/08\/Cover-LA-PELICULA-1536x1536.jpg 1536w, https:\/\/entrenotasyacordes.com\/wp-content\/uploads\/2024\/08\/Cover-LA-PELICULA-2048x2048.jpg 2048w, https:\/\/entrenotasyacordes.com\/wp-content\/uploads\/2024\/08\/Cover-LA-PELICULA-50x50.jpg 50w\" sizes=\"auto, (max-width: 2560px) 100vw, 2560px\" \/><\/figure>\n<\/div>\n\n\n<p class=\"has-text-align-left\"><strong>Peipper<\/strong><strong> <\/strong>presenta su nuevo lanzamiento \u201c<strong>La<\/strong><strong> <\/strong><strong>Pel\u00edcula\u201d<\/strong>. Disponible en todas las plataformas a partir del <strong>jueves<\/strong><strong> <\/strong><strong>01<\/strong><strong> <\/strong><strong>de<\/strong><strong> <\/strong><strong>agosto<\/strong><strong> <\/strong><strong>a<\/strong><strong> <\/strong><strong>las<\/strong><strong> <\/strong><strong>19.00hs.<\/strong><strong><\/strong><\/p>\n\n\n\n<p>El artista argentino vuelve a lo que mejor sabe hacer, las cumbias rom\u00e1nticas que se mezclan con baladas. Producida por Agus Suarez quien se encarg\u00f3 una vez m\u00e1s de que este nuevo single haciendo que Peipper se destaque en cada verso.<\/p>\n\n\n\n<p class=\"has-text-align-left\"><strong>La Pel\u00edcula <\/strong>llega con videoclip incluido dirigido por <strong>Tomas Redote<\/strong>. En el mismo se lo ve a <strong>Peipper <\/strong>cantando frente a una chica y en diferentes escenarios donde lo que lo caracteriza son sus prendas de colores vibrantes.<\/p>\n\n\n\n<p class=\"has-text-align-left\"><strong>Peipper <\/strong>es uno de uno de los principales referentes de la cumbia y el turreo argentino. De a poco ha llamado la atenci\u00f3n de artistas nacionales como Callejero Fino y La Joaqui, as\u00ed como tambi\u00e9n como talentos internacionales como Yng Lvcas y Jairo Vera.<\/p>\n","protected":false},"excerpt":{"rendered":"","protected":false},"author":5,"featured_media":10186,"comment_status":"open","ping_status":"open","sticky":false,"template":"","format":"standard","meta":{"om_disable_all_campaigns":false,"_uf_show_specific_survey":0,"_uf_disable_surveys":false,"footnotes":""},"categories":[4],"tags":[],"class_list":["post-10185","post","type-post","status-publish","format-standard","has-post-thumbnail","hentry","category-musica"],"_links":{"self":[{"href":"https:\/\/entrenotasyacordes.com\/index.php?rest_route=\/wp\/v2\/posts\/10185","targetHints":{"allow":["GET"]}}],"collection":[{"href":"https:\/\/entrenotasyacordes.com\/index.php?rest_route=\/wp\/v2\/posts"}],"about":[{"href":"https:\/\/entrenotasyacordes.com\/index.php?rest_route=\/wp\/v2\/types\/post"}],"author":[{"embeddable":true,"href":"https:\/\/entrenotasyacordes.com\/index.php?rest_route=\/wp\/v2\/users\/5"}],"replies":[{"embeddable":true,"href":"https:\/\/entrenotasyacordes.com\/index.php?rest_route=%2Fwp%2Fv2%2Fcomments&post=10185"}],"version-history":[{"count":1,"href":"https:\/\/entrenotasyacordes.com\/index.php?rest_route=\/wp\/v2\/posts\/10185\/revisions"}],"predecessor-version":[{"id":10187,"href":"https:\/\/entrenotasyacordes.com\/index.php?rest_route=\/wp\/v2\/posts\/10185\/revisions\/10187"}],"wp:featuredmedia":[{"embeddable":true,"href":"https:\/\/entrenotasyacordes.com\/index.php?rest_route=\/wp\/v2\/media\/10186"}],"wp:attachment":[{"href":"https:\/\/entrenotasyacordes.com\/index.php?rest_route=%2Fwp%2Fv2%2Fmedia&parent=10185"}],"wp:term":[{"taxonomy":"category","embeddable":true,"href":"https:\/\/entrenotasyacordes.com\/index.php?rest_route=%2Fwp%2Fv2%2Fcategories&post=10185"},{"taxonomy":"post_tag","embeddable":true,"href":"https:\/\/entrenotasyacordes.com\/index.php?rest_route=%2Fwp%2Fv2%2Ftags&post=10185"}],"curies":[{"name":"wp","href":"https:\/\/api.w.org\/{rel}","templated":true}]}}