{"id":10188,"date":"2024-08-02T11:05:02","date_gmt":"2024-08-02T11:05:02","guid":{"rendered":"https:\/\/entrenotasyacordes.com\/?p=10188"},"modified":"2024-08-02T11:05:05","modified_gmt":"2024-08-02T11:05:05","slug":"justin-quiles-lanza-su-nuevo-album-permanente","status":"publish","type":"post","link":"https:\/\/entrenotasyacordes.com\/?p=10188","title":{"rendered":"JUSTIN QUILES LANZA SU NUEVO \u00c1LBUM PERMANENTE"},"content":{"rendered":"\n<!--more-->\n\n\n<div class=\"wp-block-image\">\n<figure class=\"aligncenter size-full is-resized\"><img loading=\"lazy\" decoding=\"async\" width=\"1298\" height=\"1302\" src=\"https:\/\/entrenotasyacordes.com\/wp-content\/uploads\/2024\/08\/Portada-Permanente.png\" alt=\"\" class=\"wp-image-10189\" style=\"width:607px;height:auto\" srcset=\"https:\/\/entrenotasyacordes.com\/wp-content\/uploads\/2024\/08\/Portada-Permanente.png 1298w, https:\/\/entrenotasyacordes.com\/wp-content\/uploads\/2024\/08\/Portada-Permanente-300x300.png 300w, https:\/\/entrenotasyacordes.com\/wp-content\/uploads\/2024\/08\/Portada-Permanente-1021x1024.png 1021w, https:\/\/entrenotasyacordes.com\/wp-content\/uploads\/2024\/08\/Portada-Permanente-150x150.png 150w, https:\/\/entrenotasyacordes.com\/wp-content\/uploads\/2024\/08\/Portada-Permanente-768x770.png 768w, https:\/\/entrenotasyacordes.com\/wp-content\/uploads\/2024\/08\/Portada-Permanente-1024x1027.png 1024w, https:\/\/entrenotasyacordes.com\/wp-content\/uploads\/2024\/08\/Portada-Permanente-50x50.png 50w\" sizes=\"auto, (max-width: 1298px) 100vw, 1298px\" \/><\/figure>\n<\/div>\n\n\n<p class=\"has-text-align-center\"><strong><em>\u201cTu Ropa\u201d Es El Sencillo Central De Este \u00c1lbum Que Refleja Su Influencia Duradera En La M\u00fasica Urbana<\/em><\/strong><\/p>\n\n\n\n<p class=\"has-text-align-left\"><strong>Justin Quiles<\/strong>, el artista y compositor de ascendencia puertorrique\u00f1a, celebra hoy el lanzamiento de su cuarto \u00e1lbum de estudio, <strong><em>Permanente<\/em><\/strong>. Con este nuevo trabajo, <strong>Quiles <\/strong>reafirma su posici\u00f3n como una figura clave en la m\u00fasica urbana, consolidando una carrera llena de \u00e9xitos y marcando una nueva era en su trayectoria musical.<\/p>\n\n\n\n<p><strong><em>Permanente <\/em><\/strong>es una colecci\u00f3n de 11 temas que no solo destaca la versatilidad de <strong>Quiles <\/strong>como artista, sino tambi\u00e9n su capacidad de innovaci\u00f3n y adaptaci\u00f3n en una industria en constante evoluci\u00f3n. El t\u00edtulo del \u00e1lbum refleja su influencia en la m\u00fasica, una tem\u00e1tica que <strong>Quiles <\/strong>ha querido enfatizar desde el principio. \u201c<strong><em>El t\u00edtulo significa mi presencia perdurable en la industria musical, mostrando mi talento en sonido, letras y composici\u00f3n. Ya con 10 a\u00f1os de carrera puedo celebrar una carrera s\u00f3lida y numerosos \u00e9xitos a mi cr\u00e9dito. Con este \u00e1lbum, consolido mi posici\u00f3n como l\u00edder en esta industria y una importante figura dentro del g\u00e9nero urbano. Con Dios en adelante aqu\u00ed seguir\u00e9<\/em><\/strong>\u201d, expres\u00f3 <strong>Quiles<\/strong>.<\/p>\n\n\n\n<p class=\"has-text-align-left\">El sencillo principal del \u00e1lbum, \u00ab<strong>Tu Ropa<\/strong>\u00ab, tiene un ritmo pegajoso y letras que resuenan con la esencia de la cultura urbana. Este tema se une a los \u00e9xitos previos \u00ab<strong>Su Gato<\/strong>\u00bb y \u00ab<strong>Boom Boom<\/strong>\u00bb ft. <strong>Rawayana<\/strong>, cada uno de los cuales ha preparado el terreno para el impacto total de <strong><em>Permanente<\/em><\/strong>.<\/p>\n\n\n<div class=\"wp-block-image\">\n<figure class=\"aligncenter size-full\"><img loading=\"lazy\" decoding=\"async\" width=\"494\" height=\"665\" src=\"https:\/\/entrenotasyacordes.com\/wp-content\/uploads\/2024\/08\/image.png\" alt=\"\" class=\"wp-image-10190\" srcset=\"https:\/\/entrenotasyacordes.com\/wp-content\/uploads\/2024\/08\/image.png 494w, https:\/\/entrenotasyacordes.com\/wp-content\/uploads\/2024\/08\/image-223x300.png 223w\" sizes=\"auto, (max-width: 494px) 100vw, 494px\" \/><\/figure>\n<\/div>\n\n\n<p class=\"has-text-align-left\">El concepto del \u00e1lbum gira en torno a lo que <strong>Justin <\/strong>llama \u00ab<strong><em>cultura vand\u00e1lica<\/em><\/strong>\u00ab. Optando por una est\u00e9tica visual m\u00e1s oscura y simple, <strong>Quiles <\/strong>quiso que la m\u00fasica fuera la verdadera protagonista. <\/p>\n\n\n\n<p class=\"has-text-align-left\">\u201c<strong><em>La idea es regresar a algo m\u00e1s simple pero a\u00fan que sea algo disruptivo y diferente y que llame la atenci\u00f3n. As\u00ed es como quisiera moverme en mi carrera, sin miedo de jugar con nuevos sonidos y ense\u00f1arle a mis fans mi versatilidad<\/em><\/strong>\u201d, dijo el artista. Este enfoque se refleja claramente en las canciones del \u00e1lbum, que presentan una mezcla cruda y atrevida de sonidos, grabadas en los inspiradores paisajes de Puerto Rico y Santa Marta, Colombia.<\/p>\n\n\n\n<p class=\"has-text-align-left\"><strong>Quiles<\/strong>, conocido por su habilidad para escribir \u00e9xitos tanto para \u00e9l como para otros artistas de renombre, ha trabajado con nuevos productores en este \u00e1lbum, asegurando que cada pista sea una muestra de su evoluci\u00f3n y crecimiento como m\u00fasico. \u201c<strong><em>Como un v\u00e1ndalo, soy un rebelde con mi escritura, como podr\u00e1s escuchar en algunas de mis canciones en este \u00e1lbum. \u00a1La m\u00fasica es cruda, atrevida pero divertida! La pas\u00e9 muy alegre cre\u00e1ndolo!<\/em><\/strong>\u201d, a\u00f1adi\u00f3 <strong>Quiles<\/strong>.<\/p>\n\n\n\n<p class=\"has-text-align-left\">Con <em>Permanente<\/em>, <strong>Justin Quiles <\/strong>no s\u00f3lo celebra una d\u00e9cada de logros, sino que tambi\u00e9n establece un nuevo est\u00e1ndar en la m\u00fasica urbana, prometiendo una influencia duradera y una presencia inigualable en la industria.<\/p>\n\n\n\n<p><strong>Sobre Justin Quiles<\/strong><\/p>\n\n\n\n<p class=\"has-text-align-left\">Justin Rafael Quiles Rivera, conocido art\u00edsticamente como Justin Quiles, es un destacado m\u00fasico latino nacido en Bridgeport, Connecticut, y criado en Puerto Rico. Con una carrera que abarca m\u00e1s de una d\u00e9cada, Quiles ha escrito \u00e9xitos para artistas como Karol G, Daddy Yankee, Maluma y J Balvin. Ha sido nominado a m\u00faltiples premios Latin GRAMMY\u00ae y ha alcanzado numerosos hitos profesionales. Con m\u00e1s de 9 mil millones de reproducciones combinadas, su tercer \u00e1lbum, <em>La \u00daltima Promesa<\/em>, alcanz\u00f3 el n\u00famero 1 en varias listas. Con <em>Permanente<\/em>, Quiles se posiciona como uno de los artistas m\u00e1s influyentes de su generaci\u00f3n.<\/p>\n","protected":false},"excerpt":{"rendered":"","protected":false},"author":5,"featured_media":10189,"comment_status":"open","ping_status":"open","sticky":false,"template":"","format":"standard","meta":{"om_disable_all_campaigns":false,"_uf_show_specific_survey":0,"_uf_disable_surveys":false,"footnotes":""},"categories":[4],"tags":[],"class_list":["post-10188","post","type-post","status-publish","format-standard","has-post-thumbnail","hentry","category-musica"],"_links":{"self":[{"href":"https:\/\/entrenotasyacordes.com\/index.php?rest_route=\/wp\/v2\/posts\/10188","targetHints":{"allow":["GET"]}}],"collection":[{"href":"https:\/\/entrenotasyacordes.com\/index.php?rest_route=\/wp\/v2\/posts"}],"about":[{"href":"https:\/\/entrenotasyacordes.com\/index.php?rest_route=\/wp\/v2\/types\/post"}],"author":[{"embeddable":true,"href":"https:\/\/entrenotasyacordes.com\/index.php?rest_route=\/wp\/v2\/users\/5"}],"replies":[{"embeddable":true,"href":"https:\/\/entrenotasyacordes.com\/index.php?rest_route=%2Fwp%2Fv2%2Fcomments&post=10188"}],"version-history":[{"count":1,"href":"https:\/\/entrenotasyacordes.com\/index.php?rest_route=\/wp\/v2\/posts\/10188\/revisions"}],"predecessor-version":[{"id":10191,"href":"https:\/\/entrenotasyacordes.com\/index.php?rest_route=\/wp\/v2\/posts\/10188\/revisions\/10191"}],"wp:featuredmedia":[{"embeddable":true,"href":"https:\/\/entrenotasyacordes.com\/index.php?rest_route=\/wp\/v2\/media\/10189"}],"wp:attachment":[{"href":"https:\/\/entrenotasyacordes.com\/index.php?rest_route=%2Fwp%2Fv2%2Fmedia&parent=10188"}],"wp:term":[{"taxonomy":"category","embeddable":true,"href":"https:\/\/entrenotasyacordes.com\/index.php?rest_route=%2Fwp%2Fv2%2Fcategories&post=10188"},{"taxonomy":"post_tag","embeddable":true,"href":"https:\/\/entrenotasyacordes.com\/index.php?rest_route=%2Fwp%2Fv2%2Ftags&post=10188"}],"curies":[{"name":"wp","href":"https:\/\/api.w.org\/{rel}","templated":true}]}}