{"id":10195,"date":"2024-08-02T11:28:23","date_gmt":"2024-08-02T11:28:23","guid":{"rendered":"https:\/\/entrenotasyacordes.com\/?p=10195"},"modified":"2024-08-02T11:28:24","modified_gmt":"2024-08-02T11:28:24","slug":"david-bisbal-la-konga-y-emanero-presentan-fama-de-diabla-en-directo-en-el-mitico-wizink-center-de-madrid","status":"publish","type":"post","link":"https:\/\/entrenotasyacordes.com\/?p=10195","title":{"rendered":"DAVID BISBAL, LA K\u2019ONGA Y EMANERO PRESENTAN \u201cFAMA DE DIABLA\u201d EN DIRECTO\u00a0EN EL M\u00cdTICO WIZINK CENTER DE MADRID"},"content":{"rendered":"\n<!--more-->\n\n\n<div class=\"wp-block-image\">\n<figure class=\"aligncenter size-full is-resized\"><img loading=\"lazy\" decoding=\"async\" width=\"660\" height=\"660\" src=\"https:\/\/entrenotasyacordes.com\/wp-content\/uploads\/2024\/08\/7b.webp\" alt=\"\" class=\"wp-image-10196\" style=\"width:607px;height:auto\" srcset=\"https:\/\/entrenotasyacordes.com\/wp-content\/uploads\/2024\/08\/7b.webp 660w, https:\/\/entrenotasyacordes.com\/wp-content\/uploads\/2024\/08\/7b-300x300.webp 300w, https:\/\/entrenotasyacordes.com\/wp-content\/uploads\/2024\/08\/7b-150x150.webp 150w, https:\/\/entrenotasyacordes.com\/wp-content\/uploads\/2024\/08\/7b-50x50.webp 50w\" sizes=\"auto, (max-width: 660px) 100vw, 660px\" \/><\/figure>\n<\/div>\n\n\n<p class=\"has-text-align-left\">El pasado 23 de junio David Bisbal actu\u00f3 en el Wizink Center de Madrid ante m\u00e1s de 15.000 personas y no dejo pasar la oportunidad de invitar a La K\u2019onga, que se encontraba de gira por Espa\u00f1a, y a Emanero para interpretar juntos \u201cFAMA DE DIABLA\u201d. El p\u00fablico del Wizink Center vivi\u00f3 una experiencia \u00fanica al ver la uni\u00f3n de estos artistas en directo cantando a un\u00edsono esta espectacular canci\u00f3n.<\/p>\n\n\n\n<p>\u201cFAMA DE DIABLA\u201d, canci\u00f3n de La K\u2019onga a la que invit\u00f3 a sumarse a David Bisbal y a Emanero, se lanzaba en el mes de febrero con un \u00e9xito rotundo que se traslad\u00f3 r\u00e1pidamente de Argentina a Espa\u00f1a, y el p\u00fablico ped\u00eda la versi\u00f3n en directo. \u201cFAMA DE DIABLA\u201d es una canci\u00f3n de desamor, de esas que te desgarran el coraz\u00f3n recordando el da\u00f1o que te caus\u00f3 la otra persona y lo dif\u00edcil que es recuperarse, pero al final siempre hay una salida a ese dolor.<\/p>\n\n\n\n<figure class=\"wp-block-embed is-type-rich is-provider-spotify wp-block-embed-spotify wp-embed-aspect-21-9 wp-has-aspect-ratio\"><div class=\"wp-block-embed__wrapper\">\n<iframe title=\"Spotify Embed: Fama De Diabla (En Vivo)\" style=\"border-radius: 12px\" width=\"100%\" height=\"352\" frameborder=\"0\" allowfullscreen allow=\"autoplay; clipboard-write; encrypted-media; fullscreen; picture-in-picture\" loading=\"lazy\" src=\"https:\/\/open.spotify.com\/embed\/album\/212oGGIFPgICYH8vPD8J74?si=lOH1jkwcRTS9ABRwxTBwVQ&#038;utm_source=oembed\"><\/iframe>\n<\/div><\/figure>\n\n\n\n<p>Los artistas quisieron inmortalizar el encuentro con la grabaci\u00f3n en video en el que queda reflejado la buena sinergia que existe entre ellos y el p\u00fablico. El Wizink Center fue el escenario perfecto para esta ocasi\u00f3n y no perdieron la oportunidad para grabar la incre\u00edble actuaci\u00f3n. Este concierto quedar\u00e1 en el recuerdo de David gracias a esa conexi\u00f3n que hubo entre el p\u00fablico, los artistas invitados y \u00e9l.<\/p>\n\n\n\n<figure class=\"wp-block-embed is-type-video is-provider-youtube wp-block-embed-youtube wp-embed-aspect-16-9 wp-has-aspect-ratio\"><div class=\"wp-block-embed__wrapper\">\n<div class=\"epyt-video-wrapper\"><iframe loading=\"lazy\"  id=\"_ytid_16226\"  width=\"640\" height=\"360\"  data-origwidth=\"640\" data-origheight=\"360\" src=\"https:\/\/www.youtube.com\/embed\/7jNYGu06N1M?enablejsapi=1&#038;autoplay=0&#038;cc_load_policy=0&#038;cc_lang_pref=&#038;iv_load_policy=1&#038;loop=0&#038;rel=1&#038;fs=1&#038;playsinline=0&#038;autohide=2&#038;theme=dark&#038;color=white&#038;controls=1&#038;\" class=\"__youtube_prefs__  epyt-is-override  no-lazyload\" data-vol=\"50\"  title=\"YouTube player\"  allow=\"fullscreen; accelerometer; autoplay; clipboard-write; encrypted-media; gyroscope; picture-in-picture; web-share\" referrerpolicy=\"strict-origin-when-cross-origin\" allowfullscreen data-no-lazy=\"1\" data-skipgform_ajax_framebjll=\"\"><\/iframe><\/div>\n<\/div><\/figure>\n\n\n\n<p>David Bisbal mientras contin\u00faa presentando el exitoso \u201cTOUR VOLAR\u00c9 2024\u201d por Espa\u00f1a para culminar el a\u00f1o en Latinoam\u00e9rica con la \u201cGIRA 20 ANIVERSARIO\u201d.<\/p>\n","protected":false},"excerpt":{"rendered":"","protected":false},"author":5,"featured_media":10196,"comment_status":"open","ping_status":"open","sticky":false,"template":"","format":"standard","meta":{"om_disable_all_campaigns":false,"_uf_show_specific_survey":0,"_uf_disable_surveys":false,"footnotes":""},"categories":[4,34],"tags":[],"class_list":["post-10195","post","type-post","status-publish","format-standard","has-post-thumbnail","hentry","category-musica","category-ultimas-noticias"],"_links":{"self":[{"href":"https:\/\/entrenotasyacordes.com\/index.php?rest_route=\/wp\/v2\/posts\/10195","targetHints":{"allow":["GET"]}}],"collection":[{"href":"https:\/\/entrenotasyacordes.com\/index.php?rest_route=\/wp\/v2\/posts"}],"about":[{"href":"https:\/\/entrenotasyacordes.com\/index.php?rest_route=\/wp\/v2\/types\/post"}],"author":[{"embeddable":true,"href":"https:\/\/entrenotasyacordes.com\/index.php?rest_route=\/wp\/v2\/users\/5"}],"replies":[{"embeddable":true,"href":"https:\/\/entrenotasyacordes.com\/index.php?rest_route=%2Fwp%2Fv2%2Fcomments&post=10195"}],"version-history":[{"count":1,"href":"https:\/\/entrenotasyacordes.com\/index.php?rest_route=\/wp\/v2\/posts\/10195\/revisions"}],"predecessor-version":[{"id":10197,"href":"https:\/\/entrenotasyacordes.com\/index.php?rest_route=\/wp\/v2\/posts\/10195\/revisions\/10197"}],"wp:featuredmedia":[{"embeddable":true,"href":"https:\/\/entrenotasyacordes.com\/index.php?rest_route=\/wp\/v2\/media\/10196"}],"wp:attachment":[{"href":"https:\/\/entrenotasyacordes.com\/index.php?rest_route=%2Fwp%2Fv2%2Fmedia&parent=10195"}],"wp:term":[{"taxonomy":"category","embeddable":true,"href":"https:\/\/entrenotasyacordes.com\/index.php?rest_route=%2Fwp%2Fv2%2Fcategories&post=10195"},{"taxonomy":"post_tag","embeddable":true,"href":"https:\/\/entrenotasyacordes.com\/index.php?rest_route=%2Fwp%2Fv2%2Ftags&post=10195"}],"curies":[{"name":"wp","href":"https:\/\/api.w.org\/{rel}","templated":true}]}}