{"id":10198,"date":"2024-08-02T11:34:52","date_gmt":"2024-08-02T11:34:52","guid":{"rendered":"https:\/\/entrenotasyacordes.com\/?p=10198"},"modified":"2024-08-02T11:34:53","modified_gmt":"2024-08-02T11:34:53","slug":"clara-cava-presenta-me-hace-bien-segundo-single-de-su-proximo-album-junto-a-ale-sergi","status":"publish","type":"post","link":"https:\/\/entrenotasyacordes.com\/?p=10198","title":{"rendered":"CLARA CAVA presenta \u00abME HACE BIEN\u00bb, segundo single de su PR\u00d3XIMO \u00c1LBUM junto a ALE SERGI"},"content":{"rendered":"\n<!--more-->\n\n\n<div class=\"wp-block-image\">\n<figure class=\"aligncenter size-full is-resized\"><img loading=\"lazy\" decoding=\"async\" width=\"660\" height=\"440\" src=\"https:\/\/entrenotasyacordes.com\/wp-content\/uploads\/2024\/08\/7c.webp\" alt=\"\" class=\"wp-image-10199\" style=\"width:607px;height:auto\" srcset=\"https:\/\/entrenotasyacordes.com\/wp-content\/uploads\/2024\/08\/7c.webp 660w, https:\/\/entrenotasyacordes.com\/wp-content\/uploads\/2024\/08\/7c-300x200.webp 300w\" sizes=\"auto, (max-width: 660px) 100vw, 660px\" \/><\/figure>\n<\/div>\n\n\n<p>Clara Cava presenta su nuevo single y video&nbsp;<strong>\u201c<\/strong><strong>me hace bien\u201d<\/strong>&nbsp;junto a&nbsp;<strong>Ale Sergi<\/strong>. Con la naturalidad que la caracteriza, Clara nuevamente hace virtud de lo simple y con lenguaje cotidiano relata una historia sobre la empat\u00eda, los momentos y las personas que nos hacen sentir bien.<\/p>\n\n\n\n<p>Clara compuso esta canci\u00f3n un domingo luego de haber salido con amigos la noche anterior, y ensayando con su banda luego de un tiempo sin tocar. En ese momento sinti\u00f3 que volvi\u00f3 a recargarse de energ\u00eda y&nbsp;con&nbsp;renovado entusiasmo para continuar.<\/p>\n\n\n\n<figure class=\"wp-block-embed is-type-video is-provider-youtube wp-block-embed-youtube wp-embed-aspect-16-9 wp-has-aspect-ratio\"><div class=\"wp-block-embed__wrapper\">\n<div class=\"epyt-video-wrapper\"><iframe loading=\"lazy\"  id=\"_ytid_43168\"  width=\"640\" height=\"360\"  data-origwidth=\"640\" data-origheight=\"360\" src=\"https:\/\/www.youtube.com\/embed\/Fv6UVb8Dx8w?enablejsapi=1&#038;autoplay=0&#038;cc_load_policy=0&#038;cc_lang_pref=&#038;iv_load_policy=1&#038;loop=0&#038;rel=1&#038;fs=1&#038;playsinline=0&#038;autohide=2&#038;theme=dark&#038;color=white&#038;controls=1&#038;\" class=\"__youtube_prefs__  epyt-is-override  no-lazyload\" data-vol=\"50\"  title=\"YouTube player\"  allow=\"fullscreen; accelerometer; autoplay; clipboard-write; encrypted-media; gyroscope; picture-in-picture; web-share\" referrerpolicy=\"strict-origin-when-cross-origin\" allowfullscreen data-no-lazy=\"1\" data-skipgform_ajax_framebjll=\"\"><\/iframe><\/div>\n<\/div><figcaption class=\"wp-element-caption\">Clara Cava, Ale Sergi &#8211; me hace bien (Trailer)<\/figcaption><\/figure>\n\n\n\n<p>\u201c<strong>me hace bien<\/strong>\u201d es el segundo adelanto de su pr\u00f3ximo \u00e1lbum\u00a0y\u00a0su primera colaboraci\u00f3n junto al talentoso Ale Sergi, producida por Renzo Luca\u00a0quien fue el impulsor de este feat. \u00a0El video se film\u00f3 en Saldias Polo Cultural de la mano de Guido Barbosch, y la post producci\u00f3n con fondos de realidad virtual de Delfin Van Peborgh, VFX \u2013 Mauroangst y montaje de\u00a0Oliver Peters.\u00a0Sin duda Clara Cava es una artista para seguir y disfrutar. Una artista que no se parece a ninguna otra y puede transitar todos los g\u00e9neros sin atarse a ninguno.<\/p>\n\n\n<div class=\"wp-block-image\">\n<figure class=\"aligncenter size-full is-resized\"><img loading=\"lazy\" decoding=\"async\" width=\"660\" height=\"440\" src=\"https:\/\/entrenotasyacordes.com\/wp-content\/uploads\/2024\/08\/7cc.webp\" alt=\"\" class=\"wp-image-10200\" style=\"width:607px;height:auto\" srcset=\"https:\/\/entrenotasyacordes.com\/wp-content\/uploads\/2024\/08\/7cc.webp 660w, https:\/\/entrenotasyacordes.com\/wp-content\/uploads\/2024\/08\/7cc-300x200.webp 300w\" sizes=\"auto, (max-width: 660px) 100vw, 660px\" \/><\/figure>\n<\/div>\n\n\n<p><strong>Acerca de Clara Cava<\/strong><\/p>\n\n\n\n<p>Clara Cava naci\u00f3 en septiembre de 1994, siempre supo que su pasi\u00f3n era la m\u00fasica y su carrera como cantautora comenz\u00f3 en 2015, cuando empez\u00f3 a mostrar sus canciones en formato guitarra y voz. A comienzos de 2019 form\u00f3 su banda y cuando lleg\u00f3 la pandemia, se dio cuenta que necesitaba volcar toda su energ\u00eda en la m\u00fasica y aprovech\u00f3 el encierro para intensificar el lanzamiento de sus canciones en el mundo digital.<\/p>\n\n\n\n<p>Entre 2018 y 2021 lanz\u00f3 los EP \u201cAnibi\u00f3ticx\u201d, Nunca y un poco\u201d, \u201cLavandina\u201d, el \u00e1lbum \u201cMartes 13\u201d (por su fecha de nacimiento) y numerosos singles. A fines de 2022 public\u00f3 su \u00faltimo \u00e1lbum \u201cAzul es donde siempre estoy\u201d.<\/p>\n\n\n\n<p>Toda su experiencia musical la llev\u00f3 directo a varios de los m\u00e1s importantes escenarios de la m\u00fasica nacional. As\u00ed lleg\u00f3 en 2022 al Quilmes Rock, Rock en Baradero, Cosqu\u00edn Rock, Primavera Sound y el Lollapalooza, entre los m\u00e1s destacados. Adem\u00e1s, abri\u00f3 los shows de grandes artistas como Emilia, Aitana y una de las fechas de Coldplay en River.<\/p>\n","protected":false},"excerpt":{"rendered":"","protected":false},"author":5,"featured_media":10199,"comment_status":"open","ping_status":"open","sticky":false,"template":"","format":"standard","meta":{"om_disable_all_campaigns":false,"_uf_show_specific_survey":0,"_uf_disable_surveys":false,"footnotes":""},"categories":[4],"tags":[],"class_list":["post-10198","post","type-post","status-publish","format-standard","has-post-thumbnail","hentry","category-musica"],"_links":{"self":[{"href":"https:\/\/entrenotasyacordes.com\/index.php?rest_route=\/wp\/v2\/posts\/10198","targetHints":{"allow":["GET"]}}],"collection":[{"href":"https:\/\/entrenotasyacordes.com\/index.php?rest_route=\/wp\/v2\/posts"}],"about":[{"href":"https:\/\/entrenotasyacordes.com\/index.php?rest_route=\/wp\/v2\/types\/post"}],"author":[{"embeddable":true,"href":"https:\/\/entrenotasyacordes.com\/index.php?rest_route=\/wp\/v2\/users\/5"}],"replies":[{"embeddable":true,"href":"https:\/\/entrenotasyacordes.com\/index.php?rest_route=%2Fwp%2Fv2%2Fcomments&post=10198"}],"version-history":[{"count":1,"href":"https:\/\/entrenotasyacordes.com\/index.php?rest_route=\/wp\/v2\/posts\/10198\/revisions"}],"predecessor-version":[{"id":10201,"href":"https:\/\/entrenotasyacordes.com\/index.php?rest_route=\/wp\/v2\/posts\/10198\/revisions\/10201"}],"wp:featuredmedia":[{"embeddable":true,"href":"https:\/\/entrenotasyacordes.com\/index.php?rest_route=\/wp\/v2\/media\/10199"}],"wp:attachment":[{"href":"https:\/\/entrenotasyacordes.com\/index.php?rest_route=%2Fwp%2Fv2%2Fmedia&parent=10198"}],"wp:term":[{"taxonomy":"category","embeddable":true,"href":"https:\/\/entrenotasyacordes.com\/index.php?rest_route=%2Fwp%2Fv2%2Fcategories&post=10198"},{"taxonomy":"post_tag","embeddable":true,"href":"https:\/\/entrenotasyacordes.com\/index.php?rest_route=%2Fwp%2Fv2%2Ftags&post=10198"}],"curies":[{"name":"wp","href":"https:\/\/api.w.org\/{rel}","templated":true}]}}