{"id":10202,"date":"2024-08-02T11:43:18","date_gmt":"2024-08-02T11:43:18","guid":{"rendered":"https:\/\/entrenotasyacordes.com\/?p=10202"},"modified":"2024-08-02T11:43:19","modified_gmt":"2024-08-02T11:43:19","slug":"nonpalidece-regresa-al-teatro-vorterix-29-de-agosto-invitada-especial-la-mala-rodriguez","status":"publish","type":"post","link":"https:\/\/entrenotasyacordes.com\/?p=10202","title":{"rendered":"\u00a1Nonpalidece regresa al Teatro Vorterix &#8211; 29 de Agosto &#8211; invitada especial : La Mala Rodriguez!"},"content":{"rendered":"\n<!--more-->\n\n\n<div class=\"wp-block-image\">\n<figure class=\"aligncenter size-full is-resized\"><img loading=\"lazy\" decoding=\"async\" width=\"660\" height=\"660\" src=\"https:\/\/entrenotasyacordes.com\/wp-content\/uploads\/2024\/08\/7d.jpg\" alt=\"\" class=\"wp-image-10203\" style=\"width:607px;height:auto\" srcset=\"https:\/\/entrenotasyacordes.com\/wp-content\/uploads\/2024\/08\/7d.jpg 660w, https:\/\/entrenotasyacordes.com\/wp-content\/uploads\/2024\/08\/7d-300x300.jpg 300w, https:\/\/entrenotasyacordes.com\/wp-content\/uploads\/2024\/08\/7d-150x150.jpg 150w, https:\/\/entrenotasyacordes.com\/wp-content\/uploads\/2024\/08\/7d-50x50.jpg 50w\" sizes=\"auto, (max-width: 660px) 100vw, 660px\" \/><\/figure>\n<\/div>\n\n\n<p>Promediando el a\u00f1o, Nonpalidece contin\u00faa su tour 2024\u00a0 con shows en M\u00e9xico, Argentina y Europa y anuncia un show en Capital Federal para el 29 de Agosto en el Teatro Vorterix donde estar\u00e1n repasando los mejores temas de todo su repertorio y contar\u00e1n con la presencia de la artista espa\u00f1ola La Mala Rodriguez como invitada especial.<\/p>\n\n\n\n<p>En agosto estar\u00e1n en M\u00e9xico como parte de su gira internacional, pasar\u00e1n por: CDMX, Bajo California, y Texcoco. Luego, regresan a Argentina para hacer una mini gira por Rosario, Santa Fe y C\u00f3rdoba donde participar\u00e1n del Festival Cultura Itinerante.<br>Adem\u00e1s, estar\u00e1n en el Auditorio Oeste el 23 de agosto; el 29 ofrecer\u00e1n un importante show&nbsp; en Vorterix junto a La Mala Rodriguez como artista invitada; y el 31 regresan a Quilmes para presentarse en \u00c1rea Costanera.<\/p>\n\n\n<div class=\"wp-block-image\">\n<figure class=\"aligncenter size-full is-resized\"><img loading=\"lazy\" decoding=\"async\" width=\"660\" height=\"440\" src=\"https:\/\/entrenotasyacordes.com\/wp-content\/uploads\/2024\/08\/7dd.jpg\" alt=\"\" class=\"wp-image-10204\" style=\"width:607px;height:auto\" srcset=\"https:\/\/entrenotasyacordes.com\/wp-content\/uploads\/2024\/08\/7dd.jpg 660w, https:\/\/entrenotasyacordes.com\/wp-content\/uploads\/2024\/08\/7dd-300x200.jpg 300w\" sizes=\"auto, (max-width: 660px) 100vw, 660px\" \/><figcaption class=\"wp-element-caption\">PH Santiago Gallo Bluguermann<\/figcaption><\/figure>\n<\/div>\n\n\n<p>Pero eso no es todo, posteriormente en octubre, Nonpalidece viajar\u00e1 hac\u00eda Espa\u00f1a para darle pie a su gira europea, donde visitar\u00e1n: Madrid, Valencia, Mallorca, M\u00e1laga y Barcelona.&nbsp;Cabe destacar que recientemente editaron el sexto adelanto de \u201cHecho en Jamaica\u201d: \u201cSaber a D\u00f3nde Ir\u201d junto a la orquesta argentina de cumbia \u201cLa Delio Valdez\u201d. El esperado disco ser\u00e1 editado en noviembre de este a\u00f1o, pero antes, falta todav\u00eda conocer un \u00faltimo adelanto que saldr\u00e1 en los pr\u00f3ximos d\u00edas.<\/p>\n\n\n\n<figure class=\"wp-block-embed is-type-video is-provider-youtube wp-block-embed-youtube wp-embed-aspect-16-9 wp-has-aspect-ratio\"><div class=\"wp-block-embed__wrapper\">\n<div class=\"epyt-video-wrapper\"><iframe loading=\"lazy\"  id=\"_ytid_19097\"  width=\"640\" height=\"360\"  data-origwidth=\"640\" data-origheight=\"360\" src=\"https:\/\/www.youtube.com\/embed\/seHQFSw5bRg?enablejsapi=1&#038;autoplay=0&#038;cc_load_policy=0&#038;cc_lang_pref=&#038;iv_load_policy=1&#038;loop=0&#038;rel=1&#038;fs=1&#038;playsinline=0&#038;autohide=2&#038;theme=dark&#038;color=white&#038;controls=1&#038;\" class=\"__youtube_prefs__  epyt-is-override  no-lazyload\" data-vol=\"50\"  title=\"YouTube player\"  allow=\"fullscreen; accelerometer; autoplay; clipboard-write; encrypted-media; gyroscope; picture-in-picture; web-share\" referrerpolicy=\"strict-origin-when-cross-origin\" allowfullscreen data-no-lazy=\"1\" data-skipgform_ajax_framebjll=\"\"><\/iframe><\/div>\n<\/div><\/figure>\n\n\n<div class=\"wp-block-image\">\n<figure class=\"aligncenter size-full is-resized\"><img loading=\"lazy\" decoding=\"async\" width=\"660\" height=\"660\" src=\"https:\/\/entrenotasyacordes.com\/wp-content\/uploads\/2024\/08\/7ddd.jpg\" alt=\"\" class=\"wp-image-10205\" style=\"width:607px;height:auto\" srcset=\"https:\/\/entrenotasyacordes.com\/wp-content\/uploads\/2024\/08\/7ddd.jpg 660w, https:\/\/entrenotasyacordes.com\/wp-content\/uploads\/2024\/08\/7ddd-300x300.jpg 300w, https:\/\/entrenotasyacordes.com\/wp-content\/uploads\/2024\/08\/7ddd-150x150.jpg 150w, https:\/\/entrenotasyacordes.com\/wp-content\/uploads\/2024\/08\/7ddd-50x50.jpg 50w\" sizes=\"auto, (max-width: 660px) 100vw, 660px\" \/><\/figure>\n<\/div>\n\n\n<p class=\"has-text-align-center\"><strong>Pr\u00f3ximas fechas:<\/strong><\/p>\n\n\n\n<p class=\"has-text-align-center\">1\/8 Foro Santa Mar\u00eda, CDMX, M\u00e9xico.<br>2\/8, Noches Pegajosas, Baja California Sur, M\u00e9xico.<br>4\/8 Dopple Bar, Texcoco, M\u00e9xico<br><strong>9\/8 Centro de convenciones Forest, Santa f\u00e9, Rosario, Argentina.<br>10\/8 Festival Cultura Itinerante, C\u00f3rdoba, Argentina.<br>11\/8 Tribus Club de Arte, Santa f\u00e9, Argentina.<br>23\/8, Auditorio Oeste, Argentina.<br>29\/8 Vorterix, Argentina.<br>31\/8 Quilmes, Argentina.<\/strong><br>4\/10, Madrid, Espa\u00f1a.<br>5\/10, Valencia, Espa\u00f1a.<br>6\/10, Mallorca, Espa\u00f1a.<br>9\/10, M\u00e1laga, Espa\u00f1a.<br>10\/10 Barcelona, Espa\u00f1a.<\/p>\n","protected":false},"excerpt":{"rendered":"","protected":false},"author":5,"featured_media":10203,"comment_status":"open","ping_status":"open","sticky":false,"template":"","format":"standard","meta":{"om_disable_all_campaigns":false,"_uf_show_specific_survey":0,"_uf_disable_surveys":false,"footnotes":""},"categories":[36],"tags":[],"class_list":["post-10202","post","type-post","status-publish","format-standard","has-post-thumbnail","hentry","category-conciertos"],"_links":{"self":[{"href":"https:\/\/entrenotasyacordes.com\/index.php?rest_route=\/wp\/v2\/posts\/10202","targetHints":{"allow":["GET"]}}],"collection":[{"href":"https:\/\/entrenotasyacordes.com\/index.php?rest_route=\/wp\/v2\/posts"}],"about":[{"href":"https:\/\/entrenotasyacordes.com\/index.php?rest_route=\/wp\/v2\/types\/post"}],"author":[{"embeddable":true,"href":"https:\/\/entrenotasyacordes.com\/index.php?rest_route=\/wp\/v2\/users\/5"}],"replies":[{"embeddable":true,"href":"https:\/\/entrenotasyacordes.com\/index.php?rest_route=%2Fwp%2Fv2%2Fcomments&post=10202"}],"version-history":[{"count":1,"href":"https:\/\/entrenotasyacordes.com\/index.php?rest_route=\/wp\/v2\/posts\/10202\/revisions"}],"predecessor-version":[{"id":10206,"href":"https:\/\/entrenotasyacordes.com\/index.php?rest_route=\/wp\/v2\/posts\/10202\/revisions\/10206"}],"wp:featuredmedia":[{"embeddable":true,"href":"https:\/\/entrenotasyacordes.com\/index.php?rest_route=\/wp\/v2\/media\/10203"}],"wp:attachment":[{"href":"https:\/\/entrenotasyacordes.com\/index.php?rest_route=%2Fwp%2Fv2%2Fmedia&parent=10202"}],"wp:term":[{"taxonomy":"category","embeddable":true,"href":"https:\/\/entrenotasyacordes.com\/index.php?rest_route=%2Fwp%2Fv2%2Fcategories&post=10202"},{"taxonomy":"post_tag","embeddable":true,"href":"https:\/\/entrenotasyacordes.com\/index.php?rest_route=%2Fwp%2Fv2%2Ftags&post=10202"}],"curies":[{"name":"wp","href":"https:\/\/api.w.org\/{rel}","templated":true}]}}