{"id":10207,"date":"2024-08-02T11:54:32","date_gmt":"2024-08-02T11:54:32","guid":{"rendered":"https:\/\/entrenotasyacordes.com\/?p=10207"},"modified":"2024-08-02T11:54:34","modified_gmt":"2024-08-02T11:54:34","slug":"no-te-va-gustar-presentaportal-sessions-no-te-va-gustar","status":"publish","type":"post","link":"https:\/\/entrenotasyacordes.com\/?p=10207","title":{"rendered":"NO TE VA GUSTAR presenta\u00bbPortal Sessions &#8211; No Te Va Gustar\u00bb.\u00a0"},"content":{"rendered":"\n<p><strong>Nuevo EP\u00a0<\/strong>Grabado en vivo en Portal Bosque, La Barra Uruguay<br><strong>ADEM\u00c1S,\u00a0COMIENZA\u00a0LA SEGUNDA PARTE DE SU GIRA ARGENTINA 30 A\u00d1OS<\/strong><\/p>\n\n\n\n<!--more-->\n\n\n<div class=\"wp-block-image\">\n<figure class=\"aligncenter size-full is-resized\"><img loading=\"lazy\" decoding=\"async\" width=\"697\" height=\"697\" src=\"https:\/\/entrenotasyacordes.com\/wp-content\/uploads\/2024\/08\/7e.jpg\" alt=\"\" class=\"wp-image-10208\" style=\"width:607px;height:auto\" srcset=\"https:\/\/entrenotasyacordes.com\/wp-content\/uploads\/2024\/08\/7e.jpg 697w, https:\/\/entrenotasyacordes.com\/wp-content\/uploads\/2024\/08\/7e-300x300.jpg 300w, https:\/\/entrenotasyacordes.com\/wp-content\/uploads\/2024\/08\/7e-150x150.jpg 150w, https:\/\/entrenotasyacordes.com\/wp-content\/uploads\/2024\/08\/7e-50x50.jpg 50w\" sizes=\"auto, (max-width: 697px) 100vw, 697px\" \/><\/figure>\n<\/div>\n\n\n<p>Como parte de los festejos por sus 30 a\u00f1os de trayectoria, No Te Va Gustar presenta \u201cPortal Sessions &#8211; No Te Va Gustar\u201d, grabado en vivo en Portal Bosque, La Barra, Uruguay.Se trata de un Ep de cuatro canciones de las cuales ya dieron a conocer la nueva versi\u00f3n del hit \u201cEse Maldito Momento\u201d junto a Mel Mu\u00f1iz, y el gran homenaje a Divididos con el cover \u201cComo un Cuento\u201d estrenado recientemente. El material se completa hoy con dos videos m\u00e1s: \u201cArde\u201d y \u201cLa \u00danica Voz\u201d.<\/p>\n\n\n\n<p>Estas canciones fueron grabadas y filmadas en vivo en La Barra, Punta Del Este, Uruguay, en Portal Bosque, un hub cultural entre la naturaleza, que promueve las artes de todo tipo. El escenario natural es hermoso y las piezas audiovisuales son el principal producto de este proyecto.\u00a0<\/p>\n\n\n\n<p>Cada una de las cuatro canciones cuenta con videoclip oficial como tambi\u00e9n material de backstage y entrevistas de lo que vivi\u00f3 la banda durante la grabaci\u00f3n.<\/p>\n\n\n\n<p class=\"has-text-align-center\"><strong>Tracklist EP:<\/strong><br>La \u00danica Voz<br>Como Un Cuento (cover Divididos)<br>Ese Maldito Momento (con Mel Mu\u00f1iz)<br>Arde<\/p>\n\n\n\n<p><strong>Sobre Portal Sessions:<\/strong><\/p>\n\n\n\n<p>Las Portal Sessions son residencias musicales de 3 a 5 d\u00edas en Portal Bosque, un nuevo concepto en espacios culturales que se encuentra en un bosque de 6 hect\u00e1reas en La Barra, Punta del Este.<\/p>\n\n\n\n<p>Durante la residencia, los artistas invitados producen y ensayan cuatro canciones en el estudio El Cofre, un espacio de creaci\u00f3n con una vista inspiradora, rodeado de \u00e1rboles y equipado con sistema de grabaci\u00f3n, monitoreo, instrumentos vintage. Perfecto para llegar y tocar, desconectarse del mundo exterior y reconectar con la m\u00fasica en un contexto diferente.En el \u00faltimo d\u00eda de su estad\u00eda, los m\u00fasicos graban en vivo esas canciones en alguna de las locaciones de Portal, paisajes \u00fanicos en medio de la naturaleza.<\/p>\n\n\n\n<p>El objetivo es capturar la esencia de la m\u00fasica en vivo a trav\u00e9s de composiciones nuevas, reversiones y\/o covers; mezclando artistas, g\u00e9neros y culturas. Compartir esa magia que se genera cuando los m\u00fasicos tocan juntos y comparten su creaci\u00f3n por primera vez. Generar esos momentos irrepetibles representa la esencia del proyecto.<\/p>\n\n\n\n<p>Portal Bosque es un proyecto sin fines de lucro, financiado por la Fundaci\u00f3n Portal Bosque y las familias que forman parte.<\/p>\n\n\n\n<figure class=\"wp-block-embed is-type-video is-provider-youtube wp-block-embed-youtube wp-embed-aspect-16-9 wp-has-aspect-ratio\"><div class=\"wp-block-embed__wrapper\">\n<div class=\"epyt-video-wrapper\"><iframe loading=\"lazy\"  id=\"_ytid_19781\"  width=\"640\" height=\"360\"  data-origwidth=\"640\" data-origheight=\"360\" src=\"https:\/\/www.youtube.com\/embed\/6nR4xtDQB8A?enablejsapi=1&#038;autoplay=0&#038;cc_load_policy=0&#038;cc_lang_pref=&#038;iv_load_policy=1&#038;loop=0&#038;rel=1&#038;fs=1&#038;playsinline=0&#038;autohide=2&#038;theme=dark&#038;color=white&#038;controls=1&#038;\" class=\"__youtube_prefs__  epyt-is-override  no-lazyload\" data-vol=\"50\"  title=\"YouTube player\"  allow=\"fullscreen; accelerometer; autoplay; clipboard-write; encrypted-media; gyroscope; picture-in-picture; web-share\" referrerpolicy=\"strict-origin-when-cross-origin\" allowfullscreen data-no-lazy=\"1\" data-skipgform_ajax_framebjll=\"\"><\/iframe><\/div>\n<\/div><\/figure>\n\n\n\n<p>Mientras tanto,&nbsp; la gira 30 a\u00f1os contin\u00faa sumando millas y momentos \u00e9picos para la historia: reci\u00e9n llegados de Chile donde realizaron un show memorable en el Movistar Arena de Santiago, est\u00e1n listos para comenzar la segunda parte de su tour por Argentina:Durante Agosto y los primeros d\u00edas de Septiembre recorrer\u00e1n las ciudades de Gualeguaych\u00fa, Rosario,&nbsp; Marcos Ju\u00e1rez, Posadas, Formosa, Corrientes, Santa Fe, Catamarca, Santiago del Estero, Jujuy, Salta, Tucum\u00e1n y La Rioja.<\/p>\n\n\n\n<p>&nbsp; En septiembre tambi\u00e9n regresan a USA y M\u00e9xico y por supuesto el ya nombrado regreso a Buenos Aires para el 5,6 y 7 de diciembre en el Movistar Arena, y el 14 de diciembre en La Rambla de Punta Carretas de Montevideo.<br><strong>La banda celebra su historia como mejor lo sabe hacer: arriba de un escenario con shows especialmente pensados para rendir tributo a las canciones, a la camarader\u00eda, a la pasi\u00f3n por la m\u00fasica, pero por sobre todas las cosas al p\u00fablico que los ha acompa\u00f1ado a lo largo de todo este incre\u00edble viaje.<\/strong><\/p>\n\n\n<div class=\"wp-block-image\">\n<figure class=\"aligncenter size-full is-resized\"><img loading=\"lazy\" decoding=\"async\" width=\"697\" height=\"871\" src=\"https:\/\/entrenotasyacordes.com\/wp-content\/uploads\/2024\/08\/7ee.jpeg\" alt=\"\" class=\"wp-image-10209\" style=\"width:607px;height:auto\" srcset=\"https:\/\/entrenotasyacordes.com\/wp-content\/uploads\/2024\/08\/7ee.jpeg 697w, https:\/\/entrenotasyacordes.com\/wp-content\/uploads\/2024\/08\/7ee-240x300.jpeg 240w\" sizes=\"auto, (max-width: 697px) 100vw, 697px\" \/><\/figure>\n<\/div>","protected":false},"excerpt":{"rendered":"<p>Nuevo EP\u00a0Grabado en vivo en Portal Bosque, La Barra UruguayADEM\u00c1S,\u00a0COMIENZA\u00a0LA SEGUNDA PARTE DE SU GIRA<\/p>\n","protected":false},"author":5,"featured_media":10208,"comment_status":"open","ping_status":"open","sticky":false,"template":"","format":"standard","meta":{"om_disable_all_campaigns":false,"_uf_show_specific_survey":0,"_uf_disable_surveys":false,"footnotes":""},"categories":[4,34],"tags":[],"class_list":["post-10207","post","type-post","status-publish","format-standard","has-post-thumbnail","hentry","category-musica","category-ultimas-noticias"],"_links":{"self":[{"href":"https:\/\/entrenotasyacordes.com\/index.php?rest_route=\/wp\/v2\/posts\/10207","targetHints":{"allow":["GET"]}}],"collection":[{"href":"https:\/\/entrenotasyacordes.com\/index.php?rest_route=\/wp\/v2\/posts"}],"about":[{"href":"https:\/\/entrenotasyacordes.com\/index.php?rest_route=\/wp\/v2\/types\/post"}],"author":[{"embeddable":true,"href":"https:\/\/entrenotasyacordes.com\/index.php?rest_route=\/wp\/v2\/users\/5"}],"replies":[{"embeddable":true,"href":"https:\/\/entrenotasyacordes.com\/index.php?rest_route=%2Fwp%2Fv2%2Fcomments&post=10207"}],"version-history":[{"count":1,"href":"https:\/\/entrenotasyacordes.com\/index.php?rest_route=\/wp\/v2\/posts\/10207\/revisions"}],"predecessor-version":[{"id":10210,"href":"https:\/\/entrenotasyacordes.com\/index.php?rest_route=\/wp\/v2\/posts\/10207\/revisions\/10210"}],"wp:featuredmedia":[{"embeddable":true,"href":"https:\/\/entrenotasyacordes.com\/index.php?rest_route=\/wp\/v2\/media\/10208"}],"wp:attachment":[{"href":"https:\/\/entrenotasyacordes.com\/index.php?rest_route=%2Fwp%2Fv2%2Fmedia&parent=10207"}],"wp:term":[{"taxonomy":"category","embeddable":true,"href":"https:\/\/entrenotasyacordes.com\/index.php?rest_route=%2Fwp%2Fv2%2Fcategories&post=10207"},{"taxonomy":"post_tag","embeddable":true,"href":"https:\/\/entrenotasyacordes.com\/index.php?rest_route=%2Fwp%2Fv2%2Ftags&post=10207"}],"curies":[{"name":"wp","href":"https:\/\/api.w.org\/{rel}","templated":true}]}}