{"id":10216,"date":"2024-08-04T21:39:32","date_gmt":"2024-08-04T21:39:32","guid":{"rendered":"https:\/\/entrenotasyacordes.com\/?p=10216"},"modified":"2024-08-04T21:39:33","modified_gmt":"2024-08-04T21:39:33","slug":"los-autenticos-decadentes-nuevo-vinilo-aniversario-35-anos-de-el-milagro-argentino","status":"publish","type":"post","link":"https:\/\/entrenotasyacordes.com\/?p=10216","title":{"rendered":"LOS AUT\u00c9NTICOS DECADENTES NUEVO VINILO ANIVERSARIO: 35 A\u00d1OS DE\u00a0\u201cEL MILAGRO ARGENTINO\u201d"},"content":{"rendered":"\n<!--more-->\n\n\n<div class=\"wp-block-image\">\n<figure class=\"aligncenter size-full is-resized\"><img loading=\"lazy\" decoding=\"async\" width=\"344\" height=\"340\" src=\"https:\/\/entrenotasyacordes.com\/wp-content\/uploads\/2024\/08\/8a.png\" alt=\"\" class=\"wp-image-10217\" style=\"width:607px;height:auto\" srcset=\"https:\/\/entrenotasyacordes.com\/wp-content\/uploads\/2024\/08\/8a.png 344w, https:\/\/entrenotasyacordes.com\/wp-content\/uploads\/2024\/08\/8a-300x297.png 300w, https:\/\/entrenotasyacordes.com\/wp-content\/uploads\/2024\/08\/8a-50x50.png 50w\" sizes=\"auto, (max-width: 344px) 100vw, 344px\" \/><\/figure>\n<\/div>\n\n\n<p class=\"has-text-align-left\">Hoy se lanza un vinilo especial, por el aniversario n\u00famero 35 del disco <strong>\u201cEl milagro argentino\u201d<\/strong>, de <strong>Los Aut\u00e9nticos Decadentes<\/strong>.<br><br>Se trata de una edici\u00f3n \u00fanica, con el <strong>vinilo color naranja <\/strong>del legendario \u00e1lbum debut de la banda, editado en 1989.<br><br>\u201cEl milagro argentino\u201d hizo honor a su t\u00edtulo y convirti\u00f3 a Los Aut\u00e9nticos Decadentes en uno de los grupos m\u00e1s populares del pa\u00eds.<br><br>Tra\u00eda temas que hoy son verdaderos cl\u00e1sicos, como <strong>\u201cLoco (Tu forma de ser)\u201d, \u201cVen\u00ed Raquel\u201d<\/strong>, <strong>\u201cEntreg\u00e1 el marr\u00f3n\u201d<\/strong> y <strong>\u201cEl jorobadito\u201d<\/strong>.<br><br>La historia detr\u00e1s de este disco es casi de pel\u00edcula, porque la banda se hab\u00eda formado en 1986 y, durante los primeros a\u00f1os, tocaron mucho en vivo. Fueron cambiando de integrantes y en un momento apareci\u00f3 un amigo llamado Mingo, que les pag\u00f3 un demo y se convirti\u00f3 en manager. Intent\u00f3 conseguirles un contrato pero <strong>ninguna discogr\u00e1fica los quer\u00eda,<\/strong> as\u00ed que \u00e9l mismo pag\u00f3 la grabaci\u00f3n de todo este primer disco en los estudios Panda, junto al c\u00e9lebre t\u00e9cnico Mario Breuer.<br><br>\u201cEl milagro argentino\u201d <strong>se hizo en solo 70 horas<\/strong>, la mitad para grabar y la otra mitad para mezclar, porque no ten\u00edan plata para m\u00e1s. Pero nadie lo quiso editar y las cintas quedaron dando vueltas por varios meses, hasta que finalmente los firm\u00f3 un sello independiente que hizo una nueva mezcla y les pidi\u00f3 volver a grabar temas como \u201cLoco tu forma de ser\u201d, ya que Jorge Serrano lo hab\u00eda cantado af\u00f3nico.<br><br>El resultado fue impresionante: el \u00e1lbum vendi\u00f3 <strong>180 mil copias<\/strong> y fue certificado <strong>Triple Platino.<\/strong><br><br>Un detalle poco conocido de este trabajo es que cont\u00f3 con algunos m\u00fasicos que luego se fueron a otras bandas. En la bater\u00eda estuvo <strong>Braulio Aguirre<\/strong>, luego de Los 7 Delfines. Y en saxo estuvo <strong>Gabriel \u201cChiflo\u201d S\u00e1nchez<\/strong>, luego de La Renga.<br>\u00a0<br>El resto de la formaci\u00f3n es la \u201chist\u00f3rica\u201d, que sigue hasta la actualidad: <strong>Cucho Parisi<\/strong> en voz, <strong>Jorge Serrano<\/strong> en guitarra y voz, <strong>Nito Montecchia<\/strong> en guitarra, <strong>Diego \u201cCebolla\u201d DeMarco<\/strong> en guitarra, <strong>Pablo Armesto <\/strong>en bajo, <strong>Eduardo \u201cAnimal\u201d Tripodi<\/strong> y <strong>Gast\u00f3n \u201cFranc\u00e9s\u201d Bernadou<\/strong> en percusi\u00f3n y <strong>Guillermo \u201cCapanga\u201d Eijo<\/strong> en trompeta.<\/p>\n\n\n\n<p class=\"has-text-align-center\"><strong>LISTA DE TEMAS<\/strong><br>1- (Yo sab\u00eda) Sab\u00eda que t\u00fa eras m\u00eda<br>2- Entreg\u00e1 el marr\u00f3n<br>3- El jorobadito<br>4- Skabio<br>5- Cuerpos a medida<br>6- Pastas y vino<br>7- Ven\u00ed Raquel<br>8- Cuando naci\u00f3 este amor prohibido<br>9- El l\u00e1tigo de Capanga<br>10- No s\u00e9 lo que hacer<br>11- Loco (Tu forma de ser)<br>12- Eh, Mouse<br>13- Divina decadencia<\/p>\n","protected":false},"excerpt":{"rendered":"","protected":false},"author":5,"featured_media":10217,"comment_status":"open","ping_status":"open","sticky":false,"template":"","format":"standard","meta":{"om_disable_all_campaigns":false,"_uf_show_specific_survey":0,"_uf_disable_surveys":false,"footnotes":""},"categories":[4],"tags":[],"class_list":["post-10216","post","type-post","status-publish","format-standard","has-post-thumbnail","hentry","category-musica"],"_links":{"self":[{"href":"https:\/\/entrenotasyacordes.com\/index.php?rest_route=\/wp\/v2\/posts\/10216","targetHints":{"allow":["GET"]}}],"collection":[{"href":"https:\/\/entrenotasyacordes.com\/index.php?rest_route=\/wp\/v2\/posts"}],"about":[{"href":"https:\/\/entrenotasyacordes.com\/index.php?rest_route=\/wp\/v2\/types\/post"}],"author":[{"embeddable":true,"href":"https:\/\/entrenotasyacordes.com\/index.php?rest_route=\/wp\/v2\/users\/5"}],"replies":[{"embeddable":true,"href":"https:\/\/entrenotasyacordes.com\/index.php?rest_route=%2Fwp%2Fv2%2Fcomments&post=10216"}],"version-history":[{"count":1,"href":"https:\/\/entrenotasyacordes.com\/index.php?rest_route=\/wp\/v2\/posts\/10216\/revisions"}],"predecessor-version":[{"id":10218,"href":"https:\/\/entrenotasyacordes.com\/index.php?rest_route=\/wp\/v2\/posts\/10216\/revisions\/10218"}],"wp:featuredmedia":[{"embeddable":true,"href":"https:\/\/entrenotasyacordes.com\/index.php?rest_route=\/wp\/v2\/media\/10217"}],"wp:attachment":[{"href":"https:\/\/entrenotasyacordes.com\/index.php?rest_route=%2Fwp%2Fv2%2Fmedia&parent=10216"}],"wp:term":[{"taxonomy":"category","embeddable":true,"href":"https:\/\/entrenotasyacordes.com\/index.php?rest_route=%2Fwp%2Fv2%2Fcategories&post=10216"},{"taxonomy":"post_tag","embeddable":true,"href":"https:\/\/entrenotasyacordes.com\/index.php?rest_route=%2Fwp%2Fv2%2Ftags&post=10216"}],"curies":[{"name":"wp","href":"https:\/\/api.w.org\/{rel}","templated":true}]}}