{"id":10222,"date":"2024-08-04T21:51:40","date_gmt":"2024-08-04T21:51:40","guid":{"rendered":"https:\/\/entrenotasyacordes.com\/?p=10222"},"modified":"2024-08-04T21:51:41","modified_gmt":"2024-08-04T21:51:41","slug":"malba-presenta-sala-sonido-abierto-latinoamericano","status":"publish","type":"post","link":"https:\/\/entrenotasyacordes.com\/?p=10222","title":{"rendered":"Malba presenta SALA. Sonido Abierto Latinoamericano"},"content":{"rendered":"\n<!--more-->\n\n\n<div class=\"wp-block-image\">\n<figure class=\"aligncenter size-full is-resized\"><img loading=\"lazy\" decoding=\"async\" width=\"1379\" height=\"776\" src=\"https:\/\/entrenotasyacordes.com\/wp-content\/uploads\/2024\/08\/8c.jpg\" alt=\"\" class=\"wp-image-10223\" style=\"width:607px;height:auto\" srcset=\"https:\/\/entrenotasyacordes.com\/wp-content\/uploads\/2024\/08\/8c.jpg 1379w, https:\/\/entrenotasyacordes.com\/wp-content\/uploads\/2024\/08\/8c-300x169.jpg 300w, https:\/\/entrenotasyacordes.com\/wp-content\/uploads\/2024\/08\/8c-1024x576.jpg 1024w, https:\/\/entrenotasyacordes.com\/wp-content\/uploads\/2024\/08\/8c-768x432.jpg 768w\" sizes=\"auto, (max-width: 1379px) 100vw, 1379px\" \/><\/figure>\n<\/div>\n\n\n<p class=\"has-text-align-left\"><em>El proyecto audiovisual fue realizado a partir de una alianza entre Malba y Sony Music. La primera banda invitada es Usted Se\u00f1alemelo. El <\/em><a href=\"https:\/\/eur01.safelinks.protection.outlook.com\/?url=https%3A%2F%2Fclick.emails.sonymusicfans.com%2F%3Fqs%3Def49ac6b03c3e6f4ba3a92721fd84cd233ae79c32c70e40d28f75de1e1e00ac535019e498fb54bc71cb83bdceb3d97ca4cb89c66f0bc794c&amp;data=05%7C02%7Clucila.juan%40sonymusic.com%7C37e2c1bfdbf84b6f8ffc08dcb2303ed6%7Cf0aff3b791a54aaeaf71c63e1dda2049%7C0%7C0%7C638581167482785795%7CUnknown%7CTWFpbGZsb3d8eyJWIjoiMC4wLjAwMDAiLCJQIjoiV2luMzIiLCJBTiI6Ik1haWwiLCJXVCI6Mn0%3D%7C0%7C%7C%7C&amp;sdata=ETerRG%2BMVQ0LSjamejQw105ImdhyhNnnrBq%2FJTN9AdY%3D&amp;reserved=0\"><em>video<\/em><\/a><em> con la sesi\u00f3n musical tocada en vivo en las salas del museo ya se puede ver en el canal de YouTube de Malba.<\/em><\/p>\n\n\n\n<figure class=\"wp-block-embed is-type-video is-provider-youtube wp-block-embed-youtube wp-embed-aspect-4-3 wp-has-aspect-ratio\"><div class=\"wp-block-embed__wrapper\">\n<div class=\"epyt-video-wrapper\"><iframe loading=\"lazy\"  id=\"_ytid_85909\"  width=\"640\" height=\"360\"  data-origwidth=\"640\" data-origheight=\"360\" src=\"https:\/\/www.youtube.com\/embed\/9TwGBX0bSIE?enablejsapi=1&#038;autoplay=0&#038;cc_load_policy=0&#038;cc_lang_pref=&#038;iv_load_policy=1&#038;loop=0&#038;rel=1&#038;fs=1&#038;playsinline=0&#038;autohide=2&#038;theme=dark&#038;color=white&#038;controls=1&#038;\" class=\"__youtube_prefs__  epyt-is-override  no-lazyload\" data-vol=\"50\"  title=\"YouTube player\"  allow=\"fullscreen; accelerometer; autoplay; clipboard-write; encrypted-media; gyroscope; picture-in-picture; web-share\" referrerpolicy=\"strict-origin-when-cross-origin\" allowfullscreen data-no-lazy=\"1\" data-skipgform_ajax_framebjll=\"\"><\/iframe><\/div>\n<\/div><\/figure>\n\n\n\n<p>Malba anuncia el lanzamiento de SALA. Sonido Abierto Latinoamericano, el nuevo proyecto digital que invita a artistas musicales a interpretar una canci\u00f3n propia y un cover de una canci\u00f3n de la regi\u00f3n. Los artistas tocan en vivo en las salas de exhibici\u00f3n a museo cerrado y el video se estrena en YouTube.<br><br>La iniciativa, generada a partir de una alianza entre Malba y Sony Music, busca explorar la identidad latinoamericana actual a partir de una conversaci\u00f3n entre las obras pertenecientes a la Colecci\u00f3n Malba y a las exposiciones temporales, y los destacados artistas musicales de la escena contempor\u00e1nea.\u00a0\u00a0<br><br>La sesi\u00f3n #01 estuvo a cargo de Usted Se\u00f1alemelo, banda argentina de rock alternativo formada en Mendoza, que ha logrado consolidarse como una de las m\u00e1s destacadas del panorama musical del pa\u00eds. Con su \u00faltimo disco, <em>Tripolar<\/em>, obtuvieron una nominaci\u00f3n en la categor\u00eda \u201cMejor \u00c1lbum Pop\/Rock\u201d en los Latin Grammys 2023 y ganaron un Premio Gardel a \u201cMejor \u00c1lbum de Rock Alternativo\u201d en 2024.<\/p>\n\n\n\n<p>En el mes de mayo de 2024 se realiz\u00f3 la grabaci\u00f3n de la sesi\u00f3n #01 de SALA, donde Usted Se\u00f1alemelo toc\u00f3 su tema \u201cCabo\u201d y el cover \u201cPromesas sobre el Bidet\u201d de Charly Garc\u00eda. El tr\u00edo interpret\u00f3 las canciones en vivo frente a la obra gr\u00e1fica de Nontsikelelo Mutiti que formaba parte de la exposici\u00f3n <em>Coreograf\u00edas de lo imposible \u2013 35\u00aa Bienal de S\u00e3o Paulo en Buenos Aires<\/em>. Adem\u00e1s, en el video se ve a la banda recorrer las salas de la exposici\u00f3n <em>Tercer ojo. Colecci\u00f3n Costantini en Malba<\/em>. Como parte de la invitaci\u00f3n a la banda a participar, Nancy Rojas del equipo curatorial del museo, les ofreci\u00f3 un recorrido guiado por las exposiciones antes de la grabaci\u00f3n. SALA es una oportunidad para poner en di\u00e1logo la Colecci\u00f3n Malba y las exposiciones temporales con la escena de la m\u00fasica y sumar a la reflexi\u00f3n <em>\u00bfqu\u00e9 significa ser latinoamericanos?\u00a0<\/em><br><br>En la noche de ayer, mi\u00e9rcoles 31 de julio, se realiz\u00f3 en Malba el evento lanzamiento del proyecto al cual asistieron autoridades del museo y Sony Music, m\u00fasicos, productores, periodistas y personalidades de la escena art\u00edstica y musical. Luego de las palabras introductorias a cargo de Elena Nofal, Directora de Desarrollo de Malba, se proyect\u00f3 por primera vez el video frente a un auditorio completo al mismo tiempo que se estrenaba en el canal de YouTube del museo. Al cierre, el tr\u00edo Usted Se\u00f1alemelo convers\u00f3 con el periodista Fede Bareiro sobre la experiencia de tocar en Malba como la primera banda invitada de SALA.<\/p>\n\n\n\n<p>Malba tiene una trayectoria con la m\u00fasica desde su programaci\u00f3n. En 2014 present\u00f3 el ciclo Color Humano programado por Fernando Garc\u00eda en el que tocaron en vivo en el auditorio del museo Orquesta T\u00edpica Fern\u00e1ndez Fierro, Palo Pandolfo y Chancha V\u00eda Circuito. Adem\u00e1s, en ese mismo a\u00f1o Leo Garc\u00eda reinterpret\u00f3 su ic\u00f3nico \u00e1lbum Vital y en 2019 se present\u00f3 Reynols en dos funciones.<br><br>Desde el 2018, Malba Joven realiza el ciclo \u201cM\u00fasica a cielo abierto\u201d, que convoca a m\u00fasicos destacados de la escena indie y electr\u00f3nica regional para tocar frente al p\u00fablico en los espacios abiertos del museo como la terraza o la explanada. El ciclo ya tuvo seis ediciones y cont\u00f3 con la participaci\u00f3n de artistas como Franzizca, Aylu, UJI, Paula Maff\u00eda, Goyo Degano, Las ligas menores, 1975, Silvestre y la Naranja y Marina Fages, entre otros.<br><br>Con SALA, Malba contin\u00faa explorando su relaci\u00f3n con la m\u00fasica y apuesta a generar contenidos digitales de alto alcance que ampl\u00eden su p\u00fablico.<br><br>La primera sesi\u00f3n SALA cont\u00f3 con el apoyo de la Fundaci\u00f3n A. Williams y la colaboraci\u00f3n de Mariela Digier y Patricia Domecq.<\/p>\n\n\n\n<p><\/p>\n","protected":false},"excerpt":{"rendered":"","protected":false},"author":5,"featured_media":10223,"comment_status":"open","ping_status":"open","sticky":false,"template":"","format":"standard","meta":{"om_disable_all_campaigns":false,"_uf_show_specific_survey":0,"_uf_disable_surveys":false,"footnotes":""},"categories":[4],"tags":[],"class_list":["post-10222","post","type-post","status-publish","format-standard","has-post-thumbnail","hentry","category-musica"],"_links":{"self":[{"href":"https:\/\/entrenotasyacordes.com\/index.php?rest_route=\/wp\/v2\/posts\/10222","targetHints":{"allow":["GET"]}}],"collection":[{"href":"https:\/\/entrenotasyacordes.com\/index.php?rest_route=\/wp\/v2\/posts"}],"about":[{"href":"https:\/\/entrenotasyacordes.com\/index.php?rest_route=\/wp\/v2\/types\/post"}],"author":[{"embeddable":true,"href":"https:\/\/entrenotasyacordes.com\/index.php?rest_route=\/wp\/v2\/users\/5"}],"replies":[{"embeddable":true,"href":"https:\/\/entrenotasyacordes.com\/index.php?rest_route=%2Fwp%2Fv2%2Fcomments&post=10222"}],"version-history":[{"count":1,"href":"https:\/\/entrenotasyacordes.com\/index.php?rest_route=\/wp\/v2\/posts\/10222\/revisions"}],"predecessor-version":[{"id":10224,"href":"https:\/\/entrenotasyacordes.com\/index.php?rest_route=\/wp\/v2\/posts\/10222\/revisions\/10224"}],"wp:featuredmedia":[{"embeddable":true,"href":"https:\/\/entrenotasyacordes.com\/index.php?rest_route=\/wp\/v2\/media\/10223"}],"wp:attachment":[{"href":"https:\/\/entrenotasyacordes.com\/index.php?rest_route=%2Fwp%2Fv2%2Fmedia&parent=10222"}],"wp:term":[{"taxonomy":"category","embeddable":true,"href":"https:\/\/entrenotasyacordes.com\/index.php?rest_route=%2Fwp%2Fv2%2Fcategories&post=10222"},{"taxonomy":"post_tag","embeddable":true,"href":"https:\/\/entrenotasyacordes.com\/index.php?rest_route=%2Fwp%2Fv2%2Ftags&post=10222"}],"curies":[{"name":"wp","href":"https:\/\/api.w.org\/{rel}","templated":true}]}}