{"id":10230,"date":"2024-08-07T12:45:57","date_gmt":"2024-08-07T12:45:57","guid":{"rendered":"https:\/\/entrenotasyacordes.com\/?p=10230"},"modified":"2024-08-07T12:45:58","modified_gmt":"2024-08-07T12:45:58","slug":"andres-obregon-regresa-a-la-argentina-10-de-octubre-la-trastienda","status":"publish","type":"post","link":"https:\/\/entrenotasyacordes.com\/?p=10230","title":{"rendered":"ANDR\u00c9S OBREG\u00d3N \u00a1REGRESA A LA ARGENTINA! 10 DE OCTUBRE | LA TRASTIENDA"},"content":{"rendered":"\n<!--more-->\n\n\n<div class=\"wp-block-image\">\n<figure class=\"aligncenter size-full is-resized\"><img loading=\"lazy\" decoding=\"async\" width=\"1080\" height=\"1080\" src=\"https:\/\/entrenotasyacordes.com\/wp-content\/uploads\/2024\/08\/10-oct-01.png\" alt=\"\" class=\"wp-image-10231\" style=\"width:607px;height:auto\" srcset=\"https:\/\/entrenotasyacordes.com\/wp-content\/uploads\/2024\/08\/10-oct-01.png 1080w, https:\/\/entrenotasyacordes.com\/wp-content\/uploads\/2024\/08\/10-oct-01-300x300.png 300w, https:\/\/entrenotasyacordes.com\/wp-content\/uploads\/2024\/08\/10-oct-01-1024x1024.png 1024w, https:\/\/entrenotasyacordes.com\/wp-content\/uploads\/2024\/08\/10-oct-01-150x150.png 150w, https:\/\/entrenotasyacordes.com\/wp-content\/uploads\/2024\/08\/10-oct-01-768x768.png 768w, https:\/\/entrenotasyacordes.com\/wp-content\/uploads\/2024\/08\/10-oct-01-50x50.png 50w\" sizes=\"auto, (max-width: 1080px) 100vw, 1080px\" \/><\/figure>\n<\/div>\n\n\n<p><strong><em>Luego de presentarse en Buenos Aires el pasado a\u00f1o con entradas agotadas, el cantautor mexicano regresa al pa\u00eds con su nuevo tour.&nbsp;<\/em><\/strong><\/p>\n\n\n\n<p>En el marco de su nueva gira sudamericana, <strong>Andr\u00e9s Obreg\u00f3n<\/strong> anuncia su regreso a la Argentina y confirma su show para este <strong>10 de Octubre en La Trastienda<\/strong>. Una de las salas m\u00e1s destacadas de la Ciudad de Buenos Aires, ser\u00e1 testigo de una noche inolvidable junto a las canciones que marcan la carrera del artista, y que d\u00eda a d\u00eda emocionan a sus fans.<\/p>\n\n\n\n<p>Las entradas ya se encuentran a la venta a trav\u00e9s de TuEntrada.com<\/p>\n\n\n\n<p>De la mano de sus nuevos sencillos, \u201cMar y Bosque\u201d y \u201cNacimos Rotos\u201d, que han escalado a lo m\u00e1s alto de las listas de reproducci\u00f3n, <strong>Andr\u00e9s Obreg\u00f3n <\/strong>se embarca en<strong> <\/strong>una exitosa gira internacional que comenz\u00f3 por M\u00e9xico, pasando por Francia, Espa\u00f1a para llegar a Chile, Colombia, Argentina, Ecuador y Per\u00fa.<\/p>\n\n\n\n<p>Andr\u00e9s Obreg\u00f3n, compositor, arreglista y productor, conocido por su sensibilidad emotiva, ha cautivado a su audiencia con millones de reproducciones en Spotify, YouTube y Tiktok,.<\/p>\n\n\n\n<p>Quienes conocen a Andr\u00e9s, y han presenciado su primera visita al pa\u00eds el pasado a\u00f1o, pueden dar testimonio de la sensibilidad y conexi\u00f3n que se genera entre el artista y su p\u00fablico, y para quienes a\u00fan no han tenido la oportunidad, este 10 de octubre, la cita perfecta tendr\u00e1 lugar en La Trastienda de Buenos Aires.<\/p>\n\n\n\n<p>Nacido en Le\u00f3n, Guanajuato, <strong>Andr\u00e9s Obreg\u00f3n<\/strong> se ha hecho popular no s\u00f3lo por su m\u00fasica si no por su manera de contar historias, narrar sentimientos y escribir cartas y cuentos que se han hecho virales en las redes sociales.<\/p>\n\n\n\n<p><strong>Andr\u00e9s <\/strong>incluye tintes de varios g\u00e9neros musicales en su propuesta de pop y baladas. Su m\u00fasica se caracteriza por sentirse cercana y real con un sonido actual pero que al mismo tiempo nos trae una nostalgia especial tanto en la m\u00fasica como en la letra, que nos lleva desde lo rom\u00e1ntico y el desamor hasta temas m\u00e1s profundos, alegres o tristes. Cada canci\u00f3n es como esa carta que nunca envi\u00f3 o una fotograf\u00eda de lo que alguna vez sinti\u00f3.<\/p>\n\n\n<div class=\"wp-block-image\">\n<figure class=\"aligncenter size-full is-resized\"><img loading=\"lazy\" decoding=\"async\" width=\"2560\" height=\"1710\" src=\"https:\/\/entrenotasyacordes.com\/wp-content\/uploads\/2024\/08\/Andres-Obregon-scaled.jpeg\" alt=\"\" class=\"wp-image-10232\" style=\"width:607px;height:auto\" srcset=\"https:\/\/entrenotasyacordes.com\/wp-content\/uploads\/2024\/08\/Andres-Obregon-scaled.jpeg 2560w, https:\/\/entrenotasyacordes.com\/wp-content\/uploads\/2024\/08\/Andres-Obregon-300x200.jpeg 300w, https:\/\/entrenotasyacordes.com\/wp-content\/uploads\/2024\/08\/Andres-Obregon-1024x684.jpeg 1024w, https:\/\/entrenotasyacordes.com\/wp-content\/uploads\/2024\/08\/Andres-Obregon-768x513.jpeg 768w, https:\/\/entrenotasyacordes.com\/wp-content\/uploads\/2024\/08\/Andres-Obregon-1536x1026.jpeg 1536w, https:\/\/entrenotasyacordes.com\/wp-content\/uploads\/2024\/08\/Andres-Obregon-2048x1368.jpeg 2048w\" sizes=\"auto, (max-width: 2560px) 100vw, 2560px\" \/><\/figure>\n<\/div>\n\n\n<p><strong>M\u00e1s info sobre Andr\u00e9s Obreg\u00f3n<\/strong><\/p>\n\n\n\n<p>El cantautor ha sabido abrirse paso en la industria dando a conocer su material discogr\u00e1fico con 28 sencillos, 2 discos y 2 EP, de los cuales \u00e9l es el compositor, arreglista y productor de las canciones que en total ya superan las 50 millones de reproducciones en Spotify y m\u00e1s de 20 millones en YouTube todo esto de manera independiente.<\/p>\n\n\n\n<p>Adem\u00e1s de presentarse en destacados escenarios como lo son el Foro del Lago, Foro Victoria, Domo de la Feria de Le\u00f3n, Centro Cultural Teatro 1 en Ciudad de M\u00e9xico, Auditorio Roberto Cantoral, etc, ha participado en festivales como: Festival Internacional del Globo de Le\u00f3n, Gto. y en la marcha LGBT en el \u00c1ngel de la Independencia en la CDMX, entre otros.&nbsp;<\/p>\n\n\n\n<p>A lo largo de estos \u00faltimos a\u00f1os, ha compartido escenario con artistas como: Leonel Garc\u00eda, Nicho Hinojosa, Jesse &amp; Joy, Dvicio, Matisse, Paty Cant\u00fa, Pablo Ru\u00edz y Juan Solo.<\/p>\n\n\n\n<p>Por su parte, sus canciones han aparecido en pel\u00edculas y series como: \u201cCon Lugar\u201d,\u2028\u201cEl Testamento de la Abuela\u201d y \u201cEn Alg\u00fan Sitio con sus temas \u201cVivir\u201d y \u201c\u00bfA D\u00f3nde Vas?\u201d y \u201cPausa\u201d.<\/p>\n\n\n\n<p>Fue seleccionado para cursar el Taller de la Sociedad de Autores y Compositores de M\u00e9xico, gradu\u00e1ndose en el 2019. Estudi\u00f3 producci\u00f3n y composici\u00f3n en la Ciudad de M\u00e9xico. Adem\u00e1s de componer, producir y cantar sus canciones Andr\u00e9s toca la guitarra, el bajo, el ukulele, el piano y la arm\u00f3nica.<\/p>\n\n\n\n<p>Actualmente sigue trabajando en su proyecto, dando a conocer sus \u00faltimos sencillos y prepar\u00e1ndose para su pr\u00f3xima gira por M\u00e9xico y Latinoam\u00e9rica.<\/p>\n","protected":false},"excerpt":{"rendered":"","protected":false},"author":5,"featured_media":10231,"comment_status":"open","ping_status":"open","sticky":false,"template":"","format":"standard","meta":{"om_disable_all_campaigns":false,"_uf_show_specific_survey":0,"_uf_disable_surveys":false,"footnotes":""},"categories":[36],"tags":[],"class_list":["post-10230","post","type-post","status-publish","format-standard","has-post-thumbnail","hentry","category-conciertos"],"_links":{"self":[{"href":"https:\/\/entrenotasyacordes.com\/index.php?rest_route=\/wp\/v2\/posts\/10230","targetHints":{"allow":["GET"]}}],"collection":[{"href":"https:\/\/entrenotasyacordes.com\/index.php?rest_route=\/wp\/v2\/posts"}],"about":[{"href":"https:\/\/entrenotasyacordes.com\/index.php?rest_route=\/wp\/v2\/types\/post"}],"author":[{"embeddable":true,"href":"https:\/\/entrenotasyacordes.com\/index.php?rest_route=\/wp\/v2\/users\/5"}],"replies":[{"embeddable":true,"href":"https:\/\/entrenotasyacordes.com\/index.php?rest_route=%2Fwp%2Fv2%2Fcomments&post=10230"}],"version-history":[{"count":1,"href":"https:\/\/entrenotasyacordes.com\/index.php?rest_route=\/wp\/v2\/posts\/10230\/revisions"}],"predecessor-version":[{"id":10233,"href":"https:\/\/entrenotasyacordes.com\/index.php?rest_route=\/wp\/v2\/posts\/10230\/revisions\/10233"}],"wp:featuredmedia":[{"embeddable":true,"href":"https:\/\/entrenotasyacordes.com\/index.php?rest_route=\/wp\/v2\/media\/10231"}],"wp:attachment":[{"href":"https:\/\/entrenotasyacordes.com\/index.php?rest_route=%2Fwp%2Fv2%2Fmedia&parent=10230"}],"wp:term":[{"taxonomy":"category","embeddable":true,"href":"https:\/\/entrenotasyacordes.com\/index.php?rest_route=%2Fwp%2Fv2%2Fcategories&post=10230"},{"taxonomy":"post_tag","embeddable":true,"href":"https:\/\/entrenotasyacordes.com\/index.php?rest_route=%2Fwp%2Fv2%2Ftags&post=10230"}],"curies":[{"name":"wp","href":"https:\/\/api.w.org\/{rel}","templated":true}]}}