{"id":10250,"date":"2024-08-08T13:57:20","date_gmt":"2024-08-08T13:57:20","guid":{"rendered":"https:\/\/entrenotasyacordes.com\/?p=10250"},"modified":"2024-08-08T13:57:22","modified_gmt":"2024-08-08T13:57:22","slug":"charly-garcia-30oaniversario-de-la-hija-de-la-lagrima","status":"publish","type":"post","link":"https:\/\/entrenotasyacordes.com\/?p=10250","title":{"rendered":"CHARLY GARC\u00cdA 30\u00baANIVERSARIO DE \u201cLA HIJA DE LA L\u00c1GRIMA\u201d"},"content":{"rendered":"\n<!--more-->\n\n\n<div class=\"wp-block-image\">\n<figure class=\"aligncenter size-full is-resized\"><img loading=\"lazy\" decoding=\"async\" width=\"1500\" height=\"1500\" src=\"https:\/\/entrenotasyacordes.com\/wp-content\/uploads\/2024\/08\/9e.jpg\" alt=\"\" class=\"wp-image-10251\" style=\"width:607px;height:auto\" srcset=\"https:\/\/entrenotasyacordes.com\/wp-content\/uploads\/2024\/08\/9e.jpg 1500w, https:\/\/entrenotasyacordes.com\/wp-content\/uploads\/2024\/08\/9e-300x300.jpg 300w, https:\/\/entrenotasyacordes.com\/wp-content\/uploads\/2024\/08\/9e-1024x1024.jpg 1024w, https:\/\/entrenotasyacordes.com\/wp-content\/uploads\/2024\/08\/9e-150x150.jpg 150w, https:\/\/entrenotasyacordes.com\/wp-content\/uploads\/2024\/08\/9e-768x768.jpg 768w, https:\/\/entrenotasyacordes.com\/wp-content\/uploads\/2024\/08\/9e-50x50.jpg 50w\" sizes=\"auto, (max-width: 1500px) 100vw, 1500px\" \/><\/figure>\n<\/div>\n\n\n<p class=\"has-text-align-left\"><strong>30 de julio<\/strong> se cumplen tres d\u00e9cadas del lanzamiento de \u201c<strong>La hija de la l\u00e1grima\u201d<\/strong>, la ambiciosa \u00f3pera-rock de <strong>Charly Garc\u00eda <\/strong>donde sobresal\u00edan <strong>\u201cChipi Chipi\u201d, \u201cLa sal no sala\u201d, \u201cV\u00edctima\u201d<\/strong> y <strong>\u201cFax U\u201d<\/strong>.<br><br><strong>\u201cLa hija de la l\u00e1grima\u201d <\/strong>sali\u00f3 en 1994 y la idea del \u00e1lbum conceptual ven\u00eda dando vueltas en su cabeza hace tiempo, desde que en 1992 vio una escena de dos mujeres pele\u00e1ndose en la rambla de Barcelona, donde una gritaba \u201c\u00a1T\u00fa no me puedes lastimar ni hacer nada, porque yo he sufrido mucho y soy la hija de la l\u00e1grima!\u201d. Desde entonces anticip\u00f3 en varios reportajes que quer\u00eda hacer una \u00f3pera-rock y repet\u00eda esa frase.<br><br>Este disco inici\u00f3 una nueva etapa en la carrera de Charly, que <strong>no hab\u00eda sacado un disco propio desde \u201cFilosof\u00eda barata y zapatos de goma\u201d en 1990<\/strong>, porque despu\u00e9s hizo \u201cRadio Pinti\u201d, \u201cTango 4\u201d y la in\u00e9dita banda de sonido de \u201cFunes, un gran amor\u201d, adem\u00e1s de la reuni\u00f3n de Ser\u00fa Gir\u00e1n que incluy\u00f3 dos shows hist\u00f3ricos en el estadio de River Plate, un disco grabado en estudios y otro en vivo.<\/p>\n\n\n\n<p class=\"has-text-align-left\">En esa \u00e9poca Charly viv\u00eda a <strong>un ritmo intenso, lleno de creatividad<\/strong>, pero tambi\u00e9n con una buena dosis de locura.<br><br>Seg\u00fan <strong>cont\u00f3 el propio Charly<\/strong>, \u201cLleg\u00f3 un momento donde lo \u00fanico que ten\u00eda en la cabeza era la \u00f3pera y todo lo que me pasaba lo asociaba con la psicolog\u00eda de los personajes. Me resultaba casi imposible salirme de eso y ser una persona normal. Estaba insoportable, dec\u00eda y hac\u00eda cosas raras y no puedo pretender que todo el mundo entienda lo que me estaba pasando\u201d.<\/p>\n\n\n\n<p class=\"has-text-align-left\">Las <strong>sesiones de grabaci\u00f3n<\/strong> se realizaron primero en los legendarios <strong>estudios Ion<\/strong>, con el t\u00e9cnico <strong>Osvel Costa<\/strong> y junto a m\u00fasicos como el baterista <strong>Fernando Samalea<\/strong>, el bajista <strong>Fernando Lupano<\/strong>, la guitarrista <strong>Mar\u00eda Gabriela Epumer<\/strong> y el percusionista <strong>Luis Morandi<\/strong>. Hubo una jornada con orquesta y arreglos de <strong>Carlos Villavicencio.<\/strong><br><br>Luego se trasladaron a <strong>La Diosa Salvaje<\/strong>, el estudio de Luis Alberto Spinetta, donde se sumaron el t\u00e9cnico <strong>Mario Breuer<\/strong> y el asistente <strong>An\u00edbal \u201cLa Vieja\u201d Barrios<\/strong>, adem\u00e1s de invitados especiales como <strong>Juanse<\/strong> y <strong>Fabi\u00e1n Quintiero<\/strong> en \u201cLa sal no sala\u201d, <strong>Alfie Martins<\/strong> y el d\u00fao <strong>Illya Kuryaki &amp; The Valderramas<\/strong> en \u201cJames Brown\u201d, <strong>Jorge Pinchevsky<\/strong> en el viol\u00edn de \u201cIntraterreno\u201d y <strong>La Bruja Su\u00e1rez<\/strong> en arm\u00f3nicas.<br><br>En total fueron <strong>23 canciones y casi 70 minutos de m\u00fasica<\/strong>, lo m\u00e1ximo que pod\u00eda entrar en un solo CD. Cuenta la leyenda que hizo escuchar el \u00e1lbum a ejecutivos del sello discogr\u00e1fico y le dijeron que \u201chac\u00eda falta un tema comercial\u201d. Al d\u00eda siguiente, en apenas 10 minutos, compuso \u201cChipi Chipi\u201d.<br><br>La mezcla fue hecha por <strong>Joe Blaney<\/strong> en los estudios Chung King House of Metal, en Nueva York.<\/p>\n\n\n\n<p class=\"has-text-align-left\">El lanzamiento incluy\u00f3 una <strong>enorme campa\u00f1a de publicidad<\/strong> con un cartel gigante frente al Obelisco, que dec\u00eda \u201cEl genio ha vuelto\u201d y \u201cSu obra cumbre\u201d. Las ventas fueron tan buenas que fue certificado Disco de Platino, con 60 mil copias, y se anunci\u00f3 que la presentaci\u00f3n iba a ser en diez funciones en el Teatro Opera durante el mes de septiembre.<\/p>\n","protected":false},"excerpt":{"rendered":"","protected":false},"author":5,"featured_media":10251,"comment_status":"open","ping_status":"open","sticky":false,"template":"","format":"standard","meta":{"om_disable_all_campaigns":false,"_uf_show_specific_survey":0,"_uf_disable_surveys":false,"footnotes":""},"categories":[4],"tags":[],"class_list":["post-10250","post","type-post","status-publish","format-standard","has-post-thumbnail","hentry","category-musica"],"_links":{"self":[{"href":"https:\/\/entrenotasyacordes.com\/index.php?rest_route=\/wp\/v2\/posts\/10250","targetHints":{"allow":["GET"]}}],"collection":[{"href":"https:\/\/entrenotasyacordes.com\/index.php?rest_route=\/wp\/v2\/posts"}],"about":[{"href":"https:\/\/entrenotasyacordes.com\/index.php?rest_route=\/wp\/v2\/types\/post"}],"author":[{"embeddable":true,"href":"https:\/\/entrenotasyacordes.com\/index.php?rest_route=\/wp\/v2\/users\/5"}],"replies":[{"embeddable":true,"href":"https:\/\/entrenotasyacordes.com\/index.php?rest_route=%2Fwp%2Fv2%2Fcomments&post=10250"}],"version-history":[{"count":1,"href":"https:\/\/entrenotasyacordes.com\/index.php?rest_route=\/wp\/v2\/posts\/10250\/revisions"}],"predecessor-version":[{"id":10252,"href":"https:\/\/entrenotasyacordes.com\/index.php?rest_route=\/wp\/v2\/posts\/10250\/revisions\/10252"}],"wp:featuredmedia":[{"embeddable":true,"href":"https:\/\/entrenotasyacordes.com\/index.php?rest_route=\/wp\/v2\/media\/10251"}],"wp:attachment":[{"href":"https:\/\/entrenotasyacordes.com\/index.php?rest_route=%2Fwp%2Fv2%2Fmedia&parent=10250"}],"wp:term":[{"taxonomy":"category","embeddable":true,"href":"https:\/\/entrenotasyacordes.com\/index.php?rest_route=%2Fwp%2Fv2%2Fcategories&post=10250"},{"taxonomy":"post_tag","embeddable":true,"href":"https:\/\/entrenotasyacordes.com\/index.php?rest_route=%2Fwp%2Fv2%2Ftags&post=10250"}],"curies":[{"name":"wp","href":"https:\/\/api.w.org\/{rel}","templated":true}]}}