{"id":10253,"date":"2024-08-08T14:05:33","date_gmt":"2024-08-08T14:05:33","guid":{"rendered":"https:\/\/entrenotasyacordes.com\/?p=10253"},"modified":"2024-09-03T22:26:39","modified_gmt":"2024-09-03T22:26:39","slug":"el-artista-espanol-marwan-llega-a-la-argentina-y-uruguay","status":"publish","type":"post","link":"https:\/\/entrenotasyacordes.com\/?p=10253","title":{"rendered":"Este s\u00e1bado el cantautor y poeta espa\u00f1ol Marw\u00e1n se presenta en La Trastienda"},"content":{"rendered":"\n<!--more-->\n\n\n<div class=\"wp-block-image\">\n<figure class=\"aligncenter size-full is-resized\"><img loading=\"lazy\" decoding=\"async\" width=\"731\" height=\"913\" src=\"https:\/\/entrenotasyacordes.com\/wp-content\/uploads\/2024\/08\/9f.jpg\" alt=\"\" class=\"wp-image-10254\" style=\"width:607px;height:auto\" srcset=\"https:\/\/entrenotasyacordes.com\/wp-content\/uploads\/2024\/08\/9f.jpg 731w, https:\/\/entrenotasyacordes.com\/wp-content\/uploads\/2024\/08\/9f-240x300.jpg 240w\" sizes=\"auto, (max-width: 731px) 100vw, 731px\" \/><\/figure>\n<\/div>\n\n\n<p>El cantautor y poeta espa\u00f1ol Marwan regresa a la Argentina. Marwan es considerado una de las principales voces de Espa\u00f1a y Latinoam\u00e9rica y tras dos d\u00e9cadas de giras nacionales e internacionales desembarca en Latinoam\u00e9rica con su nuevo disco 20 aniversario \u201cCanciones para una urgencia\u201d.<\/p>\n\n\n\n<p>El reencuentro con el p\u00fablico argentino ser\u00e1 el\u00a0<strong>s\u00e1bado 7 de septiembre<\/strong>, 20:30hs en<strong>\u00a0La Trastienda<\/strong>\u00a0(Balcarce 460), las entradas anticipadas se encuentran a la venta por sistema\u00a0<a href=\"https:\/\/www.tuentrada.com\/eventos\/detalle\/LTC-Marwan\/923520369902\" target=\"_blank\" rel=\"noreferrer noopener\">TuEntrada<\/a>.<\/p>\n\n\n<div class=\"wp-block-image\">\n<figure class=\"aligncenter size-full is-resized\"><img loading=\"lazy\" decoding=\"async\" width=\"1850\" height=\"2560\" src=\"https:\/\/entrenotasyacordes.com\/wp-content\/uploads\/2024\/08\/9ff-scaled.jpg\" alt=\"\" class=\"wp-image-10255\" style=\"width:607px;height:auto\" srcset=\"https:\/\/entrenotasyacordes.com\/wp-content\/uploads\/2024\/08\/9ff-scaled.jpg 1850w, https:\/\/entrenotasyacordes.com\/wp-content\/uploads\/2024\/08\/9ff-217x300.jpg 217w, https:\/\/entrenotasyacordes.com\/wp-content\/uploads\/2024\/08\/9ff-740x1024.jpg 740w, https:\/\/entrenotasyacordes.com\/wp-content\/uploads\/2024\/08\/9ff-768x1062.jpg 768w, https:\/\/entrenotasyacordes.com\/wp-content\/uploads\/2024\/08\/9ff-1110x1536.jpg 1110w, https:\/\/entrenotasyacordes.com\/wp-content\/uploads\/2024\/08\/9ff-1480x2048.jpg 1480w, https:\/\/entrenotasyacordes.com\/wp-content\/uploads\/2024\/08\/9ff-1024x1417.jpg 1024w\" sizes=\"auto, (max-width: 1850px) 100vw, 1850px\" \/><\/figure>\n<\/div>\n\n\n<p>Marw\u00e1n es considerado desde hace casi una d\u00e9cada una de las principales voces de la canci\u00f3n de autor y de la poes\u00eda en Espa\u00f1a y Latinoam\u00e9rica.<\/p>\n\n\n\n<p>Tras dos d\u00e9cadas de giras nacionales e internacionales y haber vendido 200.000 libros en todo el mundo, Marw\u00e1n regresa con su nuevo disco 20 aniversario \u201cCanciones para una urgencia\u201d, en el que ha regrabado sus mejores canciones comparti\u00e9ndolas con duetos estelares junto a artistas nacionales e internacionales como con voces como las de Rozal\u00e9n, Mikel Izal, Jorge Drexler, Coti, Miguel Poveda, Nach, Kevin Johansen, Andr\u00e9s Su\u00e1rez, Pedro Guerra, Funambulista y otros.<\/p>\n\n\n\n<p>El disco no es solo m\u00fasica; va acompa\u00f1ado de un libro de 100 p\u00e1ginas donde Marw\u00e1n desvela los secretos y eventos emocionales que rodearon la composici\u00f3n de cada una de las 22 canciones, haciendo un scanner a la \u00e9poca y a los sentimientos que hay tras sus temas, todo un lujo para los amantes de la m\u00fasica y de las buenas letras.<\/p>\n\n\n\n<p>En lo musical ha optado en este nuevo disco por reinterpretar sus canciones con un sonido m\u00e1s moderno, dejando atr\u00e1s, el estigma del cantautor, para darle a cada canci\u00f3n un lavado de cara sorprendente. Canciones que antes eran puras baladas de autor, con pocos arreglos ahora tienen tintes soul, electr\u00f3nicos o arreglos totalmente folk. Canciones que antes se acercaban m\u00e1s al pop o al rock, ahora son reinterpretadas con un piano desnudo junto a una orquesta de c\u00e1mara.<\/p>\n\n\n\n<p>Esta actualizaci\u00f3n en cuanto al sonido atiende a una evoluci\u00f3n natural de un artista que no ha parado de crecer, como ya demostr\u00f3 en su disco de 2020, El Viejo Boxeador, que recibi\u00f3 el aplauso un\u00e1nime de la cr\u00edtica especializada y supuso un claro cambio en cuanto a su dimensi\u00f3n musical. Huir de todo clich\u00e9 y tratar de ampliar su aspecto sonoro para acercarse m\u00e1s a sus gustos actuales y a un universo m\u00e1s amplio ha sido la t\u00f3nica de b\u00fasqueda de este disco. Como todo cantautor, Marw\u00e1n ha mirado a veces por una ventana quiz\u00e1 demasiado estrecha, la de un g\u00e9nero maravilloso que, por su tendencia a cuidar tanto los textos de las canciones y por interpretarlos generalmente con una guitarra desnuda, ha olvidado, en ocasiones, ampliar sus miras sonoras.<\/p>\n\n\n\n<p>Aunque siempre ha sido fiel a sus referentes (Sabina, Serrat, Aute, Silvio Rodr\u00edguez, Ismael Serrano, Jorge Drexler, Pedro Guerra, Damien Rice, Glen Hansard, etc) ha sabido distanciarse de ellos cultivando un sonido propio y llevando mucho m\u00e1s lejos la puesta en escena. No queda ni rastro del cantautor cl\u00e1sico que llenaba los bares con una guitarra, como ya se pudo apreciar en su hist\u00f3rica actuaci\u00f3n en el programa \u201cLate Motiv\u201d de Buenafuente en 2020. Ahora su apuesta es mucho m\u00e1s en\u00e9rgica y exuberante.<\/p>\n\n\n\n<p>Motivado por una grave lesi\u00f3n de su brazo, Marw\u00e1n ha soltado la guitarra y aunque no abandona los momentos de intimidad, cada vez hay m\u00e1s presencia de canciones en las que ejerce de aut\u00e9ntico showman, con una atm\u00f3sfera mucho m\u00e1s festiva, propia de otros estilos musicales. A este disco 20 aniversario, por supuesto, lo acompa\u00f1ar\u00e1 una gira internacional de m\u00e1s de 70 conciertos que llevar\u00e1 a Marw\u00e1n por 10 pa\u00edses para celebrar su cumplea\u00f1os musical.<\/p>\n\n\n\n<p>Chacareras, reggaes, sonidos country, baladas, medios tiempos hipn\u00f3ticos, rock guitarrero al m\u00e1s puro estilo de los Rolling, soul y momentos de hip hop es lo que se encontrar\u00e1n en este disco 20 aniversario. Todo ello con una multitud de duetos estelares que sirven para reinterpretar y hacer crecer exponencialmente las canciones. Tambi\u00e9n habr\u00e1 lugar para estrenar varias canciones donde Marw\u00e1n ampliar\u00e1 m\u00e1s a\u00fan su repertorio sonoro, con canciones sociales de ritmos urbanos y pop bailable.<\/p>\n\n\n\n<p>El boca a boca y su trabajo incesante como artista independiente han sido los que lo han llevado a consolidarse no s\u00f3lo como m\u00fasico, sino tambi\u00e9n como poeta. Su paso por Sony Music y su fichaje por Editorial Planeta, elevaron a\u00fan m\u00e1s el nombre de un artista que ya llenaba grandes teatros y vend\u00eda libros por decenas de miles.<\/p>\n\n\n\n<p>En la actualidad el \u201cfen\u00f3meno Marw\u00e1n\u201d no ha hecho m\u00e1s que crecer con actuaciones para miles de personas tanto en Espa\u00f1a como en Latinoam\u00e9rica, destacando sobre todas sus actuaciones en el Wizink Center de Madrid y el Plaza Condesa de Ciudad de M\u00e9xico. A esto se suma su \u00e9xito en las listas de ventas con sus cuatro libros de poemas (\u00abUna mujer en la garganta\u00bb, \u00abLos amores imparables\u00bb, \u00abTodos mis futuros son contigo\u00bb y \u00abLa triste historia de tu cuerpo sobre el m\u00edo\u00bb), con los cuales ha llegado al n\u00famero 1 de ventas en Espa\u00f1a y M\u00e9xico con m\u00e1s de 200.000 libros vendidos. Este \u00e9xito ha llevado a que llene tambi\u00e9n lugares con miles de personas para verle recitar poemas<\/p>\n","protected":false},"excerpt":{"rendered":"","protected":false},"author":5,"featured_media":10254,"comment_status":"open","ping_status":"open","sticky":false,"template":"","format":"standard","meta":{"om_disable_all_campaigns":false,"_uf_show_specific_survey":0,"_uf_disable_surveys":false,"footnotes":""},"categories":[36],"tags":[],"class_list":["post-10253","post","type-post","status-publish","format-standard","has-post-thumbnail","hentry","category-conciertos"],"_links":{"self":[{"href":"https:\/\/entrenotasyacordes.com\/index.php?rest_route=\/wp\/v2\/posts\/10253","targetHints":{"allow":["GET"]}}],"collection":[{"href":"https:\/\/entrenotasyacordes.com\/index.php?rest_route=\/wp\/v2\/posts"}],"about":[{"href":"https:\/\/entrenotasyacordes.com\/index.php?rest_route=\/wp\/v2\/types\/post"}],"author":[{"embeddable":true,"href":"https:\/\/entrenotasyacordes.com\/index.php?rest_route=\/wp\/v2\/users\/5"}],"replies":[{"embeddable":true,"href":"https:\/\/entrenotasyacordes.com\/index.php?rest_route=%2Fwp%2Fv2%2Fcomments&post=10253"}],"version-history":[{"count":2,"href":"https:\/\/entrenotasyacordes.com\/index.php?rest_route=\/wp\/v2\/posts\/10253\/revisions"}],"predecessor-version":[{"id":11011,"href":"https:\/\/entrenotasyacordes.com\/index.php?rest_route=\/wp\/v2\/posts\/10253\/revisions\/11011"}],"wp:featuredmedia":[{"embeddable":true,"href":"https:\/\/entrenotasyacordes.com\/index.php?rest_route=\/wp\/v2\/media\/10254"}],"wp:attachment":[{"href":"https:\/\/entrenotasyacordes.com\/index.php?rest_route=%2Fwp%2Fv2%2Fmedia&parent=10253"}],"wp:term":[{"taxonomy":"category","embeddable":true,"href":"https:\/\/entrenotasyacordes.com\/index.php?rest_route=%2Fwp%2Fv2%2Fcategories&post=10253"},{"taxonomy":"post_tag","embeddable":true,"href":"https:\/\/entrenotasyacordes.com\/index.php?rest_route=%2Fwp%2Fv2%2Ftags&post=10253"}],"curies":[{"name":"wp","href":"https:\/\/api.w.org\/{rel}","templated":true}]}}