{"id":10257,"date":"2024-08-08T14:10:13","date_gmt":"2024-08-08T14:10:13","guid":{"rendered":"https:\/\/entrenotasyacordes.com\/?p=10257"},"modified":"2024-08-08T14:10:14","modified_gmt":"2024-08-08T14:10:14","slug":"llega-rave-3000-con-shows-de-rojuu-die-antwoord-y-yung-beef","status":"publish","type":"post","link":"https:\/\/entrenotasyacordes.com\/?p=10257","title":{"rendered":"Llega RAVE 3000, con shows de ROJUU, DIE ANTWOORD y YUNG BEEF"},"content":{"rendered":"\n<!--more-->\n\n\n\n<p><strong>LLEGA RAVE 3000<\/strong> <strong>UN FESTIVAL CON LO MEJOR DE LA ESCENA URBANA Y ELECTR\u00d3NICA INTERNACIONAL<\/strong>.<\/p>\n\n\n\n<p>Rave 3000 vuelve a dar en la tecla para el paladar de la electr\u00f3nica y los ritmos urbanos, esta vez con una serie de shows en el C Complejo Art Media de Rojuu, Die Antwoord y Yung Beef.<\/p>\n\n\n\n<p class=\"has-text-align-center\"><strong>ROJUU<\/strong><br>S\u00c1BADO 19\/10 | C COMPLEJO ART MEDIA<\/p>\n\n\n\n<p class=\"has-text-align-center\"><strong>DIE ANTWOORD<\/strong><br>MARTES 12\/11 | C COMPLEJO ART MEDIA<\/p>\n\n\n\n<p class=\"has-text-align-center\"><strong>YUNG BEEF<\/strong><br>DOMINGO 1\/11 | C COMPLEJO ART MEDIA<\/p>\n\n\n<div class=\"wp-block-image\">\n<figure class=\"aligncenter size-full is-resized\"><img loading=\"lazy\" decoding=\"async\" width=\"635\" height=\"355\" src=\"https:\/\/entrenotasyacordes.com\/wp-content\/uploads\/2024\/08\/9g.jpeg\" alt=\"\" class=\"wp-image-10258\" style=\"width:607px;height:auto\" srcset=\"https:\/\/entrenotasyacordes.com\/wp-content\/uploads\/2024\/08\/9g.jpeg 635w, https:\/\/entrenotasyacordes.com\/wp-content\/uploads\/2024\/08\/9g-300x168.jpeg 300w\" sizes=\"auto, (max-width: 635px) 100vw, 635px\" \/><\/figure>\n<\/div>\n\n\n<p><strong>Hay pocos g\u00e9neros que expresen tan bien el esp\u00edritu de estos tiempos como los del panorama de la m\u00fasica electr\u00f3nica, los ritmos urbanos y sus gui\u00f1os con el siempre camale\u00f3nico pop.\u00a0<\/strong>Rave 3000 lleg\u00f3 para potenciar el encuentro de estos g\u00e9neros y sus p\u00fablicos, curando eventos de diferente \u00edndole para apostar por la calidad de estas escenas en Argentina. Luego de dos ediciones \u2013un festival con Usted Se\u00f1alemelo, Peces Raros, Vinocio, Franzizca, Felix Vestre, Paula Tape, Pabels y Astro en abril y una fiesta a cargo de Hercules &amp; Love Affair, DJs Pareja y Astro en mayo\u2013\u00a0<strong>Rave 3000 vuelve con una serie de shows entre octubre y diciembre el C Complejo Art Media con referentes en sus g\u00e9neros como\u00a0<a href=\"https:\/\/instagramc.tr.pemsv30.net\/c\/eyJhIjoiaW5zdGFncmFtYyIsIm0iOiJtYWlsX2Nsemg2enhsZ2ZyZjIwODAyM3J5aHR6cnUiLCJsIjoibGlua181MzFkYzJmZDMzYTJiMWNjNjg3MzgwYTIyNDY0NTcxZjkzYzAwM2Q5XzI0N2RkMiIsImkiOltdLCJ1IjoiaHR0cHM6Ly93d3cuaW5zdGFncmFtLmNvbS9yb2p1dS8_aGw9ZXMtbGEmdXRtX3NvdXJjZT1wZXJmaXQmdXRtX21lZGl1bT1lbWFpbCZ1dG1fY2FtcGFpZ249UkFWRSUyMDMwMDAlMjAlN0MlMjBBTlVOQ0lPIiwiYyI6IiIsImgiOiI2NjYzODMifQ\" target=\"_blank\" rel=\"noreferrer noopener\">Rojuu<\/a>, el 19 de octubre,\u00a0<a href=\"https:\/\/instagramc.tr.pemsv30.net\/c\/eyJhIjoiaW5zdGFncmFtYyIsIm0iOiJtYWlsX2Nsemg2enhsZ2ZyZjIwODAyM3J5aHR6cnUiLCJsIjoibGlua183NDJjMTYzMjg2MDdjMzVmOGNjMzFlMjg0NmQzNmIxMmFhN2RhZjMyXzNmMDgwYyIsImkiOltdLCJ1IjoiaHR0cHM6Ly93d3cuaW5zdGFncmFtLmNvbS9kaWVhbnR3b29yZC8_aGw9ZXMtbGEmdXRtX3NvdXJjZT1wZXJmaXQmdXRtX21lZGl1bT1lbWFpbCZ1dG1fY2FtcGFpZ249UkFWRSUyMDMwMDAlMjAlN0MlMjBBTlVOQ0lPIiwiYyI6IiIsImgiOiI5NGUyN2MifQ\" target=\"_blank\" rel=\"noreferrer noopener\">Die Antwoord<\/a>, 12 de noviembre, y\u00a0<a href=\"https:\/\/instagramc.tr.pemsv30.net\/c\/eyJhIjoiaW5zdGFncmFtYyIsIm0iOiJtYWlsX2Nsemg2enhsZ2ZyZjIwODAyM3J5aHR6cnUiLCJsIjoibGlua19jNmVjYzE1NDQyNDIzYjBjN2ViNDI5NzcyYmM2OTYyMTc3OGMyODE4XzUyNmEyMSIsImkiOltdLCJ1IjoiaHR0cHM6Ly93d3cuaW5zdGFncmFtLmNvbS95dW5nYmVlZWYvP2hsPWVzLWxhJnV0bV9zb3VyY2U9cGVyZml0JnV0bV9tZWRpdW09ZW1haWwmdXRtX2NhbXBhaWduPVJBVkUlMjAzMDAwJTIwJTdDJTIwQU5VTkNJTyIsImMiOiIiLCJoIjoiNzZkMTc1In0\" target=\"_blank\" rel=\"noreferrer noopener\">Yung Beef<\/a>, el 1 de diciembre.<\/strong><\/p>\n\n\n<div class=\"wp-block-image\">\n<figure class=\"aligncenter size-full is-resized\"><img loading=\"lazy\" decoding=\"async\" width=\"1080\" height=\"1080\" src=\"https:\/\/entrenotasyacordes.com\/wp-content\/uploads\/2024\/08\/9gg.png\" alt=\"\" class=\"wp-image-10259\" style=\"width:607px;height:auto\" srcset=\"https:\/\/entrenotasyacordes.com\/wp-content\/uploads\/2024\/08\/9gg.png 1080w, https:\/\/entrenotasyacordes.com\/wp-content\/uploads\/2024\/08\/9gg-300x300.png 300w, https:\/\/entrenotasyacordes.com\/wp-content\/uploads\/2024\/08\/9gg-1024x1024.png 1024w, https:\/\/entrenotasyacordes.com\/wp-content\/uploads\/2024\/08\/9gg-150x150.png 150w, https:\/\/entrenotasyacordes.com\/wp-content\/uploads\/2024\/08\/9gg-768x768.png 768w, https:\/\/entrenotasyacordes.com\/wp-content\/uploads\/2024\/08\/9gg-50x50.png 50w\" sizes=\"auto, (max-width: 1080px) 100vw, 1080px\" \/><\/figure>\n<\/div>\n\n\n<p>De la camada de renovaci\u00f3n del rap es el espa\u00f1ol&nbsp;<strong>Rojuu<\/strong>, que viene de lanzar nada menos que su octavo \u00e1lbum&nbsp;<em><strong>Los Sue\u00f1os de Nube<\/strong><\/em>, con 25 canciones y pensado como proyecto transdisciplinario junto a un c\u00f3mic creado y dibujado \u00edntegramente por \u00e9l. El festival contar\u00e1 con la presencia de&nbsp;<strong>Die Antwoord<\/strong>, palabras mayores si se trata de la alquimia gen\u00e9rica: el d\u00fao sudafricano lleva muchos a\u00f1os cultivando un electro-rap que ha expandido horizontes. Por \u00faltimo, habr\u00e1 show nada menos que del rey pionero del trap espa\u00f1ol,&nbsp;<strong>Yung Beef<\/strong>, que ha revolucionado la escena desde sus primeros pasos con Pxxr Gvng hasta su trabajo solista, del que su disco&nbsp;<em>A.D.R.O.M.I.C.F.M.S<\/em>&nbsp;de 2023 es el \u00faltimo exponente.<\/p>\n\n\n\n<p>Cumbre imperdible para los amantes del rap y el trap en sus infinitas mutaciones, con shows en manos de representantes que cultivan estilos personal\u00edsimos lejos de toda ortodoxia y en el coraz\u00f3n de la innovaci\u00f3n.<\/p>\n","protected":false},"excerpt":{"rendered":"","protected":false},"author":5,"featured_media":10259,"comment_status":"open","ping_status":"open","sticky":false,"template":"","format":"standard","meta":{"om_disable_all_campaigns":false,"_uf_show_specific_survey":0,"_uf_disable_surveys":false,"footnotes":""},"categories":[36],"tags":[],"class_list":["post-10257","post","type-post","status-publish","format-standard","has-post-thumbnail","hentry","category-conciertos"],"_links":{"self":[{"href":"https:\/\/entrenotasyacordes.com\/index.php?rest_route=\/wp\/v2\/posts\/10257","targetHints":{"allow":["GET"]}}],"collection":[{"href":"https:\/\/entrenotasyacordes.com\/index.php?rest_route=\/wp\/v2\/posts"}],"about":[{"href":"https:\/\/entrenotasyacordes.com\/index.php?rest_route=\/wp\/v2\/types\/post"}],"author":[{"embeddable":true,"href":"https:\/\/entrenotasyacordes.com\/index.php?rest_route=\/wp\/v2\/users\/5"}],"replies":[{"embeddable":true,"href":"https:\/\/entrenotasyacordes.com\/index.php?rest_route=%2Fwp%2Fv2%2Fcomments&post=10257"}],"version-history":[{"count":1,"href":"https:\/\/entrenotasyacordes.com\/index.php?rest_route=\/wp\/v2\/posts\/10257\/revisions"}],"predecessor-version":[{"id":10260,"href":"https:\/\/entrenotasyacordes.com\/index.php?rest_route=\/wp\/v2\/posts\/10257\/revisions\/10260"}],"wp:featuredmedia":[{"embeddable":true,"href":"https:\/\/entrenotasyacordes.com\/index.php?rest_route=\/wp\/v2\/media\/10259"}],"wp:attachment":[{"href":"https:\/\/entrenotasyacordes.com\/index.php?rest_route=%2Fwp%2Fv2%2Fmedia&parent=10257"}],"wp:term":[{"taxonomy":"category","embeddable":true,"href":"https:\/\/entrenotasyacordes.com\/index.php?rest_route=%2Fwp%2Fv2%2Fcategories&post=10257"},{"taxonomy":"post_tag","embeddable":true,"href":"https:\/\/entrenotasyacordes.com\/index.php?rest_route=%2Fwp%2Fv2%2Ftags&post=10257"}],"curies":[{"name":"wp","href":"https:\/\/api.w.org\/{rel}","templated":true}]}}