{"id":10266,"date":"2024-08-08T14:21:52","date_gmt":"2024-08-08T14:21:52","guid":{"rendered":"https:\/\/entrenotasyacordes.com\/?p=10266"},"modified":"2024-08-08T14:21:54","modified_gmt":"2024-08-08T14:21:54","slug":"se-anuncia-el-estreno-de-el-aroma-del-pasto-recien-cortado-dirigida-por-celina-murga","status":"publish","type":"post","link":"https:\/\/entrenotasyacordes.com\/?p=10266","title":{"rendered":"Se anuncia el estreno de \u00abEl aroma del pasto reci\u00e9n cortado\u00bb, dirigida por Celina Murga"},"content":{"rendered":"\n<!--more-->\n\n\n\n<p>La nueva pel\u00edcula de <strong>Celina Murga:<\/strong> <strong>EL AROMA DEL PASTO RECI\u00c9N CORTADO<\/strong>,\u00a0presentada por Martin Scorsese,\u00a0 <strong>se estrenar\u00e1\u00a0comercialmente<\/strong> en los cines de Argentina el\u00a0<strong>19 de Septiembre<\/strong>.<\/p>\n\n\n\n<p>La pel\u00edcula acaba de ser\u00a0seleccionada\u00a0para participar en\u00a0la 72\u00aa\u00a0Edici\u00f3n del\u00a0 <strong>Festival Internacional de Cine de\u00a0San Sebasti\u00e1n<\/strong>\u00a0como film de\u00a0clausura de la Secci\u00f3n\u00a0<strong>Horizontes Latinos.<\/strong><\/p>\n\n\n\n<figure class=\"wp-block-image size-full\"><img loading=\"lazy\" decoding=\"async\" width=\"1728\" height=\"2560\" src=\"https:\/\/entrenotasyacordes.com\/wp-content\/uploads\/2024\/06\/b1-scaled.jpg\" alt=\"\" class=\"wp-image-8221\" srcset=\"https:\/\/entrenotasyacordes.com\/wp-content\/uploads\/2024\/06\/b1-scaled.jpg 1728w, https:\/\/entrenotasyacordes.com\/wp-content\/uploads\/2024\/06\/b1-203x300.jpg 203w, https:\/\/entrenotasyacordes.com\/wp-content\/uploads\/2024\/06\/b1-691x1024.jpg 691w, https:\/\/entrenotasyacordes.com\/wp-content\/uploads\/2024\/06\/b1-768x1138.jpg 768w, https:\/\/entrenotasyacordes.com\/wp-content\/uploads\/2024\/06\/b1-1037x1536.jpg 1037w, https:\/\/entrenotasyacordes.com\/wp-content\/uploads\/2024\/06\/b1-1382x2048.jpg 1382w, https:\/\/entrenotasyacordes.com\/wp-content\/uploads\/2024\/06\/b1-1024x1517.jpg 1024w\" sizes=\"auto, (max-width: 1728px) 100vw, 1728px\" \/><\/figure>\n\n\n\n<p>Luego de haber sido galardonada en el\u00a0Festival de Cine de Tribeca con el premio a Mejor Guion y celebrada\u00a0por la critica internacional<strong>,\u00a0<\/strong> <strong>El aroma del pasto reci\u00e9n cortado,<\/strong>\u00a0protagonizada por Joaquin Furriel y la nominada al Oscar, Marina de Tavira; que cuenta con la producci\u00f3n ejecutiva de Martin Scorsese, competir\u00e1 en la secci\u00f3n\u00a0<a href=\"https:\/\/analiasanchezprensa.us17.list-manage.com\/track\/click?u=791f62f09c0b891c6c8589a30&amp;id=44b0b60b2d&amp;e=72305c73b9\" target=\"_blank\" rel=\"noreferrer noopener\"><strong>Horizontes Latinos<\/strong>\u00a0de la\u00a072\u00aa Edici\u00f3n\u00a0del\u00a0<strong>Festival Internacional\u00a0de Cine de San Sebasti\u00e1n<\/strong><\/a>, que tendr\u00e1 lugar en dicha ciudad,\u00a0del 20 al 28 de septiembre.<\/p>\n\n\n\n<p>Estar\u00e1n presentes su directora, Celina Murga, y los protagonistas, Marina de Tavira y Joaqu\u00edn Furriel.<\/p>\n\n\n\n<p>El&nbsp;<strong>Festival Internacional de Cine de San Sebasti\u00e1n<\/strong>&nbsp;es el m\u00e1s importante de los que se celebran en Espa\u00f1a y en Iberoam\u00e9rica, as\u00ed como uno de los m\u00e1s longevos y prestigiosos de Europa.<\/p>\n\n\n\n<p>Constituye, de hecho, uno de los eventos culturales de mayor envergadura y repercusi\u00f3n de Espa\u00f1a que&nbsp;este a\u00f1o celebra su 72\u00aa edici\u00f3n, con el mismo entusiasmo desde su inicio el 21 de septiembre de 1953, sin interrupciones.<\/p>\n\n\n\n<figure class=\"wp-block-embed is-type-video is-provider-youtube wp-block-embed-youtube wp-embed-aspect-16-9 wp-has-aspect-ratio\"><div class=\"wp-block-embed__wrapper\">\n<div class=\"epyt-video-wrapper\"><iframe loading=\"lazy\"  id=\"_ytid_22206\"  width=\"640\" height=\"360\"  data-origwidth=\"640\" data-origheight=\"360\" src=\"https:\/\/www.youtube.com\/embed\/HLC86OuhGXg?enablejsapi=1&#038;autoplay=0&#038;cc_load_policy=0&#038;cc_lang_pref=&#038;iv_load_policy=1&#038;loop=0&#038;rel=1&#038;fs=1&#038;playsinline=0&#038;autohide=2&#038;theme=dark&#038;color=white&#038;controls=1&#038;\" class=\"__youtube_prefs__  epyt-is-override  no-lazyload\" data-vol=\"50\"  title=\"YouTube player\"  allow=\"fullscreen; accelerometer; autoplay; clipboard-write; encrypted-media; gyroscope; picture-in-picture; web-share\" referrerpolicy=\"strict-origin-when-cross-origin\" allowfullscreen data-no-lazy=\"1\" data-skipgform_ajax_framebjll=\"\"><\/iframe><\/div>\n<\/div><\/figure>\n\n\n\n<p><strong>El aroma del pasto reci\u00e9n cortado,<\/strong>\u00a0una historia en torno al amor, el deseo y la familia, est\u00e1 protagonizada por el reconocido actor argentino Joaqu\u00edn Furriel, y la estrella del cine mexicano nominada al Oscar de la Academia, Marina de Tavira (Roma), quien tendr\u00e1 su debut cinematogr\u00e1fico en Argentina.<\/p>\n\n\n\n<p>El film cuenta la historia de Pablo (Joaqu\u00edn Furriel), un profesor universitario que se involucra amorosamente con una alumna. En paralelo, Natalia (Marina de Tavira), profesora universitaria, se involucra amorosamente con un alumno.\u00a0 Dos historias espejadas, parecidas pero diferentes.<\/p>\n\n\n\n<p>\u201cUtilizando brillantemente narrativas paralelas que se reflejan y divergen entre s\u00ed, la directora y coguionista Celina Murga (Ana y los otros) ha elaborado un retrato directo y envolvente de dos vidas en momentos de cambios cr\u00edticos. Conducida por actuaciones sutilmente poderosas de De Tavira y Furriel, El aroma del pasto reci\u00e9n cortado es una mirada sincera sobre la vulnerabilidad, el autodescubrimiento y la alegr\u00eda de esos inesperados momentos de felicidad. Con producci\u00f3n ejecutiva de Martin Scorsese\u201d. \u00a0\u00a0<strong>\u2013Cedar Sherbert<\/strong><\/p>\n\n\n\n<p><strong>El aroma del pasto reci\u00e9n cortado&nbsp;<\/strong>cuenta con la producci\u00f3n ejecutiva del director, productor y guionista, Martin Scorsese, una de las figuras centrales del cine norteamericano de los \u00faltimos 50 a\u00f1os.&nbsp;<\/p>\n\n\n\n<p>El elenco se completa con Alfonso Tort, Romina Peluffo, Emanuel Parga y Ver\u00f3nica Gerez.<\/p>\n\n\n\n<p>La pel\u00edcula es una coproducci\u00f3n entre Argentina (Tresmilmundos Cine |&nbsp;Mostra Cine), USA\/UK (Infinity Hill), M\u00e9xico (Dopamine), Uruguay (Nadador Cine) y Alemania (Weydemann Bros), y fue rodada en locaciones de Buenos Aires (Argentina) y Montevideo (Uruguay).<\/p>\n","protected":false},"excerpt":{"rendered":"","protected":false},"author":5,"featured_media":8221,"comment_status":"open","ping_status":"open","sticky":false,"template":"","format":"standard","meta":{"om_disable_all_campaigns":false,"_uf_show_specific_survey":0,"_uf_disable_surveys":false,"footnotes":""},"categories":[9],"tags":[],"class_list":["post-10266","post","type-post","status-publish","format-standard","has-post-thumbnail","hentry","category-cine-y-teatro"],"_links":{"self":[{"href":"https:\/\/entrenotasyacordes.com\/index.php?rest_route=\/wp\/v2\/posts\/10266","targetHints":{"allow":["GET"]}}],"collection":[{"href":"https:\/\/entrenotasyacordes.com\/index.php?rest_route=\/wp\/v2\/posts"}],"about":[{"href":"https:\/\/entrenotasyacordes.com\/index.php?rest_route=\/wp\/v2\/types\/post"}],"author":[{"embeddable":true,"href":"https:\/\/entrenotasyacordes.com\/index.php?rest_route=\/wp\/v2\/users\/5"}],"replies":[{"embeddable":true,"href":"https:\/\/entrenotasyacordes.com\/index.php?rest_route=%2Fwp%2Fv2%2Fcomments&post=10266"}],"version-history":[{"count":1,"href":"https:\/\/entrenotasyacordes.com\/index.php?rest_route=\/wp\/v2\/posts\/10266\/revisions"}],"predecessor-version":[{"id":10267,"href":"https:\/\/entrenotasyacordes.com\/index.php?rest_route=\/wp\/v2\/posts\/10266\/revisions\/10267"}],"wp:featuredmedia":[{"embeddable":true,"href":"https:\/\/entrenotasyacordes.com\/index.php?rest_route=\/wp\/v2\/media\/8221"}],"wp:attachment":[{"href":"https:\/\/entrenotasyacordes.com\/index.php?rest_route=%2Fwp%2Fv2%2Fmedia&parent=10266"}],"wp:term":[{"taxonomy":"category","embeddable":true,"href":"https:\/\/entrenotasyacordes.com\/index.php?rest_route=%2Fwp%2Fv2%2Fcategories&post=10266"},{"taxonomy":"post_tag","embeddable":true,"href":"https:\/\/entrenotasyacordes.com\/index.php?rest_route=%2Fwp%2Fv2%2Ftags&post=10266"}],"curies":[{"name":"wp","href":"https:\/\/api.w.org\/{rel}","templated":true}]}}