{"id":10268,"date":"2024-08-08T14:31:48","date_gmt":"2024-08-08T14:31:48","guid":{"rendered":"https:\/\/entrenotasyacordes.com\/?p=10268"},"modified":"2024-08-08T14:31:49","modified_gmt":"2024-08-08T14:31:49","slug":"morena-presenta-dejarte-ir-su-segundo-single","status":"publish","type":"post","link":"https:\/\/entrenotasyacordes.com\/?p=10268","title":{"rendered":"MORENA PRESENTA \u201cDEJARTE IR\u201d, SU SEGUNDO SINGLE"},"content":{"rendered":"\n<!--more-->\n\n\n\n<p>MORENA PRESENTA \u201cDEJARTE IR\u201d, SU SEGUNDO SINGLE, UNA CANCI\u00d3N DESGARRADORA QUE REFLEJA LOS SENTIMIENTOS CON EL PODERIO DE SU VOZ<\/p>\n\n\n<div class=\"wp-block-image\">\n<figure class=\"aligncenter size-full is-resized\"><img loading=\"lazy\" decoding=\"async\" width=\"2560\" height=\"2560\" src=\"https:\/\/entrenotasyacordes.com\/wp-content\/uploads\/2024\/08\/9i-scaled.jpg\" alt=\"\" class=\"wp-image-10269\" style=\"width:607px;height:auto\" srcset=\"https:\/\/entrenotasyacordes.com\/wp-content\/uploads\/2024\/08\/9i-scaled.jpg 2560w, https:\/\/entrenotasyacordes.com\/wp-content\/uploads\/2024\/08\/9i-300x300.jpg 300w, https:\/\/entrenotasyacordes.com\/wp-content\/uploads\/2024\/08\/9i-1024x1024.jpg 1024w, https:\/\/entrenotasyacordes.com\/wp-content\/uploads\/2024\/08\/9i-150x150.jpg 150w, https:\/\/entrenotasyacordes.com\/wp-content\/uploads\/2024\/08\/9i-768x768.jpg 768w, https:\/\/entrenotasyacordes.com\/wp-content\/uploads\/2024\/08\/9i-1536x1536.jpg 1536w, https:\/\/entrenotasyacordes.com\/wp-content\/uploads\/2024\/08\/9i-2048x2048.jpg 2048w, https:\/\/entrenotasyacordes.com\/wp-content\/uploads\/2024\/08\/9i-50x50.jpg 50w\" sizes=\"auto, (max-width: 2560px) 100vw, 2560px\" \/><\/figure>\n<\/div>\n\n\n<p class=\"has-text-align-left\">\u201cAlguna vez tuvieron un v\u00ednculo tan hermoso e intenso y al mismo tiempo muy doloroso\u201d, con estas palabras Morena define con total claridad el contenido de esta canci\u00f3n. Morena la compuso a fines e 2022 luego de decidir cortar con una relaci\u00f3n a distancia que no estaba resultando bien, intentando comprender como tanto amor pod\u00eda a la vez producirle dolor. Entonces comprendi\u00f3 que a veces amar es dejar ir.<\/p>\n\n\n\n<p>M\u00e1s all\u00e1 de la historia de esta canci\u00f3n es imposible sustraerse al impacto de esta voz tan poderosa, de la avasallante presencia esc\u00e9nica de esta talentosa cantante y compositora cordobesa. Morena cant\u00f3 en vivo \u201cDejarte ir\u201d en la apertura del concierto de Danna y desat\u00f3 una tormenta en las redes, adem\u00e1s de recibir una merecida ovaci\u00f3n. &nbsp;<\/p>\n\n\n\n<p>Morena le canta al amor como lo vive esta generaci\u00f3n, con natural intensidad y una voz Sin duda, esta es una artista para seguir, una de las revelaciones del a\u00f1o.<\/p>\n","protected":false},"excerpt":{"rendered":"","protected":false},"author":5,"featured_media":10269,"comment_status":"open","ping_status":"open","sticky":false,"template":"","format":"standard","meta":{"om_disable_all_campaigns":false,"_uf_show_specific_survey":0,"_uf_disable_surveys":false,"footnotes":""},"categories":[4],"tags":[],"class_list":["post-10268","post","type-post","status-publish","format-standard","has-post-thumbnail","hentry","category-musica"],"_links":{"self":[{"href":"https:\/\/entrenotasyacordes.com\/index.php?rest_route=\/wp\/v2\/posts\/10268","targetHints":{"allow":["GET"]}}],"collection":[{"href":"https:\/\/entrenotasyacordes.com\/index.php?rest_route=\/wp\/v2\/posts"}],"about":[{"href":"https:\/\/entrenotasyacordes.com\/index.php?rest_route=\/wp\/v2\/types\/post"}],"author":[{"embeddable":true,"href":"https:\/\/entrenotasyacordes.com\/index.php?rest_route=\/wp\/v2\/users\/5"}],"replies":[{"embeddable":true,"href":"https:\/\/entrenotasyacordes.com\/index.php?rest_route=%2Fwp%2Fv2%2Fcomments&post=10268"}],"version-history":[{"count":1,"href":"https:\/\/entrenotasyacordes.com\/index.php?rest_route=\/wp\/v2\/posts\/10268\/revisions"}],"predecessor-version":[{"id":10270,"href":"https:\/\/entrenotasyacordes.com\/index.php?rest_route=\/wp\/v2\/posts\/10268\/revisions\/10270"}],"wp:featuredmedia":[{"embeddable":true,"href":"https:\/\/entrenotasyacordes.com\/index.php?rest_route=\/wp\/v2\/media\/10269"}],"wp:attachment":[{"href":"https:\/\/entrenotasyacordes.com\/index.php?rest_route=%2Fwp%2Fv2%2Fmedia&parent=10268"}],"wp:term":[{"taxonomy":"category","embeddable":true,"href":"https:\/\/entrenotasyacordes.com\/index.php?rest_route=%2Fwp%2Fv2%2Fcategories&post=10268"},{"taxonomy":"post_tag","embeddable":true,"href":"https:\/\/entrenotasyacordes.com\/index.php?rest_route=%2Fwp%2Fv2%2Ftags&post=10268"}],"curies":[{"name":"wp","href":"https:\/\/api.w.org\/{rel}","templated":true}]}}