{"id":10271,"date":"2024-08-08T14:39:13","date_gmt":"2024-08-08T14:39:13","guid":{"rendered":"https:\/\/entrenotasyacordes.com\/?p=10271"},"modified":"2024-08-08T14:39:15","modified_gmt":"2024-08-08T14:39:15","slug":"rafaga-y-flor-alvarez-presentan-otra-oportunidad","status":"publish","type":"post","link":"https:\/\/entrenotasyacordes.com\/?p=10271","title":{"rendered":"RAFAGA y FLOR ALVAREZ presentan OTRA OPORTUNIDAD"},"content":{"rendered":"\n<!--more-->\n\n\n<div class=\"wp-block-image\">\n<figure class=\"aligncenter size-full is-resized\"><img loading=\"lazy\" decoding=\"async\" width=\"1999\" height=\"1333\" src=\"https:\/\/entrenotasyacordes.com\/wp-content\/uploads\/2024\/08\/9j.jpg\" alt=\"\" class=\"wp-image-10273\" style=\"width:607px;height:auto\" srcset=\"https:\/\/entrenotasyacordes.com\/wp-content\/uploads\/2024\/08\/9j.jpg 1999w, https:\/\/entrenotasyacordes.com\/wp-content\/uploads\/2024\/08\/9j-300x200.jpg 300w, https:\/\/entrenotasyacordes.com\/wp-content\/uploads\/2024\/08\/9j-1024x683.jpg 1024w, https:\/\/entrenotasyacordes.com\/wp-content\/uploads\/2024\/08\/9j-768x512.jpg 768w, https:\/\/entrenotasyacordes.com\/wp-content\/uploads\/2024\/08\/9j-1536x1024.jpg 1536w\" sizes=\"auto, (max-width: 1999px) 100vw, 1999px\" \/><\/figure>\n<\/div>\n\n\n<p>Buenos Aires, 2024\u00a0&#8211; Justo antes de su esperado show en el Teatro Gran Rex el pr\u00f3ximo 25 de octubre, R\u00e1faga sorprende a sus fans con una nueva y emocionante colaboraci\u00f3n: \u00abOtra Oportunidad\u00bb. Este tema une a la banda de cumbia m\u00e1s ic\u00f3nica de Argentina con la talentosa Flor \u00c1lvarez, que potencia de manera org\u00e1nica y genuina cada colaboraci\u00f3n.<\/p>\n\n\n\n<p><strong>\u00abOtra Oportunidad\u00bb<\/strong>&nbsp;es una canci\u00f3n que invita a reflexionar y a pedir perd\u00f3n a un ser querido despu\u00e9s de una ruptura amorosa. Ariel Puchetta, con su inconfundible voz, demuestra una vez m\u00e1s su versatilidad al interpretar una canci\u00f3n de amor que llega directo al coraz\u00f3n. La participaci\u00f3n de Flor \u00c1lvarez a\u00f1ade un toque \u00fanico y especial, creando una conexi\u00f3n instant\u00e1nea con el oyente gracias a su voz angelical y carisma.<\/p>\n\n\n\n<p>Este nuevo sencillo es m\u00e1s que una simple canci\u00f3n; es una uni\u00f3n de dos generaciones, dos estilos y dos voces que se complementan a la perfecci\u00f3n. R\u00e1faga, con Ariel Puchetta (voz), Ra\u00fal \u201cRichard\u201d Rosales (guitarra), Ulises Pi\u00f1eyro (g\u00fciro), Juan Carlos \u201cCoco\u201d Fusco (bajo), Marcelo \u201cPollo\u201d Rodr\u00edguez (congas) y Omar Morel (bater\u00eda), ha trascendido las barreras sociales con su m\u00fasica, llevando la cumbia a rincones inesperados del mundo. Desde Am\u00e9rica Latina hasta Europa, Estados Unidos y Australia, la banda ha conquistado corazones y sigue siendo un referente indiscutible en el g\u00e9nero.<\/p>\n\n\n\n<p>Con \u00e9xitos como \u00abMentirosa Remix\u00bb con Mar\u00eda Becerra, &nbsp;\u00abLa Luna y Tu\u00bb con Soledad Pastorutti, \u201cEsc\u00e1ndalo\u201d con Roze, &nbsp;R\u00e1faga ha demostrado su capacidad para reinventarse y fusionar talentos de manera \u00fanica. Sus cl\u00e1sicos como \u00abR\u00e1faga de Amor\u00bb, \u00abNoche de Estrellas\u00bb y \u00abUna Cerveza\u00bb han alcanzado cifras impresionantes en plataformas digitales, acumulando m\u00e1s de 90 millones de visitas en YouTube y posicion\u00e1ndose entre las mejores 30 de las listas de \u00e9xitos.<\/p>\n\n\n\n<p>El pr\u00f3ximo 25 de octubre, R\u00e1faga se presentar\u00e1 en el Teatro Gran Rex para celebrar sus veintiocho a\u00f1os de carrera con un show que promete ser una fiesta de principio a fin. No te pierdas la oportunidad de ver a R\u00e1faga en vivo, interpretando sus \u00e9xitos y presentando \u00abOtra Oportunidad\u00bb junto a Flor \u00c1lvarez. \u00a1Hagamos bailar a la calle Corrientes con la mejor cumbia!<\/p>\n\n\n<div class=\"wp-block-image\">\n<figure class=\"aligncenter size-full is-resized\"><img loading=\"lazy\" decoding=\"async\" width=\"1080\" height=\"1080\" src=\"https:\/\/entrenotasyacordes.com\/wp-content\/uploads\/2024\/08\/9jjj.jpg\" alt=\"\" class=\"wp-image-10274\" style=\"width:607px;height:auto\" srcset=\"https:\/\/entrenotasyacordes.com\/wp-content\/uploads\/2024\/08\/9jjj.jpg 1080w, https:\/\/entrenotasyacordes.com\/wp-content\/uploads\/2024\/08\/9jjj-300x300.jpg 300w, https:\/\/entrenotasyacordes.com\/wp-content\/uploads\/2024\/08\/9jjj-1024x1024.jpg 1024w, https:\/\/entrenotasyacordes.com\/wp-content\/uploads\/2024\/08\/9jjj-150x150.jpg 150w, https:\/\/entrenotasyacordes.com\/wp-content\/uploads\/2024\/08\/9jjj-768x768.jpg 768w, https:\/\/entrenotasyacordes.com\/wp-content\/uploads\/2024\/08\/9jjj-50x50.jpg 50w\" sizes=\"auto, (max-width: 1080px) 100vw, 1080px\" \/><\/figure>\n<\/div>","protected":false},"excerpt":{"rendered":"","protected":false},"author":5,"featured_media":10272,"comment_status":"open","ping_status":"open","sticky":false,"template":"","format":"standard","meta":{"om_disable_all_campaigns":false,"_uf_show_specific_survey":0,"_uf_disable_surveys":false,"footnotes":""},"categories":[4],"tags":[],"class_list":["post-10271","post","type-post","status-publish","format-standard","has-post-thumbnail","hentry","category-musica"],"_links":{"self":[{"href":"https:\/\/entrenotasyacordes.com\/index.php?rest_route=\/wp\/v2\/posts\/10271","targetHints":{"allow":["GET"]}}],"collection":[{"href":"https:\/\/entrenotasyacordes.com\/index.php?rest_route=\/wp\/v2\/posts"}],"about":[{"href":"https:\/\/entrenotasyacordes.com\/index.php?rest_route=\/wp\/v2\/types\/post"}],"author":[{"embeddable":true,"href":"https:\/\/entrenotasyacordes.com\/index.php?rest_route=\/wp\/v2\/users\/5"}],"replies":[{"embeddable":true,"href":"https:\/\/entrenotasyacordes.com\/index.php?rest_route=%2Fwp%2Fv2%2Fcomments&post=10271"}],"version-history":[{"count":1,"href":"https:\/\/entrenotasyacordes.com\/index.php?rest_route=\/wp\/v2\/posts\/10271\/revisions"}],"predecessor-version":[{"id":10275,"href":"https:\/\/entrenotasyacordes.com\/index.php?rest_route=\/wp\/v2\/posts\/10271\/revisions\/10275"}],"wp:featuredmedia":[{"embeddable":true,"href":"https:\/\/entrenotasyacordes.com\/index.php?rest_route=\/wp\/v2\/media\/10272"}],"wp:attachment":[{"href":"https:\/\/entrenotasyacordes.com\/index.php?rest_route=%2Fwp%2Fv2%2Fmedia&parent=10271"}],"wp:term":[{"taxonomy":"category","embeddable":true,"href":"https:\/\/entrenotasyacordes.com\/index.php?rest_route=%2Fwp%2Fv2%2Fcategories&post=10271"},{"taxonomy":"post_tag","embeddable":true,"href":"https:\/\/entrenotasyacordes.com\/index.php?rest_route=%2Fwp%2Fv2%2Ftags&post=10271"}],"curies":[{"name":"wp","href":"https:\/\/api.w.org\/{rel}","templated":true}]}}