{"id":10281,"date":"2024-08-08T17:23:17","date_gmt":"2024-08-08T17:23:17","guid":{"rendered":"https:\/\/entrenotasyacordes.com\/?p=10281"},"modified":"2024-08-08T17:23:19","modified_gmt":"2024-08-08T17:23:19","slug":"los-pampas-viernes-8-de-noviembre-en-la-trastienda","status":"publish","type":"post","link":"https:\/\/entrenotasyacordes.com\/?p=10281","title":{"rendered":"LOS PAMPAS Viernes 8 de noviembre en La Trastienda"},"content":{"rendered":"\n<!--more-->\n\n\n\n<p><strong>Luego de 15 a\u00f1os de representar a la ciudad\u00a0en los escenarios m\u00e1s importantes del pa\u00eds y de estar presentes en el Festival Folklore del mundo 2024, en Calella (Espa\u00f1a), la banda emblema del folklore porte\u00f1o vuelve a Capital Federal para presentarse en La Trastienda.<\/strong><\/p>\n\n\n\n<p><strong>La cita es el viernes 8 de noviembre a las 20:30 hs y las entradas se consiguen a trav\u00e9s de\u00a0<a href=\"https:\/\/facebook.us19.list-manage.com\/track\/click?u=22c32414668db5236cced0caf&amp;id=5fb518b12f&amp;e=7a082f37dc\" target=\"_blank\" rel=\"noreferrer noopener\">TuEntrada.com<\/a>.<\/strong><\/p>\n\n\n<div class=\"wp-block-image\">\n<figure class=\"aligncenter size-full is-resized\"><img loading=\"lazy\" decoding=\"async\" width=\"828\" height=\"1035\" src=\"https:\/\/entrenotasyacordes.com\/wp-content\/uploads\/2024\/08\/10a.jpg\" alt=\"\" class=\"wp-image-10282\" style=\"width:607px;height:auto\" srcset=\"https:\/\/entrenotasyacordes.com\/wp-content\/uploads\/2024\/08\/10a.jpg 828w, https:\/\/entrenotasyacordes.com\/wp-content\/uploads\/2024\/08\/10a-240x300.jpg 240w, https:\/\/entrenotasyacordes.com\/wp-content\/uploads\/2024\/08\/10a-819x1024.jpg 819w, https:\/\/entrenotasyacordes.com\/wp-content\/uploads\/2024\/08\/10a-768x960.jpg 768w\" sizes=\"auto, (max-width: 828px) 100vw, 828px\" \/><\/figure>\n<\/div>\n\n\n<p>Los\u00a0Pampas\u00a0pisan escenarios de todo el pa\u00eds desde hace 15\u00a0a\u00f1os con un repertorio de grandes compositores del cancionero folkl\u00f3rico nacional y producciones propias con una s\u00f3lida identidad vocal.<br>En 2019 fueron distinguidos como \u201cPersonalidad destacada de la Cultura\u201d por ser el \u00fanico grupo 100% porte\u00f1o con participaci\u00f3n en\u00a0los\u00a0festivales m\u00e1s importantes del pa\u00eds como Cosqu\u00edn, Jes\u00fas Mar\u00eda y Baradero, entre otros.<\/p>\n\n\n\n<p>En 2020\u00a0fueron proclamados \u201cConsagraci\u00f3n de Festival Buenos Aires Folklore\u201d transmitido por el Canal de la Ciudad.<\/p>\n\n\n\n<p>A partir de 2021 hasta el momento Los\u00a0Pampas siguieron recorriendo escenarios, se presentaron en los festivales m\u00e1s importantes del pa\u00eds\u00a0como Jesus Mar\u00eda y Cosqu\u00edn BA. Pasaron tambi\u00e9n por\u00a0La fiesta del pe\u00f3n rural en la provincia de\u00a0Corrientes, Festival Patria en el Teatro Broadway y el Campeonato federal del asado en la 9 de Julio, y nos representaron en el Festival internacional Calella en Barcelona, junto a grupos de folklore todo el mundo.<br><br>Actualmente se encuentran promocionando\u00a0su nuevo disco\u00a0\u00abPulso\u00bb. En este material\u00a0se combinan las modernidades de la m\u00fasica binaria y el 6\/8 de la m\u00fasica folcl\u00f3rica que persiste como un latido detr\u00e1s de cada composici\u00f3n.<\/p>\n\n\n\n<p>\u00abPulso\u00bb cuenta con la participaci\u00f3n de \u00abCondor\u00bb Sbarbati (Bersuit Vergarabat), Hugo Lobo (Dancing Mood), Fabricio Rodriguez, Facundo Rufino y Diego Mizrahi.<br><br>Las obras que conforman el disco\u00a0var\u00edan entre composiciones propias, de autores del genero folklorico y hasta se atreven a realizar versiones de las canciones\u00a0\u00abFuji\u00bb de\u00a0Luis Alberto Spinetta y \u00abTu nombre y el m\u00edo\u00bb de\u00a0Lisandro Aristimu\u00f1o.<br><br>\u00abPulso\u00bb\u00a0se encuentra\u00a0disponible en plataformas digitales para su escucha y fue\u00a0presentado oficialmente en vivo en Capital Federal, el domingo 25 de febrero\u00a0en el Anfiteatro del Parque Centenario.<\/p>\n\n\n<div class=\"wp-block-image\">\n<figure class=\"aligncenter size-full is-resized\"><img loading=\"lazy\" decoding=\"async\" width=\"640\" height=\"640\" src=\"https:\/\/entrenotasyacordes.com\/wp-content\/uploads\/2024\/08\/10aa.jpg\" alt=\"\" class=\"wp-image-10283\" style=\"width:607px;height:auto\" srcset=\"https:\/\/entrenotasyacordes.com\/wp-content\/uploads\/2024\/08\/10aa.jpg 640w, https:\/\/entrenotasyacordes.com\/wp-content\/uploads\/2024\/08\/10aa-300x300.jpg 300w, https:\/\/entrenotasyacordes.com\/wp-content\/uploads\/2024\/08\/10aa-150x150.jpg 150w, https:\/\/entrenotasyacordes.com\/wp-content\/uploads\/2024\/08\/10aa-50x50.jpg 50w\" sizes=\"auto, (max-width: 640px) 100vw, 640px\" \/><\/figure>\n<\/div>\n\n\n<p><strong>Sobre el nuevo disco:<br><br><\/strong>\u00abPulso\u00bb\u00a0recupera el latido del hombre y su entorno, combinando la m\u00fasica de ra\u00edz folcl\u00f3rica con\u00a0los\u00a0nuevos acentos de la m\u00fasica actual.<br><br>Este material se encuentra disponible en plataformas digitales desde el 24 de noviembre y fue recibido con una avant premiere en el Auditorio de la Asociaci\u00f3n\u00a0Bancaria en la cual se estren\u00f3 el videoclip de Beso eterno, uno de\u00a0los 9 tracks\u00a0que forman parte de \u00abPulso\u00bb.<\/p>\n","protected":false},"excerpt":{"rendered":"","protected":false},"author":5,"featured_media":10282,"comment_status":"open","ping_status":"open","sticky":false,"template":"","format":"standard","meta":{"om_disable_all_campaigns":false,"_uf_show_specific_survey":0,"_uf_disable_surveys":false,"footnotes":""},"categories":[36],"tags":[],"class_list":["post-10281","post","type-post","status-publish","format-standard","has-post-thumbnail","hentry","category-conciertos"],"_links":{"self":[{"href":"https:\/\/entrenotasyacordes.com\/index.php?rest_route=\/wp\/v2\/posts\/10281","targetHints":{"allow":["GET"]}}],"collection":[{"href":"https:\/\/entrenotasyacordes.com\/index.php?rest_route=\/wp\/v2\/posts"}],"about":[{"href":"https:\/\/entrenotasyacordes.com\/index.php?rest_route=\/wp\/v2\/types\/post"}],"author":[{"embeddable":true,"href":"https:\/\/entrenotasyacordes.com\/index.php?rest_route=\/wp\/v2\/users\/5"}],"replies":[{"embeddable":true,"href":"https:\/\/entrenotasyacordes.com\/index.php?rest_route=%2Fwp%2Fv2%2Fcomments&post=10281"}],"version-history":[{"count":1,"href":"https:\/\/entrenotasyacordes.com\/index.php?rest_route=\/wp\/v2\/posts\/10281\/revisions"}],"predecessor-version":[{"id":10284,"href":"https:\/\/entrenotasyacordes.com\/index.php?rest_route=\/wp\/v2\/posts\/10281\/revisions\/10284"}],"wp:featuredmedia":[{"embeddable":true,"href":"https:\/\/entrenotasyacordes.com\/index.php?rest_route=\/wp\/v2\/media\/10282"}],"wp:attachment":[{"href":"https:\/\/entrenotasyacordes.com\/index.php?rest_route=%2Fwp%2Fv2%2Fmedia&parent=10281"}],"wp:term":[{"taxonomy":"category","embeddable":true,"href":"https:\/\/entrenotasyacordes.com\/index.php?rest_route=%2Fwp%2Fv2%2Fcategories&post=10281"},{"taxonomy":"post_tag","embeddable":true,"href":"https:\/\/entrenotasyacordes.com\/index.php?rest_route=%2Fwp%2Fv2%2Ftags&post=10281"}],"curies":[{"name":"wp","href":"https:\/\/api.w.org\/{rel}","templated":true}]}}