{"id":10285,"date":"2024-08-08T17:27:56","date_gmt":"2024-08-08T17:27:56","guid":{"rendered":"https:\/\/entrenotasyacordes.com\/?p=10285"},"modified":"2024-08-08T17:27:58","modified_gmt":"2024-08-08T17:27:58","slug":"camilu-en-vivo-en-buenos-aires","status":"publish","type":"post","link":"https:\/\/entrenotasyacordes.com\/?p=10285","title":{"rendered":"\u00a1CAMIL\u00da en vivo en Buenos Aires!"},"content":{"rendered":"\n<!--more-->\n\n\n<div class=\"wp-block-image\">\n<figure class=\"aligncenter size-full is-resized\"><img loading=\"lazy\" decoding=\"async\" width=\"600\" height=\"600\" src=\"https:\/\/entrenotasyacordes.com\/wp-content\/uploads\/2024\/08\/10b.jpeg\" alt=\"\" class=\"wp-image-10286\" style=\"width:607px;height:auto\" srcset=\"https:\/\/entrenotasyacordes.com\/wp-content\/uploads\/2024\/08\/10b.jpeg 600w, https:\/\/entrenotasyacordes.com\/wp-content\/uploads\/2024\/08\/10b-300x300.jpeg 300w, https:\/\/entrenotasyacordes.com\/wp-content\/uploads\/2024\/08\/10b-150x150.jpeg 150w, https:\/\/entrenotasyacordes.com\/wp-content\/uploads\/2024\/08\/10b-50x50.jpeg 50w\" sizes=\"auto, (max-width: 600px) 100vw, 600px\" \/><\/figure>\n<\/div>\n\n\n<p>En un a\u00f1o en el cu\u00e1l se encuentra enfocada en componer su pr\u00f3ximo \u00e1lbum,&nbsp;<strong>CAMIL\u00da&nbsp;<\/strong>confirma su nuevo show en vivo! Este<strong>&nbsp;2 de Octubre<\/strong>&nbsp;se estar\u00e1 presentando en&nbsp;<strong>La Tangente<\/strong>, y las entradas ya se encuentran a la venta&nbsp;<a href=\"https:\/\/aafop.r.a.d.sendibm1.com\/mk\/cl\/f\/sh\/6rqJfgq8dIR6TEPeFhTRTaFUNN7\/7DqJBFh8aNaT\" target=\"_blank\" rel=\"noreferrer noopener\"><u>ac\u00e1<\/u><\/a>.<\/p>\n\n\n\n<p>En una noche que promete ser \u00fanica,\u00a0<strong>CAMIL\u00da<\/strong>\u00a0interpretar\u00e1 sus m\u00e1s recientes canciones, adem\u00e1s de aquellas que la llevaron a convertirse en una de las promesas de la m\u00fasica local. Buenos Aires, una vez m\u00e1s, podr\u00e1 disfrutar de su voz y melod\u00edas en una velada inolvidable, tal como nos tiene acostumbrados.<\/p>\n\n\n\n<p><strong>CAMIL\u00da<\/strong>\u00a0comenz\u00f3 el a\u00f1o con una serie de<em>\u00a0Live Sessions<\/em>\u00a0que vienen dando de qu\u00e9 hablar. La base de este proyecto es la uni\u00f3n con diferentes m\u00fasicos de la industria para llevar a cabo versiones m\u00e1s despojadas de canciones ic\u00f3nicas de Camil\u00fa. Comenzando en el Vol.1 con, nada m\u00e1s ni nada menos, que\u00a0<strong>Karina La Princesita<\/strong>, en la canci\u00f3n \u00abYa Me Habr\u00e9 Ido\u00bb, seguido por\u00a0<strong>Muna\u00a0<\/strong>en el Vol.2 ,\u00a0<strong>Soledad Pastorutti<\/strong>\u00a0en Vol. 3, y para el Vol.4 Camil\u00fa decide deleitarnos con una canci\u00f3n in\u00e9dita \u00abTodav\u00eda voy bien\u00bb, y retomar con los cruces con artistas en el Vol.5 junto a\u00a0<strong>Benja Amadeo<\/strong>\u00a0en \u00abInfinito\u00bb.<\/p>\n\n\n\n<p><strong>CAMIL\u00da&nbsp;<\/strong>contin\u00faa su ascendente camino en esta industria y sorprende con su frescura, carisma y talento. Recientemente, la cantautora se present\u00f3 ante miles de personas en el&nbsp;<strong>Movistar Arena&nbsp;<\/strong>realizando el opening show de&nbsp;<strong>CAMILA<\/strong>, el tr\u00edo mexicano que regres\u00f3 a la Argentina luego de 10 a\u00f1os.<\/p>\n\n\n\n<p>La joven chubutense, se ha destacado en la escena musical contempor\u00e1nea, recientemente nominada a los Latin Grammy 2023 en la categor\u00eda \u00abMejor \u00c1lbum Tradicional Pop\u00bb por su aclamado disco \u00abQue Me Duela\u00bb.&nbsp;<\/p>\n\n\n\n<p>Con participaciones en eventos de renombre como el Festival Internacional de la canci\u00f3n de Vi\u00f1a del Mar y el Lollapalooza Argentina, CAMIL\u00da ha capturado la atenci\u00f3n del p\u00fablico con su voz \u00fanica y su repertorio distintivo.<\/p>\n\n\n\n<p>No te pierdas la oportunidad de experimentar la magia de CAMIL\u00da en vivo y segu\u00ed atento a sus redes sociales con toda la informaci\u00f3n!<\/p>\n","protected":false},"excerpt":{"rendered":"","protected":false},"author":5,"featured_media":10286,"comment_status":"open","ping_status":"open","sticky":false,"template":"","format":"standard","meta":{"om_disable_all_campaigns":false,"_uf_show_specific_survey":0,"_uf_disable_surveys":false,"footnotes":""},"categories":[36],"tags":[],"class_list":["post-10285","post","type-post","status-publish","format-standard","has-post-thumbnail","hentry","category-conciertos"],"_links":{"self":[{"href":"https:\/\/entrenotasyacordes.com\/index.php?rest_route=\/wp\/v2\/posts\/10285","targetHints":{"allow":["GET"]}}],"collection":[{"href":"https:\/\/entrenotasyacordes.com\/index.php?rest_route=\/wp\/v2\/posts"}],"about":[{"href":"https:\/\/entrenotasyacordes.com\/index.php?rest_route=\/wp\/v2\/types\/post"}],"author":[{"embeddable":true,"href":"https:\/\/entrenotasyacordes.com\/index.php?rest_route=\/wp\/v2\/users\/5"}],"replies":[{"embeddable":true,"href":"https:\/\/entrenotasyacordes.com\/index.php?rest_route=%2Fwp%2Fv2%2Fcomments&post=10285"}],"version-history":[{"count":1,"href":"https:\/\/entrenotasyacordes.com\/index.php?rest_route=\/wp\/v2\/posts\/10285\/revisions"}],"predecessor-version":[{"id":10287,"href":"https:\/\/entrenotasyacordes.com\/index.php?rest_route=\/wp\/v2\/posts\/10285\/revisions\/10287"}],"wp:featuredmedia":[{"embeddable":true,"href":"https:\/\/entrenotasyacordes.com\/index.php?rest_route=\/wp\/v2\/media\/10286"}],"wp:attachment":[{"href":"https:\/\/entrenotasyacordes.com\/index.php?rest_route=%2Fwp%2Fv2%2Fmedia&parent=10285"}],"wp:term":[{"taxonomy":"category","embeddable":true,"href":"https:\/\/entrenotasyacordes.com\/index.php?rest_route=%2Fwp%2Fv2%2Fcategories&post=10285"},{"taxonomy":"post_tag","embeddable":true,"href":"https:\/\/entrenotasyacordes.com\/index.php?rest_route=%2Fwp%2Fv2%2Ftags&post=10285"}],"curies":[{"name":"wp","href":"https:\/\/api.w.org\/{rel}","templated":true}]}}