{"id":10288,"date":"2024-08-08T17:35:42","date_gmt":"2024-08-08T17:35:42","guid":{"rendered":"https:\/\/entrenotasyacordes.com\/?p=10288"},"modified":"2024-08-08T17:35:44","modified_gmt":"2024-08-08T17:35:44","slug":"estelares-se-presenta-en-el-teatro-argentino-de-la-plata","status":"publish","type":"post","link":"https:\/\/entrenotasyacordes.com\/?p=10288","title":{"rendered":"ESTELARES SE PRESENTA EN EL TEATRO ARGENTINO DE LA PLATA"},"content":{"rendered":"\n<!--more-->\n\n\n<div class=\"wp-block-image\">\n<figure class=\"aligncenter size-full is-resized\"><img loading=\"lazy\" decoding=\"async\" width=\"1080\" height=\"1080\" src=\"https:\/\/entrenotasyacordes.com\/wp-content\/uploads\/2024\/08\/10c.jpg\" alt=\"\" class=\"wp-image-10289\" style=\"width:607px;height:auto\" srcset=\"https:\/\/entrenotasyacordes.com\/wp-content\/uploads\/2024\/08\/10c.jpg 1080w, https:\/\/entrenotasyacordes.com\/wp-content\/uploads\/2024\/08\/10c-300x300.jpg 300w, https:\/\/entrenotasyacordes.com\/wp-content\/uploads\/2024\/08\/10c-1024x1024.jpg 1024w, https:\/\/entrenotasyacordes.com\/wp-content\/uploads\/2024\/08\/10c-150x150.jpg 150w, https:\/\/entrenotasyacordes.com\/wp-content\/uploads\/2024\/08\/10c-768x768.jpg 768w, https:\/\/entrenotasyacordes.com\/wp-content\/uploads\/2024\/08\/10c-50x50.jpg 50w\" sizes=\"auto, (max-width: 1080px) 100vw, 1080px\" \/><\/figure>\n<\/div>\n\n\n<p>La consagrada banda<strong>\u00a0Estelares<\/strong>\u00a0se encuentra celebrando sus 30 a\u00f1os con shows en todo pa\u00eds, en el marco de esta gira la banda se estar\u00e1 presentando en el m\u00edtico\u00a0<strong>Teatro Argentino<\/strong>\u00a0de la ciudad de La Plata\u00a0en show donde recorrer\u00e1n su extensa trayectoria y adelantar\u00e1n temas nuevos.<\/p>\n\n\n\n<p>La cita ser\u00e1 el<strong>\u00a0jueves 5 de septiembre\u00a0<\/strong>&#8211; 21hs &#8211; las<strong>\u00a0entradas<\/strong>\u00a0ya se encuentran\u00a0<strong>a la venta<\/strong>\u00a0por sistema\u00a0<strong><a href=\"https:\/\/livepass.com.ar\/events\/estelares-en-el-teatro-argentino?utm_source=perfit&amp;utm_medium=email\" target=\"_blank\" rel=\"noreferrer noopener\">Livepass<\/a><\/strong>.\u00a0<strong>Con tarjetas Visa y Mastercard del Banco Provincia ten\u00e9s 6 cuotas sin inter\u00e9s.<\/strong><\/p>\n\n\n\n<p>Formados en la ciudad de La Plata en 1994, se encuentra integrada por Manuel Moretti en voz, Pali Silveira en bajo y Victor Bertamoni en guitarra, acompa\u00f1ados de excelentes m\u00fasicos tanto en escena como en sus\u00a0\u00e1lbumes, hasta el d\u00eda de la fecha cuenta con 9 discos al d\u00eda de la fecha. A lo largo de su carrera han sido nominados a los premios MTV y recibido m\u00faltiples\u00a0nominaciones a los Premios Gardel y ganaron en 2017 a mejor \u00e1lbum pop \u00a8Las\u00a0antenas\u00a8<\/p>\n","protected":false},"excerpt":{"rendered":"","protected":false},"author":5,"featured_media":10289,"comment_status":"open","ping_status":"open","sticky":false,"template":"","format":"standard","meta":{"om_disable_all_campaigns":false,"_uf_show_specific_survey":0,"_uf_disable_surveys":false,"footnotes":""},"categories":[36],"tags":[],"class_list":["post-10288","post","type-post","status-publish","format-standard","has-post-thumbnail","hentry","category-conciertos"],"_links":{"self":[{"href":"https:\/\/entrenotasyacordes.com\/index.php?rest_route=\/wp\/v2\/posts\/10288","targetHints":{"allow":["GET"]}}],"collection":[{"href":"https:\/\/entrenotasyacordes.com\/index.php?rest_route=\/wp\/v2\/posts"}],"about":[{"href":"https:\/\/entrenotasyacordes.com\/index.php?rest_route=\/wp\/v2\/types\/post"}],"author":[{"embeddable":true,"href":"https:\/\/entrenotasyacordes.com\/index.php?rest_route=\/wp\/v2\/users\/5"}],"replies":[{"embeddable":true,"href":"https:\/\/entrenotasyacordes.com\/index.php?rest_route=%2Fwp%2Fv2%2Fcomments&post=10288"}],"version-history":[{"count":1,"href":"https:\/\/entrenotasyacordes.com\/index.php?rest_route=\/wp\/v2\/posts\/10288\/revisions"}],"predecessor-version":[{"id":10290,"href":"https:\/\/entrenotasyacordes.com\/index.php?rest_route=\/wp\/v2\/posts\/10288\/revisions\/10290"}],"wp:featuredmedia":[{"embeddable":true,"href":"https:\/\/entrenotasyacordes.com\/index.php?rest_route=\/wp\/v2\/media\/10289"}],"wp:attachment":[{"href":"https:\/\/entrenotasyacordes.com\/index.php?rest_route=%2Fwp%2Fv2%2Fmedia&parent=10288"}],"wp:term":[{"taxonomy":"category","embeddable":true,"href":"https:\/\/entrenotasyacordes.com\/index.php?rest_route=%2Fwp%2Fv2%2Fcategories&post=10288"},{"taxonomy":"post_tag","embeddable":true,"href":"https:\/\/entrenotasyacordes.com\/index.php?rest_route=%2Fwp%2Fv2%2Ftags&post=10288"}],"curies":[{"name":"wp","href":"https:\/\/api.w.org\/{rel}","templated":true}]}}