{"id":10291,"date":"2024-08-08T17:44:57","date_gmt":"2024-08-08T17:44:57","guid":{"rendered":"https:\/\/entrenotasyacordes.com\/?p=10291"},"modified":"2024-08-08T17:45:32","modified_gmt":"2024-08-08T17:45:32","slug":"siames-melodramatic-tour-presentacion-oficial-del-nuevo-album","status":"publish","type":"post","link":"https:\/\/entrenotasyacordes.com\/?p=10291","title":{"rendered":"SIAM\u00c9S MELODRAMATIC TOUR \u00a1PRESENTACI\u00d3N OFICIAL DEL NUEVO \u00c1LBUM!"},"content":{"rendered":"\n<!--more-->\n\n\n\n<p class=\"has-text-align-center\">JUEVES 3 OCTUBRE \u2013 20:30hs<br>TEATRO GRAN REX \u2013 AV. CORRIENTES 857<br>ENTRADAS A LA VENTA EN\u00a0<a href=\"http:\/\/www.tuentrada.com\/\" target=\"_blank\" rel=\"noreferrer noopener\">WWW.TUENTRADA.COM<\/a><\/p>\n\n\n<div class=\"wp-block-image\">\n<figure class=\"aligncenter size-full is-resized\"><img loading=\"lazy\" decoding=\"async\" width=\"1080\" height=\"1080\" src=\"https:\/\/entrenotasyacordes.com\/wp-content\/uploads\/2024\/08\/10d-1.jpg\" alt=\"\" class=\"wp-image-10293\" style=\"width:607px;height:auto\" srcset=\"https:\/\/entrenotasyacordes.com\/wp-content\/uploads\/2024\/08\/10d-1.jpg 1080w, https:\/\/entrenotasyacordes.com\/wp-content\/uploads\/2024\/08\/10d-1-300x300.jpg 300w, https:\/\/entrenotasyacordes.com\/wp-content\/uploads\/2024\/08\/10d-1-1024x1024.jpg 1024w, https:\/\/entrenotasyacordes.com\/wp-content\/uploads\/2024\/08\/10d-1-150x150.jpg 150w, https:\/\/entrenotasyacordes.com\/wp-content\/uploads\/2024\/08\/10d-1-768x768.jpg 768w, https:\/\/entrenotasyacordes.com\/wp-content\/uploads\/2024\/08\/10d-1-50x50.jpg 50w\" sizes=\"auto, (max-width: 1080px) 100vw, 1080px\" \/><\/figure>\n<\/div>\n\n\n<p>Luego del agotar las localidades en su presentaci\u00f3n en el Teatro Broadway en 2023,<strong>&nbsp;Siam\u00e9s<\/strong>&nbsp;eleva la apuesta y se presentar\u00e1 el jueves 3 de octubre a las 20:30hs en el m\u00edtico&nbsp;<strong>Teatro Gran Rex&nbsp;<\/strong>(Av. Corrientes 857) en el marco de la presentaci\u00f3n oficial de su nuevo \u00e1lbum titulado&nbsp;<strong>\u201cMelodramatic\u201d<\/strong>, en lo que promete ser el show m\u00e1s grande e importante de su carrera hasta el momento.<\/p>\n\n\n\n<p><strong>\u00abMelodramatic\u00bb<\/strong>&nbsp;representa el comienzo de una nueva era para la banda, reinvent\u00e1ndose para alcanzar nuevas cumbres en su carrera, con un \u00e1lbum que promete dejar una marca imborrable.<\/p>\n\n\n\n<p>El a\u00f1o 2017 marc\u00f3 su explosivo ascenso, no solo su \u00e1lbum debut autoeditado,&nbsp;<strong>\u00abBounce Into The Music\u00bb<\/strong>, comenz\u00f3 a ser escuchado por todo el mundo, sino que sus videoclips animados, al mejor estilo anim\u00e9 japon\u00e9s, se convirtieron en piezas de culto para millones de j\u00f3venes alrededor del planeta.<\/p>\n\n\n\n<p>El mejor ejemplo de ello es la canci\u00f3n&nbsp;<strong>\u201cThe Wolf\u201d, su video supera las 195 millones de reproducciones solamente en YouTube.<\/strong><\/p>\n\n\n\n<p>No es casual que sus canciones superen los 300 millones de reproducciones y sean escuchadas por m\u00e1s de 750.000 oyentes mensuales en Spotify y que sus suscriptores en su canal de YouTube sean m\u00e1s de 600.000.<\/p>\n\n\n\n<p>El \u00e9xito de&nbsp;<strong>Siam\u00e9s<\/strong>&nbsp;se debe a su b\u00fasqueda art\u00edstica de superaci\u00f3n constante acompa\u00f1ado de un sonido de calidad internacional, con estribillos memorables y un claro mensaje en cada una de sus letras que logra conectar con las situaciones de la vida moderna en el mundo actual.<\/p>\n\n\n\n<p><strong>\u201cThe Phoenix\u201d<\/strong>, editado el 26 de Abril 2024, fu\u00e9 el puntapi\u00e9 incial del esperado nuevo \u00e1lbum&nbsp;<strong>\u201cMelodramatic\u201d<\/strong>&nbsp;que fue grabado en los m\u00edticos estudios Sonic Ranch de Texas, USA, sitio frecuentado por artistas como Arcade Fire, Cage The Elephant, Portugal The Man, Yeah Yeah Yeahs y consta de 8 canciones compuestas \u00edntegramente por&nbsp;<strong>Siam\u00e9s<\/strong>&nbsp;y producidas por una dupla de productores de renombre internacional como son&nbsp;<strong>H\u00e9ctor Castillo<\/strong>&nbsp;(Bowie, Bjork, Beck, Gustavo Cerati) y&nbsp;<strong>Brian<\/strong>&nbsp;<strong>Taylor<\/strong>&nbsp;(Trueno, Nathy Peluso, Marilina Bertoldi).<\/p>\n\n\n\n<p>La banda edit\u00f3 a mediados del mes de junio su nuevo single&nbsp;<strong>\u201cBaby Don\u2019t Give Up\u201d<\/strong>.&nbsp;<\/p>\n\n\n\n<p>El&nbsp;<strong>\u201cMelodramatic Tour\u201d<\/strong>&nbsp;llevar\u00e1 a&nbsp;<strong>Siam\u00e9s<\/strong>&nbsp;por 8 pa\u00edses y 14 ciudades de Europa en el mes de noviembre, &nbsp;regresar\u00e1n nuevamente a Chile, M\u00e9xico y Estados Unidos e ir\u00e1n por primera vez a Brasil en el mes de septiembre.<\/p>\n\n\n\n<p>Llevar\u00e1 a la banda a recorrer Sudam\u00e9rica, M\u00e9xico, Estados Unidos y Europa en una gira de m\u00e1s de tres meses.\u00a0 Para m\u00e1s info del tour:\u00a0<a href=\"https:\/\/linktr.ee\/siames\" target=\"_blank\" rel=\"noreferrer noopener\"><u>https:\/\/linktr.ee\/siames<\/u><\/a><\/p>\n\n\n\n<p><strong><u>TOUR ARGENTINA 2024<\/u><\/strong><\/p>\n\n\n\n<p>25\/9 &#8211; ELVIS &#8211; R\u00cdO IV \u2013 C\u00d3RDOBA<br>26\/9 \u2013 TEATRO MENDOZA \u2013 MENDOZA<br>27\/9 \u2013 CLUB PARAGUAY \u2013 C\u00d3RDOBA<br>28\/9 \u2013 CENTRO CULTURAL G\u00dcEMES \u2013 ROSARIO<br><strong>3\/10 \u2013 TEATRO GRAN REX \u2013 BUENOS AIRES<\/strong><br>5\/10 \u2013 VORTERIX \u2013 MAR DEL PLATA<\/p>\n\n\n<div class=\"wp-block-image\">\n<figure class=\"aligncenter size-full is-resized\"><img loading=\"lazy\" decoding=\"async\" width=\"1512\" height=\"2016\" src=\"https:\/\/entrenotasyacordes.com\/wp-content\/uploads\/2024\/08\/10dd.jpg\" alt=\"\" class=\"wp-image-10294\" style=\"width:607px;height:auto\" srcset=\"https:\/\/entrenotasyacordes.com\/wp-content\/uploads\/2024\/08\/10dd.jpg 1512w, https:\/\/entrenotasyacordes.com\/wp-content\/uploads\/2024\/08\/10dd-225x300.jpg 225w, https:\/\/entrenotasyacordes.com\/wp-content\/uploads\/2024\/08\/10dd-768x1024.jpg 768w, https:\/\/entrenotasyacordes.com\/wp-content\/uploads\/2024\/08\/10dd-1152x1536.jpg 1152w, https:\/\/entrenotasyacordes.com\/wp-content\/uploads\/2024\/08\/10dd-1024x1365.jpg 1024w\" sizes=\"auto, (max-width: 1512px) 100vw, 1512px\" \/><figcaption class=\"wp-element-caption\">Cr\u00e9dito: Mat\u00edas Cugat<\/figcaption><\/figure>\n<\/div>","protected":false},"excerpt":{"rendered":"","protected":false},"author":5,"featured_media":10293,"comment_status":"open","ping_status":"open","sticky":false,"template":"","format":"standard","meta":{"om_disable_all_campaigns":false,"_uf_show_specific_survey":0,"_uf_disable_surveys":false,"footnotes":""},"categories":[36],"tags":[],"class_list":["post-10291","post","type-post","status-publish","format-standard","has-post-thumbnail","hentry","category-conciertos"],"_links":{"self":[{"href":"https:\/\/entrenotasyacordes.com\/index.php?rest_route=\/wp\/v2\/posts\/10291","targetHints":{"allow":["GET"]}}],"collection":[{"href":"https:\/\/entrenotasyacordes.com\/index.php?rest_route=\/wp\/v2\/posts"}],"about":[{"href":"https:\/\/entrenotasyacordes.com\/index.php?rest_route=\/wp\/v2\/types\/post"}],"author":[{"embeddable":true,"href":"https:\/\/entrenotasyacordes.com\/index.php?rest_route=\/wp\/v2\/users\/5"}],"replies":[{"embeddable":true,"href":"https:\/\/entrenotasyacordes.com\/index.php?rest_route=%2Fwp%2Fv2%2Fcomments&post=10291"}],"version-history":[{"count":1,"href":"https:\/\/entrenotasyacordes.com\/index.php?rest_route=\/wp\/v2\/posts\/10291\/revisions"}],"predecessor-version":[{"id":10295,"href":"https:\/\/entrenotasyacordes.com\/index.php?rest_route=\/wp\/v2\/posts\/10291\/revisions\/10295"}],"wp:featuredmedia":[{"embeddable":true,"href":"https:\/\/entrenotasyacordes.com\/index.php?rest_route=\/wp\/v2\/media\/10293"}],"wp:attachment":[{"href":"https:\/\/entrenotasyacordes.com\/index.php?rest_route=%2Fwp%2Fv2%2Fmedia&parent=10291"}],"wp:term":[{"taxonomy":"category","embeddable":true,"href":"https:\/\/entrenotasyacordes.com\/index.php?rest_route=%2Fwp%2Fv2%2Fcategories&post=10291"},{"taxonomy":"post_tag","embeddable":true,"href":"https:\/\/entrenotasyacordes.com\/index.php?rest_route=%2Fwp%2Fv2%2Ftags&post=10291"}],"curies":[{"name":"wp","href":"https:\/\/api.w.org\/{rel}","templated":true}]}}