{"id":10312,"date":"2024-08-09T21:39:10","date_gmt":"2024-08-09T21:39:10","guid":{"rendered":"https:\/\/entrenotasyacordes.com\/?p=10312"},"modified":"2024-08-09T21:39:11","modified_gmt":"2024-08-09T21:39:11","slug":"manu-estrach-debuta-como-solista-con-%c2%a8secuencia-del-amor%c2%a8","status":"publish","type":"post","link":"https:\/\/entrenotasyacordes.com\/?p=10312","title":{"rendered":"Manu Estrach debuta como solista con \u00a8Secuencia del Amor\u00a8"},"content":{"rendered":"\n<!--more-->\n\n\n<div class=\"wp-block-image\">\n<figure class=\"aligncenter size-full is-resized\"><img loading=\"lazy\" decoding=\"async\" width=\"2560\" height=\"2560\" src=\"https:\/\/entrenotasyacordes.com\/wp-content\/uploads\/2024\/08\/1e-scaled.jpg\" alt=\"\" class=\"wp-image-10313\" style=\"width:607px;height:auto\" srcset=\"https:\/\/entrenotasyacordes.com\/wp-content\/uploads\/2024\/08\/1e-scaled.jpg 2560w, https:\/\/entrenotasyacordes.com\/wp-content\/uploads\/2024\/08\/1e-300x300.jpg 300w, https:\/\/entrenotasyacordes.com\/wp-content\/uploads\/2024\/08\/1e-1024x1024.jpg 1024w, https:\/\/entrenotasyacordes.com\/wp-content\/uploads\/2024\/08\/1e-150x150.jpg 150w, https:\/\/entrenotasyacordes.com\/wp-content\/uploads\/2024\/08\/1e-768x768.jpg 768w, https:\/\/entrenotasyacordes.com\/wp-content\/uploads\/2024\/08\/1e-1536x1536.jpg 1536w, https:\/\/entrenotasyacordes.com\/wp-content\/uploads\/2024\/08\/1e-2048x2048.jpg 2048w, https:\/\/entrenotasyacordes.com\/wp-content\/uploads\/2024\/08\/1e-50x50.jpg 50w\" sizes=\"auto, (max-width: 2560px) 100vw, 2560px\" \/><\/figure>\n<\/div>\n\n\n<p class=\"has-text-align-left\"><strong>\u201cSecuencia del amor\u201d<\/strong>\u00a0es el single<strong>\u00a0debut del proyecto solista de Manu Estrach.<\/strong>\u00a0Este single esta inclu\u00eddo en su tambi\u00e9n \u00e1lbum debut \u201cNOMBRARSE\u201d, que saldr\u00e1 a la luz en Octubre del 2024.<br>Es una canci\u00f3n que habla de los procesos amorosos, de c\u00f3mo nos vamos convirtiendo v\u00ednculo tras v\u00ednculo, de c\u00f3mo el dolor se manifiesta pero tambi\u00e9n se transforma en aprendizaje y en autoconocimiento.<\/p>\n\n\n\n<p>Tiene un sonido fusi\u00f3n. Con una base en la guitarra del g\u00e9nero folcl\u00f3rico \u201cmilonga\u201d, un acompa\u00f1amiento instrumental m\u00e1s urbano y una voz bien adelante y comprimida. Busca hallar un puente entre el pasado y el presente, unir g\u00e9neros y plasmar todo lo que puede escucharse en la m\u00fasica de Manu. Desde el Pop, el Folclore, Rock, Jazz y sonidos m\u00e1s cercanos al R&amp;B, Manu busca encontrar un g\u00e9nero que sabe a todo, en sinton\u00eda con la \u00e9poca.<\/p>\n\n\n\n<figure class=\"wp-block-embed is-type-video is-provider-youtube wp-block-embed-youtube wp-embed-aspect-16-9 wp-has-aspect-ratio\"><div class=\"wp-block-embed__wrapper\">\n<div class=\"epyt-video-wrapper\"><iframe loading=\"lazy\"  id=\"_ytid_27396\"  width=\"640\" height=\"360\"  data-origwidth=\"640\" data-origheight=\"360\" src=\"https:\/\/www.youtube.com\/embed\/3Zfj-z1H-Nk?enablejsapi=1&#038;autoplay=0&#038;cc_load_policy=0&#038;cc_lang_pref=&#038;iv_load_policy=1&#038;loop=0&#038;rel=1&#038;fs=1&#038;playsinline=0&#038;autohide=2&#038;theme=dark&#038;color=white&#038;controls=1&#038;\" class=\"__youtube_prefs__  epyt-is-override  no-lazyload\" data-vol=\"50\"  title=\"YouTube player\"  allow=\"fullscreen; accelerometer; autoplay; clipboard-write; encrypted-media; gyroscope; picture-in-picture; web-share\" referrerpolicy=\"strict-origin-when-cross-origin\" allowfullscreen data-no-lazy=\"1\" data-skipgform_ajax_framebjll=\"\"><\/iframe><\/div>\n<\/div><\/figure>\n\n\n\n<p><strong>Sobre Manu Estrach<\/strong><\/p>\n\n\n\n<p>Manu Estrach es cantante, guitarrista, compositor y docente Argentino y reside hoy en d\u00eda en Buenos Aires. Particip\u00f3 en variedad de shows, grabaciones y obras de teatro en vivo. Actualmente tiene su proyecto solista y adem\u00e1s forma a d\u00fao junto a Sebasti\u00e1n Tozzola, con quien editaron su primer \u00e1lbum, \u201cMundo trampa\u201d, a fines de 2022. Ahora en el 2024 esta pronto a sacar su primer \u00e1lbum solista, \u201cNOMBRARSE\u201d. Se desempe\u00f1a como docente y coach vocal, adem\u00e1s dicta talleres grupales de canto, composici\u00f3n de canciones, y guitarra. Toc\u00f3 en variedad de teatros y espacios culturales de Argentina como La tangente, CC Matienzo, Club Lucille, El Cultural San Mart\u00edn y Centro Cultural Kirchner (CCK) entre muchos otros. Colabor\u00f3 y particip\u00f3 en proyectos y escenarios junto a variedad de m\u00fasicos y artistas, entre ellos Andr\u00e9s Muratore, \u00c1lvaro Ru\u00edz, Rodrigo Carazo, ALPA, Inbal Comedi, Luna Sujatovich, Mauro Gentile, Maria Pien, Lucas Heredia, entre otros.<\/p>\n\n\n<div class=\"wp-block-image\">\n<figure class=\"aligncenter size-full is-resized\"><img loading=\"lazy\" decoding=\"async\" width=\"2560\" height=\"1707\" src=\"https:\/\/entrenotasyacordes.com\/wp-content\/uploads\/2024\/08\/1ee-scaled.jpg\" alt=\"\" class=\"wp-image-10314\" style=\"width:607px;height:auto\" srcset=\"https:\/\/entrenotasyacordes.com\/wp-content\/uploads\/2024\/08\/1ee-scaled.jpg 2560w, https:\/\/entrenotasyacordes.com\/wp-content\/uploads\/2024\/08\/1ee-300x200.jpg 300w, https:\/\/entrenotasyacordes.com\/wp-content\/uploads\/2024\/08\/1ee-1024x683.jpg 1024w, https:\/\/entrenotasyacordes.com\/wp-content\/uploads\/2024\/08\/1ee-768x512.jpg 768w, https:\/\/entrenotasyacordes.com\/wp-content\/uploads\/2024\/08\/1ee-1536x1024.jpg 1536w, https:\/\/entrenotasyacordes.com\/wp-content\/uploads\/2024\/08\/1ee-2048x1365.jpg 2048w\" sizes=\"auto, (max-width: 2560px) 100vw, 2560px\" \/><\/figure>\n<\/div>\n\n\n<p>Recientemente realiz\u00f3 su primera gira por Espa\u00f1a tocando en diferentes ciudades (Barcelona, Madrid, Valencia, Alicante etc.) y colaborando con artistas como Clara Peya, Juan Quintero, Lucas Delgado, entre muchos otros. Adem\u00e1s ha tocado en escenarios de Uruguay y Brasil.<\/p>\n","protected":false},"excerpt":{"rendered":"","protected":false},"author":5,"featured_media":10313,"comment_status":"open","ping_status":"open","sticky":false,"template":"","format":"standard","meta":{"om_disable_all_campaigns":false,"_uf_show_specific_survey":0,"_uf_disable_surveys":false,"footnotes":""},"categories":[4],"tags":[],"class_list":["post-10312","post","type-post","status-publish","format-standard","has-post-thumbnail","hentry","category-musica"],"_links":{"self":[{"href":"https:\/\/entrenotasyacordes.com\/index.php?rest_route=\/wp\/v2\/posts\/10312","targetHints":{"allow":["GET"]}}],"collection":[{"href":"https:\/\/entrenotasyacordes.com\/index.php?rest_route=\/wp\/v2\/posts"}],"about":[{"href":"https:\/\/entrenotasyacordes.com\/index.php?rest_route=\/wp\/v2\/types\/post"}],"author":[{"embeddable":true,"href":"https:\/\/entrenotasyacordes.com\/index.php?rest_route=\/wp\/v2\/users\/5"}],"replies":[{"embeddable":true,"href":"https:\/\/entrenotasyacordes.com\/index.php?rest_route=%2Fwp%2Fv2%2Fcomments&post=10312"}],"version-history":[{"count":1,"href":"https:\/\/entrenotasyacordes.com\/index.php?rest_route=\/wp\/v2\/posts\/10312\/revisions"}],"predecessor-version":[{"id":10315,"href":"https:\/\/entrenotasyacordes.com\/index.php?rest_route=\/wp\/v2\/posts\/10312\/revisions\/10315"}],"wp:featuredmedia":[{"embeddable":true,"href":"https:\/\/entrenotasyacordes.com\/index.php?rest_route=\/wp\/v2\/media\/10313"}],"wp:attachment":[{"href":"https:\/\/entrenotasyacordes.com\/index.php?rest_route=%2Fwp%2Fv2%2Fmedia&parent=10312"}],"wp:term":[{"taxonomy":"category","embeddable":true,"href":"https:\/\/entrenotasyacordes.com\/index.php?rest_route=%2Fwp%2Fv2%2Fcategories&post=10312"},{"taxonomy":"post_tag","embeddable":true,"href":"https:\/\/entrenotasyacordes.com\/index.php?rest_route=%2Fwp%2Fv2%2Ftags&post=10312"}],"curies":[{"name":"wp","href":"https:\/\/api.w.org\/{rel}","templated":true}]}}