{"id":10316,"date":"2024-08-09T21:46:35","date_gmt":"2024-08-09T21:46:35","guid":{"rendered":"https:\/\/entrenotasyacordes.com\/?p=10316"},"modified":"2024-08-09T21:46:36","modified_gmt":"2024-08-09T21:46:36","slug":"facundo-grandio-presenta-buscando-la-paz-su-nuevo-single","status":"publish","type":"post","link":"https:\/\/entrenotasyacordes.com\/?p=10316","title":{"rendered":"Facundo Grand\u00edo presenta \u201cBuscando la Paz\u201d, su nuevo single"},"content":{"rendered":"\n<!--more-->\n\n\n<div class=\"wp-block-image\">\n<figure class=\"aligncenter size-full is-resized\"><img loading=\"lazy\" decoding=\"async\" width=\"2560\" height=\"2560\" src=\"https:\/\/entrenotasyacordes.com\/wp-content\/uploads\/2024\/08\/1f-scaled.jpg\" alt=\"\" class=\"wp-image-10318\" style=\"width:607px;height:auto\" srcset=\"https:\/\/entrenotasyacordes.com\/wp-content\/uploads\/2024\/08\/1f-scaled.jpg 2560w, https:\/\/entrenotasyacordes.com\/wp-content\/uploads\/2024\/08\/1f-300x300.jpg 300w, https:\/\/entrenotasyacordes.com\/wp-content\/uploads\/2024\/08\/1f-1024x1024.jpg 1024w, https:\/\/entrenotasyacordes.com\/wp-content\/uploads\/2024\/08\/1f-150x150.jpg 150w, https:\/\/entrenotasyacordes.com\/wp-content\/uploads\/2024\/08\/1f-768x768.jpg 768w, https:\/\/entrenotasyacordes.com\/wp-content\/uploads\/2024\/08\/1f-1536x1536.jpg 1536w, https:\/\/entrenotasyacordes.com\/wp-content\/uploads\/2024\/08\/1f-2048x2048.jpg 2048w, https:\/\/entrenotasyacordes.com\/wp-content\/uploads\/2024\/08\/1f-50x50.jpg 50w\" sizes=\"auto, (max-width: 2560px) 100vw, 2560px\" \/><\/figure>\n<\/div>\n\n\n<p class=\"has-text-align-left\"><strong>Facundo Grand\u00edo<\/strong>&nbsp;presenta su nuevo single&nbsp;<strong>\u00abBuscando la Paz\u00bb<\/strong>, primer corte adelanto de su pr\u00f3ximo \u00e1lbum que se espera para noviembre de este a\u00f1o. Se trata de un rock alternativo con un groove muy especial que combina beats y bater\u00edas anal\u00f3gicas con una l\u00ednea de bajo que lo hace s\u00faper bailable.<\/p>\n\n\n\n<p class=\"has-text-align-left\">En esta entrega, el artista expone un primer vistazo de lo que ser\u00e1 su nuevo material. La portada del sencillo y del resto de los artes del \u00e1lbum fueron pintadas por el mismo Facu Grand\u00edo, logrando retratar el mensaje de su m\u00fasica al arte visual.<\/p>\n\n\n\n<p><strong><em>\u201cBuscando la Paz\u201d\u00a0<\/em>ya se encuentra disponible en Spotify y en todas las plataformas digitales.<\/strong><\/p>\n\n\n<div class=\"wp-block-image\">\n<figure class=\"aligncenter size-large\"><img loading=\"lazy\" decoding=\"async\" width=\"1024\" height=\"683\" src=\"https:\/\/entrenotasyacordes.com\/wp-content\/uploads\/2024\/08\/1ff-1024x683.jpg\" alt=\"\" class=\"wp-image-10319\" srcset=\"https:\/\/entrenotasyacordes.com\/wp-content\/uploads\/2024\/08\/1ff-1024x683.jpg 1024w, https:\/\/entrenotasyacordes.com\/wp-content\/uploads\/2024\/08\/1ff-300x200.jpg 300w, https:\/\/entrenotasyacordes.com\/wp-content\/uploads\/2024\/08\/1ff-768x512.jpg 768w, https:\/\/entrenotasyacordes.com\/wp-content\/uploads\/2024\/08\/1ff-1536x1024.jpg 1536w, https:\/\/entrenotasyacordes.com\/wp-content\/uploads\/2024\/08\/1ff-2048x1365.jpg 2048w\" sizes=\"auto, (max-width: 1024px) 100vw, 1024px\" \/><\/figure>\n<\/div>\n\n\n<p>Ficha T\u00e9cnica<\/p>\n\n\n\n<p>M\u00daSICA Y LETRA POR FACUNDO GRAND\u00cdO @facundograndio<br>PRODUCCI\u00d3N MUSICAL: Franco Bosnic, Facundo Grand\u00edo @bosnoo<br>PRE-PRODUCCI\u00d3N: Paul Coronado, Tom\u00e1s Villarrazo, Franco Bosnic, Facundo Grand\u00edo @paulcoronado_ @tomasvillarrazo @teoperez___ @tributoaandresrodriguez<\/p>\n\n\n\n<p>Grabaci\u00f3n en LA SALA y ESTUDIO 151 @_la_sala @151____studio<br>Mezcla y post producci\u00f3n por Ezequiel Kronenberg @ezequielkronenberg<\/p>\n\n\n\n<p>Beat: Franco Bosnic<br>Bajo: Franco Giaquinta @chokibass<br>Guitarras: Facundo Grand\u00edo y Franco Bosnic<br>Teclados: Franco Bosnic<br>Coros: Franco Bosnic y Facundo Grand\u00edo<br>Voz: Facundo Grand\u00edo<\/p>\n\n\n\n<p>Arte de Tapa por Facundo Grand\u00edo @feiksong.elpintor<br>Sello: La Marea Records @lamarea.records<br>Prensa: Emilia Hern\u00e1ndez @emiprensa<\/p>\n\n\n<div class=\"wp-block-image\">\n<figure class=\"aligncenter size-full is-resized\"><img loading=\"lazy\" decoding=\"async\" width=\"2560\" height=\"1707\" src=\"https:\/\/entrenotasyacordes.com\/wp-content\/uploads\/2024\/08\/1fff-scaled.jpg\" alt=\"\" class=\"wp-image-10317\" style=\"width:607px;height:auto\" srcset=\"https:\/\/entrenotasyacordes.com\/wp-content\/uploads\/2024\/08\/1fff-scaled.jpg 2560w, https:\/\/entrenotasyacordes.com\/wp-content\/uploads\/2024\/08\/1fff-300x200.jpg 300w, https:\/\/entrenotasyacordes.com\/wp-content\/uploads\/2024\/08\/1fff-1024x683.jpg 1024w, https:\/\/entrenotasyacordes.com\/wp-content\/uploads\/2024\/08\/1fff-768x512.jpg 768w, https:\/\/entrenotasyacordes.com\/wp-content\/uploads\/2024\/08\/1fff-1536x1024.jpg 1536w, https:\/\/entrenotasyacordes.com\/wp-content\/uploads\/2024\/08\/1fff-2048x1365.jpg 2048w\" sizes=\"auto, (max-width: 2560px) 100vw, 2560px\" \/><\/figure>\n<\/div>\n\n\n<p><strong>M\u00e1s informaci\u00f3n sobre Facundo Grand\u00edo<\/strong><\/p>\n\n\n\n<p><strong>Facundo Grand\u00edo<\/strong>&nbsp;es un m\u00fasico, productor y artista pl\u00e1stico de la Ciudad de Buenos Aires, Argentina. Este a\u00f1o estar\u00e1 presentando su segundo LP \u201cEscucha Al Coraz\u00f3n\u201d compuesto de diez&nbsp;canciones. Lanz\u00f3 su primer \u00e1lbum \u201cTodo Encuentra Su Lugar\u201d en 2022 y lo present\u00f3 en vivo dentro y fuera del pa\u00eds y actualmente est\u00e1 preparando el lanzamiento de su nuevo material.<\/p>\n","protected":false},"excerpt":{"rendered":"","protected":false},"author":5,"featured_media":10318,"comment_status":"open","ping_status":"open","sticky":false,"template":"","format":"standard","meta":{"om_disable_all_campaigns":false,"_uf_show_specific_survey":0,"_uf_disable_surveys":false,"footnotes":""},"categories":[4],"tags":[],"class_list":["post-10316","post","type-post","status-publish","format-standard","has-post-thumbnail","hentry","category-musica"],"_links":{"self":[{"href":"https:\/\/entrenotasyacordes.com\/index.php?rest_route=\/wp\/v2\/posts\/10316","targetHints":{"allow":["GET"]}}],"collection":[{"href":"https:\/\/entrenotasyacordes.com\/index.php?rest_route=\/wp\/v2\/posts"}],"about":[{"href":"https:\/\/entrenotasyacordes.com\/index.php?rest_route=\/wp\/v2\/types\/post"}],"author":[{"embeddable":true,"href":"https:\/\/entrenotasyacordes.com\/index.php?rest_route=\/wp\/v2\/users\/5"}],"replies":[{"embeddable":true,"href":"https:\/\/entrenotasyacordes.com\/index.php?rest_route=%2Fwp%2Fv2%2Fcomments&post=10316"}],"version-history":[{"count":1,"href":"https:\/\/entrenotasyacordes.com\/index.php?rest_route=\/wp\/v2\/posts\/10316\/revisions"}],"predecessor-version":[{"id":10320,"href":"https:\/\/entrenotasyacordes.com\/index.php?rest_route=\/wp\/v2\/posts\/10316\/revisions\/10320"}],"wp:featuredmedia":[{"embeddable":true,"href":"https:\/\/entrenotasyacordes.com\/index.php?rest_route=\/wp\/v2\/media\/10318"}],"wp:attachment":[{"href":"https:\/\/entrenotasyacordes.com\/index.php?rest_route=%2Fwp%2Fv2%2Fmedia&parent=10316"}],"wp:term":[{"taxonomy":"category","embeddable":true,"href":"https:\/\/entrenotasyacordes.com\/index.php?rest_route=%2Fwp%2Fv2%2Fcategories&post=10316"},{"taxonomy":"post_tag","embeddable":true,"href":"https:\/\/entrenotasyacordes.com\/index.php?rest_route=%2Fwp%2Fv2%2Ftags&post=10316"}],"curies":[{"name":"wp","href":"https:\/\/api.w.org\/{rel}","templated":true}]}}