{"id":10326,"date":"2024-08-12T23:31:12","date_gmt":"2024-08-12T23:31:12","guid":{"rendered":"https:\/\/entrenotasyacordes.com\/?p=10326"},"modified":"2024-08-12T23:31:13","modified_gmt":"2024-08-12T23:31:13","slug":"agenda-de-shows-la-trastienda-9","status":"publish","type":"post","link":"https:\/\/entrenotasyacordes.com\/?p=10326","title":{"rendered":"Agenda de shows La Trastienda"},"content":{"rendered":"\n<!--more-->\n\n\n\n<p><strong><u>AGENDA DE SHOWS<\/u><\/strong><\/p>\n\n\n\n<p><strong>JUEVES 15 DE AGOSTO<\/strong><\/p>\n\n\n\n<div class=\"wp-block-columns is-layout-flex wp-container-core-columns-is-layout-28f84493 wp-block-columns-is-layout-flex\">\n<div class=\"wp-block-column is-layout-flow wp-block-column-is-layout-flow\">\n<p>PIANO BAR<br>JUEVES 15 DE AGOSTO \u2013 20:00HS<br>LA TRASTIENDA \u2013 BALCARCE 460<br>ENTRADAS A LA VENTA EN\u00a0<a href=\"http:\/\/www.tuentrada.com\/\">WWW.TUENTRADA.COM<\/a><\/p>\n<\/div>\n\n\n\n<div class=\"wp-block-column is-layout-flow wp-block-column-is-layout-flow\">\n<figure class=\"wp-block-image size-full is-resized\"><img loading=\"lazy\" decoding=\"async\" width=\"900\" height=\"800\" src=\"https:\/\/entrenotasyacordes.com\/wp-content\/uploads\/2024\/08\/2f.webp\" alt=\"\" class=\"wp-image-10327\" style=\"width:309px;height:auto\" srcset=\"https:\/\/entrenotasyacordes.com\/wp-content\/uploads\/2024\/08\/2f.webp 900w, https:\/\/entrenotasyacordes.com\/wp-content\/uploads\/2024\/08\/2f-300x267.webp 300w, https:\/\/entrenotasyacordes.com\/wp-content\/uploads\/2024\/08\/2f-768x683.webp 768w\" sizes=\"auto, (max-width: 900px) 100vw, 900px\" \/><\/figure>\n<\/div>\n<\/div>\n\n\n\n<p><strong>VIERNES 16 DE AGOSTO<\/strong><\/p>\n\n\n\n<div class=\"wp-block-columns is-layout-flex wp-container-core-columns-is-layout-28f84493 wp-block-columns-is-layout-flex\">\n<div class=\"wp-block-column is-layout-flow wp-block-column-is-layout-flow\">\n<p>MONADA<br>VIERNES 16 DE AGOSTO \u2013 23:00HS<br>LA TRASTIENDA \u2013 BALCARCE 460<br>ENTRADAS A LA VENTA EN\u00a0<a href=\"http:\/\/www.tuentrada.com\/\">WWW.TUENTRADA.COM<\/a><\/p>\n<\/div>\n\n\n\n<div class=\"wp-block-column is-layout-flow wp-block-column-is-layout-flow\">\n<figure class=\"wp-block-image size-full is-resized\"><img loading=\"lazy\" decoding=\"async\" width=\"900\" height=\"800\" src=\"https:\/\/entrenotasyacordes.com\/wp-content\/uploads\/2024\/08\/2e.webp\" alt=\"\" class=\"wp-image-10328\" style=\"width:305px;height:auto\" srcset=\"https:\/\/entrenotasyacordes.com\/wp-content\/uploads\/2024\/08\/2e.webp 900w, https:\/\/entrenotasyacordes.com\/wp-content\/uploads\/2024\/08\/2e-300x267.webp 300w, https:\/\/entrenotasyacordes.com\/wp-content\/uploads\/2024\/08\/2e-768x683.webp 768w\" sizes=\"auto, (max-width: 900px) 100vw, 900px\" \/><\/figure>\n<\/div>\n<\/div>\n\n\n\n<p><strong>S\u00c1BADO 17\u00a0DE AGOSTO<\/strong><\/p>\n\n\n\n<div class=\"wp-block-columns is-layout-flex wp-container-core-columns-is-layout-28f84493 wp-block-columns-is-layout-flex\">\n<div class=\"wp-block-column is-layout-flow wp-block-column-is-layout-flow\">\n<p>HELKER<br>SABADO 17 DE AGOSTO \u2013 20:30HS<br>LA TRASTIENDA \u2013 BALCARCE 460<br>ENTRADAS A LA VENTA EN\u00a0<a href=\"http:\/\/www.tuentrada.com\/\">WWW.TUENTRADA.COM<\/a><\/p>\n<\/div>\n\n\n\n<div class=\"wp-block-column is-layout-flow wp-block-column-is-layout-flow\">\n<figure class=\"wp-block-image size-full is-resized\"><img loading=\"lazy\" decoding=\"async\" width=\"900\" height=\"800\" src=\"https:\/\/entrenotasyacordes.com\/wp-content\/uploads\/2024\/08\/2d.webp\" alt=\"\" class=\"wp-image-10329\" style=\"width:291px;height:auto\" srcset=\"https:\/\/entrenotasyacordes.com\/wp-content\/uploads\/2024\/08\/2d.webp 900w, https:\/\/entrenotasyacordes.com\/wp-content\/uploads\/2024\/08\/2d-300x267.webp 300w, https:\/\/entrenotasyacordes.com\/wp-content\/uploads\/2024\/08\/2d-768x683.webp 768w\" sizes=\"auto, (max-width: 900px) 100vw, 900px\" \/><\/figure>\n<\/div>\n<\/div>\n\n\n\n<div class=\"wp-block-columns is-layout-flex wp-container-core-columns-is-layout-28f84493 wp-block-columns-is-layout-flex\">\n<div class=\"wp-block-column is-layout-flow wp-block-column-is-layout-flow\">\n<p><\/p>\n\n\n\n<p>SUMO X PETTINATO<br>SABADO 17 DE AGOSTO \u2013 23:30HS<br>LA TRASTIENDA \u2013 BALCARCE 460<br>ENTRADAS A LA VENTA EN\u00a0<a href=\"http:\/\/www.tuentrada.com\/\">WWW.TUENTRADA.COM<\/a><\/p>\n\n\n\n<p><\/p>\n\n\n\n<p><\/p>\n<\/div>\n\n\n\n<div class=\"wp-block-column is-layout-flow wp-block-column-is-layout-flow\">\n<p><\/p>\n\n\n\n<figure class=\"wp-block-image size-full is-resized\"><img loading=\"lazy\" decoding=\"async\" width=\"900\" height=\"800\" src=\"https:\/\/entrenotasyacordes.com\/wp-content\/uploads\/2024\/08\/2c.webp\" alt=\"\" class=\"wp-image-10330\" style=\"width:301px;height:auto\" srcset=\"https:\/\/entrenotasyacordes.com\/wp-content\/uploads\/2024\/08\/2c.webp 900w, https:\/\/entrenotasyacordes.com\/wp-content\/uploads\/2024\/08\/2c-300x267.webp 300w, https:\/\/entrenotasyacordes.com\/wp-content\/uploads\/2024\/08\/2c-768x683.webp 768w\" sizes=\"auto, (max-width: 900px) 100vw, 900px\" \/><\/figure>\n<\/div>\n<\/div>\n\n\n\n<p><strong>DOMINGO 18 DE AGOSTO<\/strong><\/p>\n\n\n\n<div class=\"wp-block-columns is-layout-flex wp-container-core-columns-is-layout-28f84493 wp-block-columns-is-layout-flex\">\n<div class=\"wp-block-column is-layout-flow wp-block-column-is-layout-flow\">\n<p>M\u00c1S M\u00daSICA, M\u00c1S ARTE<br>EN VIVO: CARPIR + LIGHTPLAY + PROYECTO GOLMUNDO + JUANZO Y LOS QU\u00cdAS<br>DOMINGO 18 DE AGOSTO \u2013 20:00HS<br>LA TRASTIENDA \u2013 BALCARCE 460<br>ENTRADAS A LA VENTA EN\u00a0<a href=\"http:\/\/www.tuentrada.com\/\">WWW.TUENTRADA.COM<\/a><\/p>\n<\/div>\n\n\n\n<div class=\"wp-block-column is-layout-flow wp-block-column-is-layout-flow\">\n<figure class=\"wp-block-image size-full is-resized\"><img loading=\"lazy\" decoding=\"async\" width=\"900\" height=\"800\" src=\"https:\/\/entrenotasyacordes.com\/wp-content\/uploads\/2024\/08\/2b.webp\" alt=\"\" class=\"wp-image-10331\" style=\"width:314px;height:auto\" srcset=\"https:\/\/entrenotasyacordes.com\/wp-content\/uploads\/2024\/08\/2b.webp 900w, https:\/\/entrenotasyacordes.com\/wp-content\/uploads\/2024\/08\/2b-300x267.webp 300w, https:\/\/entrenotasyacordes.com\/wp-content\/uploads\/2024\/08\/2b-768x683.webp 768w\" sizes=\"auto, (max-width: 900px) 100vw, 900px\" \/><\/figure>\n<\/div>\n<\/div>\n\n\n\n<p><strong>MI\u00c9RCOLES 21 DE AGOSTO<\/strong><\/p>\n\n\n\n<div class=\"wp-block-columns is-layout-flex wp-container-core-columns-is-layout-28f84493 wp-block-columns-is-layout-flex\">\n<div class=\"wp-block-column is-layout-flow wp-block-column-is-layout-flow\">\n<p>ALEJANDRO LERNER<br>MI\u00c9RCOLES 21\u00a0DE AGOSTO \u2013 20:00HS<br>LA TRASTIENDA \u2013 BALCARCE 460<br>ENTRADAS A LA VENTA EN\u00a0<a href=\"http:\/\/www.tuentrada.com\/\">WWW.TUENTRADA.COM<\/a><\/p>\n<\/div>\n\n\n\n<div class=\"wp-block-column is-layout-flow wp-block-column-is-layout-flow\">\n<figure class=\"wp-block-image size-full is-resized\"><img loading=\"lazy\" decoding=\"async\" width=\"900\" height=\"800\" src=\"https:\/\/entrenotasyacordes.com\/wp-content\/uploads\/2024\/08\/2a.webp\" alt=\"\" class=\"wp-image-10332\" style=\"width:325px;height:auto\" srcset=\"https:\/\/entrenotasyacordes.com\/wp-content\/uploads\/2024\/08\/2a.webp 900w, https:\/\/entrenotasyacordes.com\/wp-content\/uploads\/2024\/08\/2a-300x267.webp 300w, https:\/\/entrenotasyacordes.com\/wp-content\/uploads\/2024\/08\/2a-768x683.webp 768w\" sizes=\"auto, (max-width: 900px) 100vw, 900px\" \/><\/figure>\n<\/div>\n<\/div>\n","protected":false},"excerpt":{"rendered":"","protected":false},"author":5,"featured_media":9283,"comment_status":"open","ping_status":"open","sticky":false,"template":"","format":"standard","meta":{"om_disable_all_campaigns":false,"_uf_show_specific_survey":0,"_uf_disable_surveys":false,"footnotes":""},"categories":[36],"tags":[],"class_list":["post-10326","post","type-post","status-publish","format-standard","has-post-thumbnail","hentry","category-conciertos"],"_links":{"self":[{"href":"https:\/\/entrenotasyacordes.com\/index.php?rest_route=\/wp\/v2\/posts\/10326","targetHints":{"allow":["GET"]}}],"collection":[{"href":"https:\/\/entrenotasyacordes.com\/index.php?rest_route=\/wp\/v2\/posts"}],"about":[{"href":"https:\/\/entrenotasyacordes.com\/index.php?rest_route=\/wp\/v2\/types\/post"}],"author":[{"embeddable":true,"href":"https:\/\/entrenotasyacordes.com\/index.php?rest_route=\/wp\/v2\/users\/5"}],"replies":[{"embeddable":true,"href":"https:\/\/entrenotasyacordes.com\/index.php?rest_route=%2Fwp%2Fv2%2Fcomments&post=10326"}],"version-history":[{"count":1,"href":"https:\/\/entrenotasyacordes.com\/index.php?rest_route=\/wp\/v2\/posts\/10326\/revisions"}],"predecessor-version":[{"id":10333,"href":"https:\/\/entrenotasyacordes.com\/index.php?rest_route=\/wp\/v2\/posts\/10326\/revisions\/10333"}],"wp:featuredmedia":[{"embeddable":true,"href":"https:\/\/entrenotasyacordes.com\/index.php?rest_route=\/wp\/v2\/media\/9283"}],"wp:attachment":[{"href":"https:\/\/entrenotasyacordes.com\/index.php?rest_route=%2Fwp%2Fv2%2Fmedia&parent=10326"}],"wp:term":[{"taxonomy":"category","embeddable":true,"href":"https:\/\/entrenotasyacordes.com\/index.php?rest_route=%2Fwp%2Fv2%2Fcategories&post=10326"},{"taxonomy":"post_tag","embeddable":true,"href":"https:\/\/entrenotasyacordes.com\/index.php?rest_route=%2Fwp%2Fv2%2Ftags&post=10326"}],"curies":[{"name":"wp","href":"https:\/\/api.w.org\/{rel}","templated":true}]}}