{"id":10334,"date":"2024-08-12T23:39:22","date_gmt":"2024-08-12T23:39:22","guid":{"rendered":"https:\/\/entrenotasyacordes.com\/?p=10334"},"modified":"2024-08-12T23:39:23","modified_gmt":"2024-08-12T23:39:23","slug":"agenda-de-eventos-en-el-teatro-flores-y-el-teatrito","status":"publish","type":"post","link":"https:\/\/entrenotasyacordes.com\/?p=10334","title":{"rendered":"Agenda de eventos en el Teatro Flores y El Teatrito"},"content":{"rendered":"\n<!--more-->\n\n\n\n<p><strong><u>AGENDA DE SHOWS<\/u><\/strong><\/p>\n\n\n\n<p><strong>JUEVES 15 DE AGOSTO<\/strong><\/p>\n\n\n\n<div class=\"wp-block-columns is-layout-flex wp-container-core-columns-is-layout-28f84493 wp-block-columns-is-layout-flex\">\n<div class=\"wp-block-column is-layout-flow wp-block-column-is-layout-flow\">\n<p>FIESTA CUMBIA BASE<br>EN VIVO: EL TRAIDOR Y LOS PIBES + SANTI CAIRO + EH GUACHO + SOUND DE BARRIO + LA RAMA + GRUPO ANACONDA<br>JUEVES 15 DE AGOSTO \u2013 23:00HS<br>TEATRO FLORES \u2013 AV. RIVADAVIA 7806<br>ENTRADAS A LA VENTA EN\u00a0<a href=\"http:\/\/www.passline.com\/\">WWW.PASSLINE.COM<\/a><\/p>\n<\/div>\n\n\n\n<div class=\"wp-block-column is-layout-flow wp-block-column-is-layout-flow\">\n<figure class=\"wp-block-image size-full is-resized\"><img loading=\"lazy\" decoding=\"async\" width=\"347\" height=\"347\" src=\"https:\/\/entrenotasyacordes.com\/wp-content\/uploads\/2024\/08\/2j.jpg\" alt=\"\" class=\"wp-image-10338\" style=\"width:309px;height:auto\" srcset=\"https:\/\/entrenotasyacordes.com\/wp-content\/uploads\/2024\/08\/2j.jpg 347w, https:\/\/entrenotasyacordes.com\/wp-content\/uploads\/2024\/08\/2j-300x300.jpg 300w, https:\/\/entrenotasyacordes.com\/wp-content\/uploads\/2024\/08\/2j-150x150.jpg 150w, https:\/\/entrenotasyacordes.com\/wp-content\/uploads\/2024\/08\/2j-50x50.jpg 50w\" sizes=\"auto, (max-width: 347px) 100vw, 347px\" \/><\/figure>\n<\/div>\n<\/div>\n\n\n\n<p><strong>VIERNES 16 DE AGOSTO<\/strong><\/p>\n\n\n\n<div class=\"wp-block-columns is-layout-flex wp-container-core-columns-is-layout-28f84493 wp-block-columns-is-layout-flex\">\n<div class=\"wp-block-column is-layout-flow wp-block-column-is-layout-flow\">\n<p>ARMYFEST<br>VIERNES 16 DE AGOSTO \u2013 23:50HS<br>EL TEATRITO \u2013 SARMIENTO 1752<br>ENTRADAS A LA VENTA EN\u00a0<a href=\"http:\/\/www.passline.com\/\">WWW.PASSLINE.COM<\/a><\/p>\n<\/div>\n\n\n\n<div class=\"wp-block-column is-layout-flow wp-block-column-is-layout-flow\">\n<figure class=\"wp-block-image size-full is-resized\"><img loading=\"lazy\" decoding=\"async\" width=\"347\" height=\"347\" src=\"https:\/\/entrenotasyacordes.com\/wp-content\/uploads\/2024\/08\/2i.jpg\" alt=\"\" class=\"wp-image-10337\" style=\"width:305px;height:auto\" srcset=\"https:\/\/entrenotasyacordes.com\/wp-content\/uploads\/2024\/08\/2i.jpg 347w, https:\/\/entrenotasyacordes.com\/wp-content\/uploads\/2024\/08\/2i-300x300.jpg 300w, https:\/\/entrenotasyacordes.com\/wp-content\/uploads\/2024\/08\/2i-150x150.jpg 150w, https:\/\/entrenotasyacordes.com\/wp-content\/uploads\/2024\/08\/2i-50x50.jpg 50w\" sizes=\"auto, (max-width: 347px) 100vw, 347px\" \/><\/figure>\n<\/div>\n<\/div>\n\n\n\n<p><strong>S\u00c1BADO 17&nbsp;DE AGOSTO<\/strong><\/p>\n\n\n\n<div class=\"wp-block-columns is-layout-flex wp-container-core-columns-is-layout-28f84493 wp-block-columns-is-layout-flex\">\n<div class=\"wp-block-column is-layout-flow wp-block-column-is-layout-flow\">\n<p>CARAS EXTRA\u00d1AS<br>S\u00c1BADO 17 DE AGOSTO \u2013 19:00HS<br>TEATRO FLORES \u2013 AV. RIVADAVIA 7806<br>ENTRADAS A LA VENTA EN\u00a0<a href=\"http:\/\/www.passline.com\/\">WWW.PASSLINE.COM<\/a><\/p>\n<\/div>\n\n\n\n<div class=\"wp-block-column is-layout-flow wp-block-column-is-layout-flow\">\n<figure class=\"wp-block-image size-full is-resized\"><img loading=\"lazy\" decoding=\"async\" width=\"347\" height=\"347\" src=\"https:\/\/entrenotasyacordes.com\/wp-content\/uploads\/2024\/08\/2h.jpg\" alt=\"\" class=\"wp-image-10336\" style=\"width:291px;height:auto\" srcset=\"https:\/\/entrenotasyacordes.com\/wp-content\/uploads\/2024\/08\/2h.jpg 347w, https:\/\/entrenotasyacordes.com\/wp-content\/uploads\/2024\/08\/2h-300x300.jpg 300w, https:\/\/entrenotasyacordes.com\/wp-content\/uploads\/2024\/08\/2h-150x150.jpg 150w, https:\/\/entrenotasyacordes.com\/wp-content\/uploads\/2024\/08\/2h-50x50.jpg 50w\" sizes=\"auto, (max-width: 347px) 100vw, 347px\" \/><\/figure>\n<\/div>\n<\/div>\n\n\n\n<div class=\"wp-block-columns is-layout-flex wp-container-core-columns-is-layout-28f84493 wp-block-columns-is-layout-flex\">\n<div class=\"wp-block-column is-layout-flow wp-block-column-is-layout-flow\">\n<p><\/p>\n\n\n\n<p>RITUALES UN FESTIVAL DE ROCK<br>EN VIVO:\u00a0\u00a0CANCIONES &amp; ALMAS + LOS GARDELILLOS + BIT\u00c1CORA DEL MISTER + EL NA\u00daFRAFO DEL ROCK<br>S\u00c1BADO 17 DE AGOSTO \u2013 23:55HS<br>TEATRO FLORES \u2013 AV. RIVADAVIA 7806<br>ENTRADAS A LA VENTA EN\u00a0<a href=\"http:\/\/www.passline.com\/\">WWW.PASSLINE.COM<\/a><\/p>\n\n\n\n<p><\/p>\n\n\n\n<p><\/p>\n<\/div>\n\n\n\n<div class=\"wp-block-column is-layout-flow wp-block-column-is-layout-flow\">\n<p><\/p>\n\n\n\n<figure class=\"wp-block-image size-full is-resized\"><img loading=\"lazy\" decoding=\"async\" width=\"347\" height=\"347\" src=\"https:\/\/entrenotasyacordes.com\/wp-content\/uploads\/2024\/08\/2g.jpg\" alt=\"\" class=\"wp-image-10335\" style=\"width:301px;height:auto\" srcset=\"https:\/\/entrenotasyacordes.com\/wp-content\/uploads\/2024\/08\/2g.jpg 347w, https:\/\/entrenotasyacordes.com\/wp-content\/uploads\/2024\/08\/2g-300x300.jpg 300w, https:\/\/entrenotasyacordes.com\/wp-content\/uploads\/2024\/08\/2g-150x150.jpg 150w, https:\/\/entrenotasyacordes.com\/wp-content\/uploads\/2024\/08\/2g-50x50.jpg 50w\" sizes=\"auto, (max-width: 347px) 100vw, 347px\" \/><\/figure>\n<\/div>\n<\/div>\n","protected":false},"excerpt":{"rendered":"","protected":false},"author":5,"featured_media":10336,"comment_status":"open","ping_status":"open","sticky":false,"template":"","format":"standard","meta":{"om_disable_all_campaigns":false,"_uf_show_specific_survey":0,"_uf_disable_surveys":false,"footnotes":""},"categories":[36],"tags":[],"class_list":["post-10334","post","type-post","status-publish","format-standard","has-post-thumbnail","hentry","category-conciertos"],"_links":{"self":[{"href":"https:\/\/entrenotasyacordes.com\/index.php?rest_route=\/wp\/v2\/posts\/10334","targetHints":{"allow":["GET"]}}],"collection":[{"href":"https:\/\/entrenotasyacordes.com\/index.php?rest_route=\/wp\/v2\/posts"}],"about":[{"href":"https:\/\/entrenotasyacordes.com\/index.php?rest_route=\/wp\/v2\/types\/post"}],"author":[{"embeddable":true,"href":"https:\/\/entrenotasyacordes.com\/index.php?rest_route=\/wp\/v2\/users\/5"}],"replies":[{"embeddable":true,"href":"https:\/\/entrenotasyacordes.com\/index.php?rest_route=%2Fwp%2Fv2%2Fcomments&post=10334"}],"version-history":[{"count":1,"href":"https:\/\/entrenotasyacordes.com\/index.php?rest_route=\/wp\/v2\/posts\/10334\/revisions"}],"predecessor-version":[{"id":10339,"href":"https:\/\/entrenotasyacordes.com\/index.php?rest_route=\/wp\/v2\/posts\/10334\/revisions\/10339"}],"wp:featuredmedia":[{"embeddable":true,"href":"https:\/\/entrenotasyacordes.com\/index.php?rest_route=\/wp\/v2\/media\/10336"}],"wp:attachment":[{"href":"https:\/\/entrenotasyacordes.com\/index.php?rest_route=%2Fwp%2Fv2%2Fmedia&parent=10334"}],"wp:term":[{"taxonomy":"category","embeddable":true,"href":"https:\/\/entrenotasyacordes.com\/index.php?rest_route=%2Fwp%2Fv2%2Fcategories&post=10334"},{"taxonomy":"post_tag","embeddable":true,"href":"https:\/\/entrenotasyacordes.com\/index.php?rest_route=%2Fwp%2Fv2%2Ftags&post=10334"}],"curies":[{"name":"wp","href":"https:\/\/api.w.org\/{rel}","templated":true}]}}