{"id":10344,"date":"2024-08-13T00:01:29","date_gmt":"2024-08-13T00:01:29","guid":{"rendered":"https:\/\/entrenotasyacordes.com\/?p=10344"},"modified":"2024-08-13T00:01:30","modified_gmt":"2024-08-13T00:01:30","slug":"dante-spinetta-llevo-su-mesa-dulce-al-teatro-vorterix","status":"publish","type":"post","link":"https:\/\/entrenotasyacordes.com\/?p=10344","title":{"rendered":"DANTE SPINETTA LLEV\u00d3 SU MESA DULCE AL TEATRO VORTERIX"},"content":{"rendered":"\n<!--more-->\n\n\n\n<p class=\"has-text-align-center\">M\u00e1s en familia que nunca, Dante Spinetta deslumbr\u00f3 en el escenario con la apertura de su sobrino\u00a0<strong>Ciaro\u00a0<\/strong>y la participaci\u00f3n especial de su hija\u00a0<strong>Vida<\/strong>.<\/p>\n\n\n<div class=\"wp-block-image\">\n<figure class=\"aligncenter size-full is-resized\"><img loading=\"lazy\" decoding=\"async\" width=\"2560\" height=\"1719\" src=\"https:\/\/entrenotasyacordes.com\/wp-content\/uploads\/2024\/08\/2l-scaled.jpeg\" alt=\"\" class=\"wp-image-10346\" style=\"width:607px;height:auto\" srcset=\"https:\/\/entrenotasyacordes.com\/wp-content\/uploads\/2024\/08\/2l-scaled.jpeg 2560w, https:\/\/entrenotasyacordes.com\/wp-content\/uploads\/2024\/08\/2l-300x200.jpeg 300w, https:\/\/entrenotasyacordes.com\/wp-content\/uploads\/2024\/08\/2l-1024x688.jpeg 1024w, https:\/\/entrenotasyacordes.com\/wp-content\/uploads\/2024\/08\/2l-768x516.jpeg 768w, https:\/\/entrenotasyacordes.com\/wp-content\/uploads\/2024\/08\/2l-1536x1032.jpeg 1536w, https:\/\/entrenotasyacordes.com\/wp-content\/uploads\/2024\/08\/2l-2048x1375.jpeg 2048w\" sizes=\"auto, (max-width: 2560px) 100vw, 2560px\" \/><figcaption class=\"wp-element-caption\">Cr\u00e9dito: @adlerguido<\/figcaption><\/figure>\n<\/div>\n\n\n<p class=\"has-text-align-left\">El escenario vibr\u00f3 con la energ\u00eda inconfundible de&nbsp;<strong>Dante Spinetta<\/strong>&nbsp;durante su \u00faltimo show, una noche que se convirti\u00f3 en un evento memorable para los amantes de la m\u00fasica. Con una interpretaci\u00f3n cautivadora y una atm\u00f3sfera cargada de emociones, el artista deslumbr\u00f3 a su audiencia, pero el espect\u00e1culo fue a\u00fan m\u00e1s especial gracias a la presencia de invitados destacados.<\/p>\n\n\n\n<p class=\"has-text-align-left\">La apertura del show fue una sorpresa emocionante para todos los asistentes:\u00a0<strong>Ciaro Spinetta<\/strong>, el sobrino de Dante, tom\u00f3 el escenario con una energ\u00eda fresca y prometedora. La interpretaci\u00f3n de Ciaro no s\u00f3lo prepar\u00f3 el ambiente para la actuaci\u00f3n principal, sino que tambi\u00e9n ofreci\u00f3 un vistazo a la pr\u00f3xima generaci\u00f3n de talento en la familia Spinetta.<\/p>\n\n\n<div class=\"wp-block-image\">\n<figure class=\"aligncenter size-full is-resized\"><img loading=\"lazy\" decoding=\"async\" width=\"828\" height=\"563\" src=\"https:\/\/entrenotasyacordes.com\/wp-content\/uploads\/2024\/08\/2m.jpeg\" alt=\"\" class=\"wp-image-10345\" style=\"width:632px;height:auto\" srcset=\"https:\/\/entrenotasyacordes.com\/wp-content\/uploads\/2024\/08\/2m.jpeg 828w, https:\/\/entrenotasyacordes.com\/wp-content\/uploads\/2024\/08\/2m-300x204.jpeg 300w, https:\/\/entrenotasyacordes.com\/wp-content\/uploads\/2024\/08\/2m-768x522.jpeg 768w\" sizes=\"auto, (max-width: 828px) 100vw, 828px\" \/><figcaption class=\"wp-element-caption\">Cr\u00e9dito: @adlerguido<\/figcaption><\/figure>\n<\/div>\n\n\n<p><strong>Juan Salinas<\/strong>&nbsp;y&nbsp;<strong>Vida Spinetta<\/strong>&nbsp;se unieron a Dante en esta ocasi\u00f3n, aportando su talento y carisma al escenario. Juan Salinas, conocido por su impresionante habilidad como m\u00fasico y su capacidad para conectar con el p\u00fablico, ofreci\u00f3 una actuaci\u00f3n junto a Dante de \u201c<strong>Tango<\/strong>\u201d que dej\u00f3 huella. Por su parte, Vida Spinetta, con su presencia vibrante y su conexi\u00f3n familiar, enriqueci\u00f3 la noche con una colaboraci\u00f3n especial en \u201c<strong>Olvidalo<\/strong>\u201d y \u00ab<strong>El \u00e1rbol bajo el agua<\/strong>\u00ab, que evidenci\u00f3 el legado musical de la familia Spinetta.<\/p>\n\n\n\n<p>Con un repertorio que incluy\u00f3 canciones como \u201c<strong>Rebeli\u00f3n<\/strong>\u201d, \u201c<strong>El Lado Oscuro Del Coraz\u00f3n<\/strong>\u201d y \u201c<strong>La Movie<\/strong>\u201d, el artista realiz\u00f3 un camino por sus grandes \u00e9xitos. El show se intensific\u00f3 con \u00ab<strong>Supremac\u00eda<\/strong>\u00bb y \u00ab<strong>Sudaka<\/strong>\u00ab, antes de un vibrante\u00a0<strong>medley de IKV<\/strong>\u00a0que llev\u00f3 a todos a un cl\u00edmax energ\u00e9tico. Finalmente, el p\u00fablico disfrut\u00f3 de \u00ab<strong>Mostro<\/strong>\u00bb y \u00ab<strong>Funk Warrior<\/strong>\u00ab, cerrando la velada con una nota explosiva.<\/p>\n\n\n<div class=\"wp-block-image\">\n<figure class=\"aligncenter size-full is-resized\"><img loading=\"lazy\" decoding=\"async\" width=\"2560\" height=\"1705\" src=\"https:\/\/entrenotasyacordes.com\/wp-content\/uploads\/2024\/08\/2n-scaled.jpeg\" alt=\"\" class=\"wp-image-10347\" style=\"width:607px;height:auto\" srcset=\"https:\/\/entrenotasyacordes.com\/wp-content\/uploads\/2024\/08\/2n-scaled.jpeg 2560w, https:\/\/entrenotasyacordes.com\/wp-content\/uploads\/2024\/08\/2n-300x200.jpeg 300w, https:\/\/entrenotasyacordes.com\/wp-content\/uploads\/2024\/08\/2n-1024x682.jpeg 1024w, https:\/\/entrenotasyacordes.com\/wp-content\/uploads\/2024\/08\/2n-768x512.jpeg 768w, https:\/\/entrenotasyacordes.com\/wp-content\/uploads\/2024\/08\/2n-1536x1023.jpeg 1536w, https:\/\/entrenotasyacordes.com\/wp-content\/uploads\/2024\/08\/2n-2048x1364.jpeg 2048w\" sizes=\"auto, (max-width: 2560px) 100vw, 2560px\" \/><figcaption class=\"wp-element-caption\">Cr\u00e9dito: @adlerguido<\/figcaption><\/figure>\n<\/div>\n\n\n<p class=\"has-text-align-center\"><strong>Lista de Temas:<\/strong><br>1. Rebeli\u00f3n<br>2. El Lado Oscuro<br>3. Cruzaremos<br>4. La Movie<br>5. Tango<br>6. El Apag\u00f3n Medley<br>7. D\u00e9j\u00e0 Boo<br>8. Humo Digital<br>9. Soltar<br>10. El \u00c1rbol Bajo el Agua<br>11. Aves<br>12. Mi Vida<br>13. Supremac\u00eda<br>14. Sudaka<br>15 IKV Medley<br>16. Mostro<br>17. Funk Warrior<\/p>\n\n\n\n<p>El show fue un verdadero testimonio del poder de la m\u00fasica para unir generaciones y talentos, y una celebraci\u00f3n de la herencia musical que\u00a0<strong>Dante Spinetta<\/strong>\u00a0y su familia representan. La combinaci\u00f3n de artistas establecidos y nuevos talentos hizo de esta noche una experiencia \u00fanica e inolvidable.<\/p>\n\n\n\n<p class=\"has-text-align-center\"><strong>PR\u00d3XIMAS FECHAS<br><\/strong><br><s>12 DE JULIO &#8211; Tribus (Santa Fe)<\/s><br><s>13 DE JULIO &#8211; Club Paraguay (C\u00f3rdoba)<\/s><br><s>17 DE JULIO &#8211; Bienal de Chaco (Chaco)<\/s><br><s>9 DE AGOSTO &#8211; Teatro Vorterix (C.A.B.A.)<\/s><br>15 DE AGOSTO &#8211; Sala del Museo del Carnaval (Montevideo, Uruguay)<br>23 DE AGOSTO &#8211; Teatro \u00d3pera (La Plata, Buenos Aires)<br>13 DE SEPTIEMBRE &#8211; XLR (San Miguel, Buenos Aires)<br>14 DE SEPTIEMBRE &#8211; Club Re (Quilmes, Buenos Aires)<br>21 DE SEPTIEMBRE &#8211; Chauvin (Mar del Plata, Buenos Aires)<br>29 DE SEPTIEMBRE &#8211; Festival \u201cReciclArte\u201d (San Bernardino, Paraguay)<\/p>\n","protected":false},"excerpt":{"rendered":"","protected":false},"author":5,"featured_media":10345,"comment_status":"open","ping_status":"open","sticky":false,"template":"","format":"standard","meta":{"om_disable_all_campaigns":false,"_uf_show_specific_survey":0,"_uf_disable_surveys":false,"footnotes":""},"categories":[34],"tags":[],"class_list":["post-10344","post","type-post","status-publish","format-standard","has-post-thumbnail","hentry","category-ultimas-noticias"],"_links":{"self":[{"href":"https:\/\/entrenotasyacordes.com\/index.php?rest_route=\/wp\/v2\/posts\/10344","targetHints":{"allow":["GET"]}}],"collection":[{"href":"https:\/\/entrenotasyacordes.com\/index.php?rest_route=\/wp\/v2\/posts"}],"about":[{"href":"https:\/\/entrenotasyacordes.com\/index.php?rest_route=\/wp\/v2\/types\/post"}],"author":[{"embeddable":true,"href":"https:\/\/entrenotasyacordes.com\/index.php?rest_route=\/wp\/v2\/users\/5"}],"replies":[{"embeddable":true,"href":"https:\/\/entrenotasyacordes.com\/index.php?rest_route=%2Fwp%2Fv2%2Fcomments&post=10344"}],"version-history":[{"count":1,"href":"https:\/\/entrenotasyacordes.com\/index.php?rest_route=\/wp\/v2\/posts\/10344\/revisions"}],"predecessor-version":[{"id":10348,"href":"https:\/\/entrenotasyacordes.com\/index.php?rest_route=\/wp\/v2\/posts\/10344\/revisions\/10348"}],"wp:featuredmedia":[{"embeddable":true,"href":"https:\/\/entrenotasyacordes.com\/index.php?rest_route=\/wp\/v2\/media\/10345"}],"wp:attachment":[{"href":"https:\/\/entrenotasyacordes.com\/index.php?rest_route=%2Fwp%2Fv2%2Fmedia&parent=10344"}],"wp:term":[{"taxonomy":"category","embeddable":true,"href":"https:\/\/entrenotasyacordes.com\/index.php?rest_route=%2Fwp%2Fv2%2Fcategories&post=10344"},{"taxonomy":"post_tag","embeddable":true,"href":"https:\/\/entrenotasyacordes.com\/index.php?rest_route=%2Fwp%2Fv2%2Ftags&post=10344"}],"curies":[{"name":"wp","href":"https:\/\/api.w.org\/{rel}","templated":true}]}}