{"id":10349,"date":"2024-08-13T00:04:44","date_gmt":"2024-08-13T00:04:44","guid":{"rendered":"https:\/\/entrenotasyacordes.com\/?p=10349"},"modified":"2024-08-13T00:04:45","modified_gmt":"2024-08-13T00:04:45","slug":"reik-regresa-a-argentina-y-ya-se-pueden-conseguir-las-entradas-para-volver-a-verlos-en-vivo","status":"publish","type":"post","link":"https:\/\/entrenotasyacordes.com\/?p=10349","title":{"rendered":"REIK REGRESA A ARGENTINA Y YA SE PUEDEN CONSEGUIR LAS ENTRADAS PARA VOLVER A VERLOS EN VIVO"},"content":{"rendered":"\n<!--more-->\n\n\n\n<p class=\"has-text-align-center\">La banda mexicana formada por Jes\u00fas Navarro, Julio Ram\u00edrez y Bibi Mar\u00edn regresa al pa\u00eds en el marco de su gira mundial \u201cPanorama Tour\u201d<\/p>\n\n\n\n<p class=\"has-text-align-center\"><strong>16 DE MAYO DE 2025<\/strong><br><strong>MOVISTAR ARENA, BUENOS AIRES<\/strong><br><strong>TICKETS A LA VENTA A TRAV\u00c9S DE LA WEB DE&nbsp;<\/strong><a href=\"https:\/\/instagramc.tr.pemsv30.net\/c\/eyJhIjoiaW5zdGFncmFtYyIsIm0iOiJtYWlsX2Nsem1xOTAzYWpsbTQwODQ1eGhsbHJsengiLCJsIjoibGlua183NWUxMjY2ZWJmZTc0MzFmMjk1NDMxMGE2YTdhM2I3NWQyZTgzNzNmX2M5MDM3YyIsImkiOltdLCJ1IjoiaHR0cDovL01PVklTVEFSQVJFTkEuQ09NLkFSP3V0bV9zb3VyY2U9cGVyZml0JnV0bV9tZWRpdW09ZW1haWwmdXRtX2NhbXBhaWduPVJFSUslMjAlN0MlMjBBTlVOQ0lPIiwiYyI6IiIsImgiOiJmMDFjMzcifQ\" target=\"_blank\" rel=\"noreferrer noopener\">MOVISTAR ARENA<\/a><\/p>\n\n\n\n<p class=\"has-text-align-center\"><strong>17 DE MAYO DE 2025<\/strong><br><strong>QUALITY ARENA, BUENOS AIRES<\/strong><br><strong>TICKETS A LA VENTA A TRAV\u00c9S DE&nbsp;<\/strong><a href=\"https:\/\/instagramc.tr.pemsv30.net\/c\/eyJhIjoiaW5zdGFncmFtYyIsIm0iOiJtYWlsX2Nsem1xOTAzYWpsbTQwODQ1eGhsbHJsengiLCJsIjoibGlua19kNTAzMzhkOWI3OTk5ZTcwNzU4MTRhZDMxMGJkYjAxYzFlMzRmNmMwXzRlOGYyMCIsImkiOltdLCJ1IjoiaHR0cDovL3d3dy50aWNrZXRlay5jb20uYXI_dXRtX3NvdXJjZT1wZXJmaXQmdXRtX21lZGl1bT1lbWFpbCZ1dG1fY2FtcGFpZ249UkVJSyUyMCU3QyUyMEFOVU5DSU8iLCJjIjoiIiwiaCI6ImU4MTEyOSJ9\" target=\"_blank\" rel=\"noreferrer noopener\">TICKETEK<\/a><\/p>\n\n\n\n<p><strong>PREVENTA EXCLUSIVA BANCO GALICIA: <\/strong>LUNES 12 DE AGOSTO A LAS 10 AM<br><strong>VENTA GENERAL: <\/strong>MI\u00c9RCOLES 14 DE AGOSTO A LAS 10 AM<\/p>\n\n\n<div class=\"wp-block-image\">\n<figure class=\"aligncenter size-full is-resized\"><img loading=\"lazy\" decoding=\"async\" width=\"1366\" height=\"2048\" src=\"https:\/\/entrenotasyacordes.com\/wp-content\/uploads\/2024\/08\/2k.jpeg\" alt=\"\" class=\"wp-image-10342\" style=\"width:607px;height:auto\" srcset=\"https:\/\/entrenotasyacordes.com\/wp-content\/uploads\/2024\/08\/2k.jpeg 1366w, https:\/\/entrenotasyacordes.com\/wp-content\/uploads\/2024\/08\/2k-200x300.jpeg 200w, https:\/\/entrenotasyacordes.com\/wp-content\/uploads\/2024\/08\/2k-683x1024.jpeg 683w, https:\/\/entrenotasyacordes.com\/wp-content\/uploads\/2024\/08\/2k-768x1151.jpeg 768w, https:\/\/entrenotasyacordes.com\/wp-content\/uploads\/2024\/08\/2k-1025x1536.jpeg 1025w, https:\/\/entrenotasyacordes.com\/wp-content\/uploads\/2024\/08\/2k-1024x1535.jpeg 1024w\" sizes=\"auto, (max-width: 1366px) 100vw, 1366px\" \/><\/figure>\n<\/div>\n\n\n<p class=\"has-text-align-left\"><strong>Buenos Aires, 12 de agosto de 2024.<\/strong>\u00a0Comenz\u00f3 la venta de entradas para el regreso de la esperad\u00edsima banda de pop latino.\u00a0<strong>REIK<\/strong>\u00a0vuelve a Argentina, su declarada segunda casa, y ya tiene fechas confirmadas:\u00a0<strong>16 de mayo de 2025 en Movistar Arena, Buenos Aires<\/strong>, tickets a la venta a trav\u00e9s de la web de\u00a0<a href=\"https:\/\/instagramc.tr.pemsv30.net\/c\/eyJhIjoiaW5zdGFncmFtYyIsIm0iOiJtYWlsX2NsenI0eDVueWFrNDMwYTM1YTRwZTJndG4iLCJsIjoibGlua185NWVjODQ4NDJjNDg3NjVlNjY3OGExOWJjMzE0MjA5YjhmZjQ1MmQ5XzI2NzViNSIsImkiOltdLCJ1IjoiaHR0cHM6Ly9tb3Zpc3RhcmFyZW5hLmNvbS5hcj91dG1fc291cmNlPXBlcmZpdCZ1dG1fbWVkaXVtPWVtYWlsJnV0bV9jYW1wYWlnbj1SRUlLJTIwJTdDJTIwVkVOVEElMjBERSUyMEVOVFJBREFTIiwiYyI6IiIsImgiOiIyNzgzZTAifQ\" target=\"_blank\" rel=\"noreferrer noopener\">Movistar Arena<\/a>\u00a0y\u00a0<strong>17 de mayo de 2025 en Quality Arena, C\u00f3rdoba<\/strong>. tickets a la venta a trav\u00e9s de\u00a0<a href=\"https:\/\/instagramc.tr.pemsv30.net\/c\/eyJhIjoiaW5zdGFncmFtYyIsIm0iOiJtYWlsX2NsenI0eDVueWFrNDMwYTM1YTRwZTJndG4iLCJsIjoibGlua184Nzg0MjE2NDI2ZjQ5YTFjMTU2YWIwZjc0YzU4MTJmYjNhZjZiMGU3XzcxYmNkNCIsImkiOltdLCJ1IjoiaHR0cDovL3d3dy50aWNrZXRlay5jb20uYXIvP3V0bV9zb3VyY2U9cGVyZml0JnV0bV9tZWRpdW09ZW1haWwmdXRtX2NhbXBhaWduPVJFSUslMjAlN0MlMjBWRU5UQSUyMERFJTIwRU5UUkFEQVMiLCJjIjoiIiwiaCI6IjBiNjA0MCJ9\" target=\"_blank\" rel=\"noreferrer noopener\">ticketek<\/a>. <\/p>\n\n\n\n<p class=\"has-text-align-left\">En el marco de la gira \u201cPanorama Tour\u201d, una de las bandas m\u00e1s representativas de la era dorada del Pop rom\u00e1ntico latinoamericano, realizar\u00e1 26 grandes shows a lo largo de Estados Unidos y M\u00e9xico, y arribar\u00e1 en mayo en&nbsp;<strong>Argentina&nbsp;<\/strong>no s\u00f3lo para revivir los m\u00e1s grandes \u00e9xitos de la banda, sino, tambi\u00e9n para mostrar su intachable vigencia en la escena internacional de la m\u00fasica regional a partir de colaboraciones con grandes exponente contempor\u00e1neos como Rauw Alejandro, Maria Becerra, Rusher King, entre otros.<\/p>\n\n\n\n<p class=\"has-text-align-left\">Luego de su exitosa visita el a\u00f1o pasado con un rotundo sold out en el Movistar Arena, el pr\u00f3ximo 16 de mayo en Buenos Aires y el 17 de mayo en C\u00f3rdoba,&nbsp;<strong>REIK&nbsp;<\/strong>abrir\u00e1 una puerta a esa tarde de 2003 en que la banda se reuni\u00f3 por primera vez y nos invitar\u00e1 a hacer un viaje por \u00edconos como \u201c<a target=\"_blank\" href=\"https:\/\/instagramc.tr.pemsv30.net\/c\/eyJhIjoiaW5zdGFncmFtYyIsIm0iOiJtYWlsX2Nsem1xOTAzYWpsbTQwODQ1eGhsbHJsengiLCJsIjoibGlua19mMDlhNzNiNDdiNDIyYmUxNjI5NDdhODlhY2FlZjFhN2RkOGUyMzM5XzZkNzk3MSIsImkiOltdLCJ1IjoiaHR0cHM6Ly9vcGVuLnNwb3RpZnkuY29tL2ludGwtZXMvdHJhY2svMnZDSERyWFZOMGsxR1BUalNJWjY5RT9zaT1iYmNhZTcxNDI2NDQ0NTNiJnV0bV9zb3VyY2U9cGVyZml0JnV0bV9tZWRpdW09ZW1haWwmdXRtX2NhbXBhaWduPVJFSUslMjAlN0MlMjBBTlVOQ0lPIiwiYyI6IiIsImgiOiI5ZjY5NTYifQ\" rel=\"noreferrer noopener\">Noviembre Sin Ti<\/a>\u201d, \u201c<a target=\"_blank\" href=\"https:\/\/instagramc.tr.pemsv30.net\/c\/eyJhIjoiaW5zdGFncmFtYyIsIm0iOiJtYWlsX2Nsem1xOTAzYWpsbTQwODQ1eGhsbHJsengiLCJsIjoibGlua18zOThhNDllZDY5ODZiNjAzNWY5YTRiMjNkMTJlZTQyY2M0OWU5YTcwXzc3NjI1NSIsImkiOltdLCJ1IjoiaHR0cHM6Ly9vcGVuLnNwb3RpZnkuY29tL2ludGwtZXMvdHJhY2svMkdTcjhhbmxlQ1hLTE5qamppam9NWj9zaT05OTk2Y2EwY2M4YjM0MWZhJnV0bV9zb3VyY2U9cGVyZml0JnV0bV9tZWRpdW09ZW1haWwmdXRtX2NhbXBhaWduPVJFSUslMjAlN0MlMjBBTlVOQ0lPIiwiYyI6IiIsImgiOiI1OTY0MjgifQ\" rel=\"noreferrer noopener\">Yo Quisiera<\/a>\u201d y \u201c<a target=\"_blank\" href=\"https:\/\/instagramc.tr.pemsv30.net\/c\/eyJhIjoiaW5zdGFncmFtYyIsIm0iOiJtYWlsX2Nsem1xOTAzYWpsbTQwODQ1eGhsbHJsengiLCJsIjoibGlua19iMzE0ZGZjZDU4ZWNhMjgwMmQ0OTI5ZDFhYjZiMzNjYmQ3YTI5ODQwXzczMGVlMSIsImkiOltdLCJ1IjoiaHR0cHM6Ly9vcGVuLnNwb3RpZnkuY29tL2ludGwtZXMvdHJhY2svME02S1kweDV1NjV5YlhIWjNJQWVnYT9zaT1mNmZmMzk3MTFlMDI0YzIwJnV0bV9zb3VyY2U9cGVyZml0JnV0bV9tZWRpdW09ZW1haWwmdXRtX2NhbXBhaWduPVJFSUslMjAlN0MlMjBBTlVOQ0lPIiwiYyI6IiIsImgiOiI2N2QwZDQifQ\" rel=\"noreferrer noopener\">Qu\u00e9 Vida La M\u00eda<\/a>\u201d para culminar con sus m\u00e1s recientes lanzamientos, viajando por sus ya doce a\u00f1os de trayectoria y conexi\u00f3n con sus millones de fans.<\/p>\n\n\n<div class=\"wp-block-image\">\n<figure class=\"aligncenter size-full is-resized\"><img loading=\"lazy\" decoding=\"async\" width=\"504\" height=\"503\" src=\"https:\/\/entrenotasyacordes.com\/wp-content\/uploads\/2024\/08\/1h.jpeg\" alt=\"\" class=\"wp-image-10341\" style=\"width:607px;height:auto\" srcset=\"https:\/\/entrenotasyacordes.com\/wp-content\/uploads\/2024\/08\/1h.jpeg 504w, https:\/\/entrenotasyacordes.com\/wp-content\/uploads\/2024\/08\/1h-300x300.jpeg 300w, https:\/\/entrenotasyacordes.com\/wp-content\/uploads\/2024\/08\/1h-150x150.jpeg 150w, https:\/\/entrenotasyacordes.com\/wp-content\/uploads\/2024\/08\/1h-50x50.jpeg 50w\" sizes=\"auto, (max-width: 504px) 100vw, 504px\" \/><\/figure>\n<\/div>\n\n\n<p><strong>SOBRE REIK<\/strong><\/p>\n\n\n\n<p>El nombre Reik lleva consigo peso y reconocimiento. Como prueba, no hay m\u00e1s que observar sus m\u00faltiples shows agotados cada a\u00f1o en toda Am\u00e9rica Latina, Estados Unidos y Espa\u00f1a; numerosos \u00e9xitos radiales; y canciones destacadas en campa\u00f1as publicitarias de marcas internacionales.<br>&nbsp;<br>Hace diecis\u00e9is a\u00f1os, nadie podr\u00eda haber imaginado el r\u00e1pido ascenso y la destacada carrera de estos tres j\u00f3venes de Mexicali, Baja California. Han sido pioneros desde entonces, acumulando 9.1 mil millones de reproducciones, 9.1 mil millones de vistas y 9.8 millones de suscriptores en YouTube, as\u00ed como 20 millones de oyentes mensuales en Spotify.<br>&nbsp;<br>Su discograf\u00eda cuenta con seis \u00e1lbumes de estudio, dos grabaciones en vivo y dos EP conceptuales, resultando en certificaciones de oro y platino en M\u00e9xico, Am\u00e9rica Latina, Espa\u00f1a y Estados Unidos.<br>&nbsp;<br>Reik ha colaborado con m\u00e1s de 30 artistas internacionales, incluyendo a Maluma, J Balvin, Wisin &amp; Yandel, Sebasti\u00e1n Yatra, Carin Le\u00f3n, Ozuna, Morat, Super Junior, Manuel Turizo, Farruko, Camilo, Aitana, Christian Nodal, Grupo Firme y Nicky Jam, entre otros.<\/p>\n\n\n\n<p>La banda tambi\u00e9n ha ganado una amplia gama de premios, incluyendo Latin GRAMMYs, MTV Music Awards, Premio Lo Nuestro, Gaviotas de Plata y Oro, Billboard Latin Music Awards y Premios Juventud, entre otros.<\/p>\n","protected":false},"excerpt":{"rendered":"","protected":false},"author":5,"featured_media":10341,"comment_status":"open","ping_status":"open","sticky":false,"template":"","format":"standard","meta":{"om_disable_all_campaigns":false,"_uf_show_specific_survey":0,"_uf_disable_surveys":false,"footnotes":""},"categories":[36],"tags":[],"class_list":["post-10349","post","type-post","status-publish","format-standard","has-post-thumbnail","hentry","category-conciertos"],"_links":{"self":[{"href":"https:\/\/entrenotasyacordes.com\/index.php?rest_route=\/wp\/v2\/posts\/10349","targetHints":{"allow":["GET"]}}],"collection":[{"href":"https:\/\/entrenotasyacordes.com\/index.php?rest_route=\/wp\/v2\/posts"}],"about":[{"href":"https:\/\/entrenotasyacordes.com\/index.php?rest_route=\/wp\/v2\/types\/post"}],"author":[{"embeddable":true,"href":"https:\/\/entrenotasyacordes.com\/index.php?rest_route=\/wp\/v2\/users\/5"}],"replies":[{"embeddable":true,"href":"https:\/\/entrenotasyacordes.com\/index.php?rest_route=%2Fwp%2Fv2%2Fcomments&post=10349"}],"version-history":[{"count":1,"href":"https:\/\/entrenotasyacordes.com\/index.php?rest_route=\/wp\/v2\/posts\/10349\/revisions"}],"predecessor-version":[{"id":10350,"href":"https:\/\/entrenotasyacordes.com\/index.php?rest_route=\/wp\/v2\/posts\/10349\/revisions\/10350"}],"wp:featuredmedia":[{"embeddable":true,"href":"https:\/\/entrenotasyacordes.com\/index.php?rest_route=\/wp\/v2\/media\/10341"}],"wp:attachment":[{"href":"https:\/\/entrenotasyacordes.com\/index.php?rest_route=%2Fwp%2Fv2%2Fmedia&parent=10349"}],"wp:term":[{"taxonomy":"category","embeddable":true,"href":"https:\/\/entrenotasyacordes.com\/index.php?rest_route=%2Fwp%2Fv2%2Fcategories&post=10349"},{"taxonomy":"post_tag","embeddable":true,"href":"https:\/\/entrenotasyacordes.com\/index.php?rest_route=%2Fwp%2Fv2%2Ftags&post=10349"}],"curies":[{"name":"wp","href":"https:\/\/api.w.org\/{rel}","templated":true}]}}