{"id":10351,"date":"2024-08-13T00:14:48","date_gmt":"2024-08-13T00:14:48","guid":{"rendered":"https:\/\/entrenotasyacordes.com\/?p=10351"},"modified":"2024-08-13T00:14:49","modified_gmt":"2024-08-13T00:14:49","slug":"silvestre-dangond-regresa-a-la-argentina-este-domingo","status":"publish","type":"post","link":"https:\/\/entrenotasyacordes.com\/?p=10351","title":{"rendered":"SILVESTRE DANGOND , REGRESA A LA ARGENTINA ESTE DOMINGO!"},"content":{"rendered":"\n<!--more-->\n\n\n\n<p><strong>Uno de los artistas de Vallenato m\u00e1s esperados\u00a0 llega el 18 de agosto por primera vez al Teatro Gran Rex.<\/strong><\/p>\n\n\n<div class=\"wp-block-image\">\n<figure class=\"aligncenter size-full is-resized\"><img loading=\"lazy\" decoding=\"async\" width=\"1206\" height=\"1208\" src=\"https:\/\/entrenotasyacordes.com\/wp-content\/uploads\/2024\/08\/9h-1.png\" alt=\"\" class=\"wp-image-10264\" style=\"width:607px;height:auto\" srcset=\"https:\/\/entrenotasyacordes.com\/wp-content\/uploads\/2024\/08\/9h-1.png 1206w, https:\/\/entrenotasyacordes.com\/wp-content\/uploads\/2024\/08\/9h-1-300x300.png 300w, https:\/\/entrenotasyacordes.com\/wp-content\/uploads\/2024\/08\/9h-1-1022x1024.png 1022w, https:\/\/entrenotasyacordes.com\/wp-content\/uploads\/2024\/08\/9h-1-150x150.png 150w, https:\/\/entrenotasyacordes.com\/wp-content\/uploads\/2024\/08\/9h-1-768x769.png 768w, https:\/\/entrenotasyacordes.com\/wp-content\/uploads\/2024\/08\/9h-1-1024x1026.png 1024w, https:\/\/entrenotasyacordes.com\/wp-content\/uploads\/2024\/08\/9h-1-50x50.png 50w\" sizes=\"auto, (max-width: 1206px) 100vw, 1206px\" \/><\/figure>\n<\/div>\n\n\n<p>El afamado m\u00fasico colombiano Silvestre Dangond, ganador de dos Grammys Latino, vuelve a Sudam\u00e9rica y espec\u00edficamente a Argentina con su nuevo tour \u2018Ta bueno\u2019 el pr\u00f3ximo 18 de agosto en el teatro Gran Rex de Argentina.<\/p>\n\n\n\n<p>El cantante de vallenato se presentar\u00e1 en el prestigioso Teatro Gran Rex, cerrando su gira de shows en el Movistar Arena de Chile y el Multiespacio Costa 21 en Per\u00fa.<\/p>\n\n\n\n<p>El espect\u00e1culo promete destacar lo mejor de su repertorio, incluyendo \u00e9xitos de su \u00faltimo \u00e1lbum titulado &#8216;Ta Malo&#8217;. Dangond, conocido por su energ\u00eda y carisma en el escenario, busca ofrecer una experiencia inolvidable a sus seguidores con interpretaciones que abarcan tanto sus nuevos sencillos como sus cl\u00e1sicos m\u00e1s queridos.\u00a0<\/p>\n\n\n\n<p>Este tour es una muestra m\u00e1s del impacto internacional de Dangond, quien ha sido fundamental en la difusi\u00f3n del vallenato, g\u00e9nero musical que sigue conquistando corazones en toda Am\u00e9rica Latina. La presentaci\u00f3n en el Gran Rex no solo marca un hito en su carrera, sino que tambi\u00e9n reafirma su posici\u00f3n como uno de los artistas m\u00e1s importantes de la m\u00fasica latina contempor\u00e1nea.\u00a0<\/p>\n\n\n\n<p>Las entradas para el concierto en Buenos Aires ya est\u00e1n disponibles a trav\u00e9s de\u00a0<a href=\"http:\/\/tuentrada.com\/\" target=\"_blank\" rel=\"noreferrer noopener\">tuentrada.com<\/a>\u00a0y se espera un lleno total, dado el fervor de sus fans y la gran expectaci\u00f3n generada por su regreso a los escenarios sudamericanos.<\/p>\n\n\n<div class=\"wp-block-image\">\n<figure class=\"aligncenter size-full is-resized\"><img loading=\"lazy\" decoding=\"async\" width=\"1202\" height=\"1088\" src=\"https:\/\/entrenotasyacordes.com\/wp-content\/uploads\/2024\/08\/9hh.png\" alt=\"\" class=\"wp-image-10263\" style=\"width:607px;height:auto\" srcset=\"https:\/\/entrenotasyacordes.com\/wp-content\/uploads\/2024\/08\/9hh.png 1202w, https:\/\/entrenotasyacordes.com\/wp-content\/uploads\/2024\/08\/9hh-300x272.png 300w, https:\/\/entrenotasyacordes.com\/wp-content\/uploads\/2024\/08\/9hh-1024x927.png 1024w, https:\/\/entrenotasyacordes.com\/wp-content\/uploads\/2024\/08\/9hh-768x695.png 768w\" sizes=\"auto, (max-width: 1202px) 100vw, 1202px\" \/><\/figure>\n<\/div>","protected":false},"excerpt":{"rendered":"","protected":false},"author":5,"featured_media":10262,"comment_status":"open","ping_status":"open","sticky":false,"template":"","format":"standard","meta":{"om_disable_all_campaigns":false,"_uf_show_specific_survey":0,"_uf_disable_surveys":false,"footnotes":""},"categories":[36],"tags":[],"class_list":["post-10351","post","type-post","status-publish","format-standard","has-post-thumbnail","hentry","category-conciertos"],"_links":{"self":[{"href":"https:\/\/entrenotasyacordes.com\/index.php?rest_route=\/wp\/v2\/posts\/10351","targetHints":{"allow":["GET"]}}],"collection":[{"href":"https:\/\/entrenotasyacordes.com\/index.php?rest_route=\/wp\/v2\/posts"}],"about":[{"href":"https:\/\/entrenotasyacordes.com\/index.php?rest_route=\/wp\/v2\/types\/post"}],"author":[{"embeddable":true,"href":"https:\/\/entrenotasyacordes.com\/index.php?rest_route=\/wp\/v2\/users\/5"}],"replies":[{"embeddable":true,"href":"https:\/\/entrenotasyacordes.com\/index.php?rest_route=%2Fwp%2Fv2%2Fcomments&post=10351"}],"version-history":[{"count":1,"href":"https:\/\/entrenotasyacordes.com\/index.php?rest_route=\/wp\/v2\/posts\/10351\/revisions"}],"predecessor-version":[{"id":10352,"href":"https:\/\/entrenotasyacordes.com\/index.php?rest_route=\/wp\/v2\/posts\/10351\/revisions\/10352"}],"wp:featuredmedia":[{"embeddable":true,"href":"https:\/\/entrenotasyacordes.com\/index.php?rest_route=\/wp\/v2\/media\/10262"}],"wp:attachment":[{"href":"https:\/\/entrenotasyacordes.com\/index.php?rest_route=%2Fwp%2Fv2%2Fmedia&parent=10351"}],"wp:term":[{"taxonomy":"category","embeddable":true,"href":"https:\/\/entrenotasyacordes.com\/index.php?rest_route=%2Fwp%2Fv2%2Fcategories&post=10351"},{"taxonomy":"post_tag","embeddable":true,"href":"https:\/\/entrenotasyacordes.com\/index.php?rest_route=%2Fwp%2Fv2%2Ftags&post=10351"}],"curies":[{"name":"wp","href":"https:\/\/api.w.org\/{rel}","templated":true}]}}