{"id":10359,"date":"2024-08-13T02:50:29","date_gmt":"2024-08-13T02:50:29","guid":{"rendered":"https:\/\/entrenotasyacordes.com\/?p=10359"},"modified":"2024-08-13T02:50:30","modified_gmt":"2024-08-13T02:50:30","slug":"olivia-wald-tuvo-su-noche-magica-en-la-tangente%f0%9f%94%a5","status":"publish","type":"post","link":"https:\/\/entrenotasyacordes.com\/?p=10359","title":{"rendered":"Olivia Wald tuvo su noche m\u00e1gica en La Tangente\ud83d\udd25"},"content":{"rendered":"\n<!--more-->\n\n\n\n<p>La joven cantante argentina, Olivia Wald tuvo su noche m\u00e1gica con su show en La Tangente, donde brill\u00f3 rodeada de fan\u00e1ticos y mucha m\u00fasica.<\/p>\n\n\n\n<p>La artista viene de estrenar \u201cEn La Cara\u201d, una balada que se transforma en un canto de esperanza y empoderamiento para todas las mujeres que quieren dejar atr\u00e1s a quienes no saben amar.<\/p>\n\n\n\n<p>\u270d\ufe0f\u00a0<a href=\"https:\/\/www.instagram.com\/melodyluceropr1\/\">@melodyluceropr1<\/a><br>\ud83d\udcf8\u00a0<a href=\"https:\/\/www.instagram.com\/delfinaf.ph\/\">@delfinaf.ph<\/a><\/p>\n\n\n\n<figure class=\"wp-block-gallery has-nested-images columns-default is-cropped wp-block-gallery-1 is-layout-flex wp-block-gallery-is-layout-flex\">\n<figure class=\"wp-block-image size-large\"><img loading=\"lazy\" decoding=\"async\" width=\"819\" height=\"1024\" data-id=\"10371\" src=\"https:\/\/entrenotasyacordes.com\/wp-content\/uploads\/2024\/08\/Publicaciones-Verticales-Dividida-4-819x1024.png\" alt=\"\" class=\"wp-image-10371\" srcset=\"https:\/\/entrenotasyacordes.com\/wp-content\/uploads\/2024\/08\/Publicaciones-Verticales-Dividida-4-819x1024.png 819w, https:\/\/entrenotasyacordes.com\/wp-content\/uploads\/2024\/08\/Publicaciones-Verticales-Dividida-4-240x300.png 240w, https:\/\/entrenotasyacordes.com\/wp-content\/uploads\/2024\/08\/Publicaciones-Verticales-Dividida-4-768x960.png 768w, https:\/\/entrenotasyacordes.com\/wp-content\/uploads\/2024\/08\/Publicaciones-Verticales-Dividida-4-1024x1280.png 1024w, https:\/\/entrenotasyacordes.com\/wp-content\/uploads\/2024\/08\/Publicaciones-Verticales-Dividida-4.png 1080w\" sizes=\"auto, (max-width: 819px) 100vw, 819px\" \/><\/figure>\n\n\n\n<figure class=\"wp-block-image size-large\"><img loading=\"lazy\" decoding=\"async\" width=\"683\" height=\"1024\" data-id=\"10373\" src=\"https:\/\/entrenotasyacordes.com\/wp-content\/uploads\/2024\/08\/4-Olivia-Wald-@delfinaf.ph-para-@entrenotasyacordes-683x1024.jpeg\" alt=\"\" class=\"wp-image-10373\" srcset=\"https:\/\/entrenotasyacordes.com\/wp-content\/uploads\/2024\/08\/4-Olivia-Wald-@delfinaf.ph-para-@entrenotasyacordes-683x1024.jpeg 683w, https:\/\/entrenotasyacordes.com\/wp-content\/uploads\/2024\/08\/4-Olivia-Wald-@delfinaf.ph-para-@entrenotasyacordes-200x300.jpeg 200w, https:\/\/entrenotasyacordes.com\/wp-content\/uploads\/2024\/08\/4-Olivia-Wald-@delfinaf.ph-para-@entrenotasyacordes-768x1152.jpeg 768w, https:\/\/entrenotasyacordes.com\/wp-content\/uploads\/2024\/08\/4-Olivia-Wald-@delfinaf.ph-para-@entrenotasyacordes-1024x1536.jpeg 1024w, https:\/\/entrenotasyacordes.com\/wp-content\/uploads\/2024\/08\/4-Olivia-Wald-@delfinaf.ph-para-@entrenotasyacordes-1365x2048.jpeg 1365w, https:\/\/entrenotasyacordes.com\/wp-content\/uploads\/2024\/08\/4-Olivia-Wald-@delfinaf.ph-para-@entrenotasyacordes-scaled.jpeg 1707w\" sizes=\"auto, (max-width: 683px) 100vw, 683px\" \/><\/figure>\n\n\n\n<figure class=\"wp-block-image size-large\"><img loading=\"lazy\" decoding=\"async\" width=\"683\" height=\"1024\" data-id=\"10376\" src=\"https:\/\/entrenotasyacordes.com\/wp-content\/uploads\/2024\/08\/42-Olivia-Wald-@delfinaf.ph-para-@entrenotasyacordes-683x1024.jpeg\" alt=\"\" class=\"wp-image-10376\" srcset=\"https:\/\/entrenotasyacordes.com\/wp-content\/uploads\/2024\/08\/42-Olivia-Wald-@delfinaf.ph-para-@entrenotasyacordes-683x1024.jpeg 683w, https:\/\/entrenotasyacordes.com\/wp-content\/uploads\/2024\/08\/42-Olivia-Wald-@delfinaf.ph-para-@entrenotasyacordes-200x300.jpeg 200w, https:\/\/entrenotasyacordes.com\/wp-content\/uploads\/2024\/08\/42-Olivia-Wald-@delfinaf.ph-para-@entrenotasyacordes-768x1152.jpeg 768w, https:\/\/entrenotasyacordes.com\/wp-content\/uploads\/2024\/08\/42-Olivia-Wald-@delfinaf.ph-para-@entrenotasyacordes-1024x1536.jpeg 1024w, https:\/\/entrenotasyacordes.com\/wp-content\/uploads\/2024\/08\/42-Olivia-Wald-@delfinaf.ph-para-@entrenotasyacordes-1365x2048.jpeg 1365w, https:\/\/entrenotasyacordes.com\/wp-content\/uploads\/2024\/08\/42-Olivia-Wald-@delfinaf.ph-para-@entrenotasyacordes-scaled.jpeg 1707w\" sizes=\"auto, (max-width: 683px) 100vw, 683px\" \/><\/figure>\n\n\n\n<figure class=\"wp-block-image size-large\"><img loading=\"lazy\" decoding=\"async\" width=\"683\" height=\"1024\" data-id=\"10375\" src=\"https:\/\/entrenotasyacordes.com\/wp-content\/uploads\/2024\/08\/39-Olivia-Wald-@delfinaf.ph-para-@entrenotasyacordes-683x1024.jpeg\" alt=\"\" class=\"wp-image-10375\" srcset=\"https:\/\/entrenotasyacordes.com\/wp-content\/uploads\/2024\/08\/39-Olivia-Wald-@delfinaf.ph-para-@entrenotasyacordes-683x1024.jpeg 683w, https:\/\/entrenotasyacordes.com\/wp-content\/uploads\/2024\/08\/39-Olivia-Wald-@delfinaf.ph-para-@entrenotasyacordes-200x300.jpeg 200w, https:\/\/entrenotasyacordes.com\/wp-content\/uploads\/2024\/08\/39-Olivia-Wald-@delfinaf.ph-para-@entrenotasyacordes-768x1152.jpeg 768w, https:\/\/entrenotasyacordes.com\/wp-content\/uploads\/2024\/08\/39-Olivia-Wald-@delfinaf.ph-para-@entrenotasyacordes-1024x1536.jpeg 1024w, https:\/\/entrenotasyacordes.com\/wp-content\/uploads\/2024\/08\/39-Olivia-Wald-@delfinaf.ph-para-@entrenotasyacordes-1365x2048.jpeg 1365w, https:\/\/entrenotasyacordes.com\/wp-content\/uploads\/2024\/08\/39-Olivia-Wald-@delfinaf.ph-para-@entrenotasyacordes-scaled.jpeg 1707w\" sizes=\"auto, (max-width: 683px) 100vw, 683px\" \/><\/figure>\n\n\n\n<figure class=\"wp-block-image size-large\"><img loading=\"lazy\" decoding=\"async\" width=\"819\" height=\"1024\" data-id=\"10372\" src=\"https:\/\/entrenotasyacordes.com\/wp-content\/uploads\/2024\/08\/Publicaciones-Verticales-Dividida-3-819x1024.png\" alt=\"\" class=\"wp-image-10372\" srcset=\"https:\/\/entrenotasyacordes.com\/wp-content\/uploads\/2024\/08\/Publicaciones-Verticales-Dividida-3-819x1024.png 819w, https:\/\/entrenotasyacordes.com\/wp-content\/uploads\/2024\/08\/Publicaciones-Verticales-Dividida-3-240x300.png 240w, https:\/\/entrenotasyacordes.com\/wp-content\/uploads\/2024\/08\/Publicaciones-Verticales-Dividida-3-768x960.png 768w, https:\/\/entrenotasyacordes.com\/wp-content\/uploads\/2024\/08\/Publicaciones-Verticales-Dividida-3-1024x1280.png 1024w, https:\/\/entrenotasyacordes.com\/wp-content\/uploads\/2024\/08\/Publicaciones-Verticales-Dividida-3.png 1080w\" sizes=\"auto, (max-width: 819px) 100vw, 819px\" \/><\/figure>\n\n\n\n<figure class=\"wp-block-image size-large\"><img loading=\"lazy\" decoding=\"async\" width=\"683\" height=\"1024\" data-id=\"10374\" src=\"https:\/\/entrenotasyacordes.com\/wp-content\/uploads\/2024\/08\/14-Olivia-Wald-@delfinaf.ph-para-@entrenotasyacordes-683x1024.jpeg\" alt=\"\" class=\"wp-image-10374\" srcset=\"https:\/\/entrenotasyacordes.com\/wp-content\/uploads\/2024\/08\/14-Olivia-Wald-@delfinaf.ph-para-@entrenotasyacordes-683x1024.jpeg 683w, https:\/\/entrenotasyacordes.com\/wp-content\/uploads\/2024\/08\/14-Olivia-Wald-@delfinaf.ph-para-@entrenotasyacordes-200x300.jpeg 200w, https:\/\/entrenotasyacordes.com\/wp-content\/uploads\/2024\/08\/14-Olivia-Wald-@delfinaf.ph-para-@entrenotasyacordes-768x1152.jpeg 768w, https:\/\/entrenotasyacordes.com\/wp-content\/uploads\/2024\/08\/14-Olivia-Wald-@delfinaf.ph-para-@entrenotasyacordes-1024x1536.jpeg 1024w, https:\/\/entrenotasyacordes.com\/wp-content\/uploads\/2024\/08\/14-Olivia-Wald-@delfinaf.ph-para-@entrenotasyacordes-1365x2048.jpeg 1365w, https:\/\/entrenotasyacordes.com\/wp-content\/uploads\/2024\/08\/14-Olivia-Wald-@delfinaf.ph-para-@entrenotasyacordes-scaled.jpeg 1707w\" sizes=\"auto, (max-width: 683px) 100vw, 683px\" \/><\/figure>\n<\/figure>\n","protected":false},"excerpt":{"rendered":"","protected":false},"author":5,"featured_media":10370,"comment_status":"open","ping_status":"open","sticky":false,"template":"","format":"standard","meta":{"om_disable_all_campaigns":false,"_uf_show_specific_survey":0,"_uf_disable_surveys":false,"footnotes":""},"categories":[7],"tags":[],"class_list":["post-10359","post","type-post","status-publish","format-standard","has-post-thumbnail","hentry","category-coberturas"],"_links":{"self":[{"href":"https:\/\/entrenotasyacordes.com\/index.php?rest_route=\/wp\/v2\/posts\/10359","targetHints":{"allow":["GET"]}}],"collection":[{"href":"https:\/\/entrenotasyacordes.com\/index.php?rest_route=\/wp\/v2\/posts"}],"about":[{"href":"https:\/\/entrenotasyacordes.com\/index.php?rest_route=\/wp\/v2\/types\/post"}],"author":[{"embeddable":true,"href":"https:\/\/entrenotasyacordes.com\/index.php?rest_route=\/wp\/v2\/users\/5"}],"replies":[{"embeddable":true,"href":"https:\/\/entrenotasyacordes.com\/index.php?rest_route=%2Fwp%2Fv2%2Fcomments&post=10359"}],"version-history":[{"count":1,"href":"https:\/\/entrenotasyacordes.com\/index.php?rest_route=\/wp\/v2\/posts\/10359\/revisions"}],"predecessor-version":[{"id":10377,"href":"https:\/\/entrenotasyacordes.com\/index.php?rest_route=\/wp\/v2\/posts\/10359\/revisions\/10377"}],"wp:featuredmedia":[{"embeddable":true,"href":"https:\/\/entrenotasyacordes.com\/index.php?rest_route=\/wp\/v2\/media\/10370"}],"wp:attachment":[{"href":"https:\/\/entrenotasyacordes.com\/index.php?rest_route=%2Fwp%2Fv2%2Fmedia&parent=10359"}],"wp:term":[{"taxonomy":"category","embeddable":true,"href":"https:\/\/entrenotasyacordes.com\/index.php?rest_route=%2Fwp%2Fv2%2Fcategories&post=10359"},{"taxonomy":"post_tag","embeddable":true,"href":"https:\/\/entrenotasyacordes.com\/index.php?rest_route=%2Fwp%2Fv2%2Ftags&post=10359"}],"curies":[{"name":"wp","href":"https:\/\/api.w.org\/{rel}","templated":true}]}}