{"id":10423,"date":"2024-08-13T16:30:14","date_gmt":"2024-08-13T16:30:14","guid":{"rendered":"https:\/\/entrenotasyacordes.com\/?p=10423"},"modified":"2024-08-13T16:30:15","modified_gmt":"2024-08-13T16:30:15","slug":"dante-spinetta-en-el-vorterix-%f0%9f%94%a5","status":"publish","type":"post","link":"https:\/\/entrenotasyacordes.com\/?p=10423","title":{"rendered":"Dante Spinetta en el Vorterix \ud83d\udd25"},"content":{"rendered":"\n<!--more-->\n\n\n\n<p>Dante Spinetta despidi\u00f3 su \u201cMesa Dulce\u201d de Capital Federal con un show \u00edntimo en el Teatro Vorterix con la participaci\u00f3n especial de su sobrino e hija como invitados.<\/p>\n\n\n\n<p>Juan Salinas, sobrino de Dante, fue el encargado de la apertura del show, adem\u00e1s tuvo la posibilidad de cantar con su t\u00edo \u201ctango\u201d evidenciando su talento.<\/p>\n\n\n\n<p>Por su parte, Dante comenz\u00f3 su show con \u201cRebeli\u00f3n\u201d, \u201cEl Lado Oscuro Del Coraz\u00f3n\u201d y \u201cLa Movie\u201d. El show se intensific\u00f3 con \u201cSupremac\u00eda\u201d y \u201cSudaka\u201d, antes de un vibrante medley de IKV que llev\u00f3 a todos a un cl\u00edmax energ\u00e9tico.<\/p>\n\n\n\n<p>El momento m\u00e1s emotivo lo protagoniz\u00f3 junto a su hija, Vida, con quien enton\u00f3 \u201cOlv\u00eddalo\u201d y \u201cEl \u00e1rbol bajo el agua\u201d en una noche de celebraci\u00f3n familiar y musical.<\/p>\n\n\n\n<p>C\u00f3mo cierre, el p\u00fablico disfrut\u00f3 de \u201cMostro\u201d y \u201cFunk Warrior\u201d, coronando una noche explosiva.<\/p>\n\n\n\n<p>\u270d\ufe0f\u00a0<a href=\"https:\/\/www.instagram.com\/melodyluceropr1\/\">@melodyluceropr1<\/a><br>\ud83d\udcf8\u00a0<a href=\"https:\/\/www.instagram.com\/adlerguido\/\">@adlerguido<\/a><\/p>\n\n\n\n<figure class=\"wp-block-gallery has-nested-images columns-default is-cropped wp-block-gallery-1 is-layout-flex wp-block-gallery-is-layout-flex\">\n<figure class=\"wp-block-image size-large\"><img loading=\"lazy\" decoding=\"async\" width=\"819\" height=\"1024\" data-id=\"10453\" src=\"https:\/\/entrenotasyacordes.com\/wp-content\/uploads\/2024\/08\/Dante-Vorterix-02-819x1024.jpeg\" alt=\"\" class=\"wp-image-10453\" srcset=\"https:\/\/entrenotasyacordes.com\/wp-content\/uploads\/2024\/08\/Dante-Vorterix-02-819x1024.jpeg 819w, https:\/\/entrenotasyacordes.com\/wp-content\/uploads\/2024\/08\/Dante-Vorterix-02-240x300.jpeg 240w, https:\/\/entrenotasyacordes.com\/wp-content\/uploads\/2024\/08\/Dante-Vorterix-02-768x960.jpeg 768w, https:\/\/entrenotasyacordes.com\/wp-content\/uploads\/2024\/08\/Dante-Vorterix-02-1024x1280.jpeg 1024w, https:\/\/entrenotasyacordes.com\/wp-content\/uploads\/2024\/08\/Dante-Vorterix-02.jpeg 1080w\" sizes=\"auto, (max-width: 819px) 100vw, 819px\" \/><\/figure>\n\n\n\n<figure class=\"wp-block-image size-large\"><img loading=\"lazy\" decoding=\"async\" width=\"819\" height=\"1024\" data-id=\"10454\" src=\"https:\/\/entrenotasyacordes.com\/wp-content\/uploads\/2024\/08\/Dante-Vorterix-03-819x1024.jpeg\" alt=\"\" class=\"wp-image-10454\" srcset=\"https:\/\/entrenotasyacordes.com\/wp-content\/uploads\/2024\/08\/Dante-Vorterix-03-819x1024.jpeg 819w, https:\/\/entrenotasyacordes.com\/wp-content\/uploads\/2024\/08\/Dante-Vorterix-03-240x300.jpeg 240w, https:\/\/entrenotasyacordes.com\/wp-content\/uploads\/2024\/08\/Dante-Vorterix-03-768x960.jpeg 768w, https:\/\/entrenotasyacordes.com\/wp-content\/uploads\/2024\/08\/Dante-Vorterix-03-1024x1280.jpeg 1024w, https:\/\/entrenotasyacordes.com\/wp-content\/uploads\/2024\/08\/Dante-Vorterix-03.jpeg 1080w\" sizes=\"auto, (max-width: 819px) 100vw, 819px\" \/><\/figure>\n\n\n\n<figure class=\"wp-block-image size-large\"><img loading=\"lazy\" decoding=\"async\" width=\"819\" height=\"1024\" data-id=\"10455\" src=\"https:\/\/entrenotasyacordes.com\/wp-content\/uploads\/2024\/08\/Dante-Vorterix-01-819x1024.jpeg\" alt=\"\" class=\"wp-image-10455\" srcset=\"https:\/\/entrenotasyacordes.com\/wp-content\/uploads\/2024\/08\/Dante-Vorterix-01-819x1024.jpeg 819w, https:\/\/entrenotasyacordes.com\/wp-content\/uploads\/2024\/08\/Dante-Vorterix-01-240x300.jpeg 240w, https:\/\/entrenotasyacordes.com\/wp-content\/uploads\/2024\/08\/Dante-Vorterix-01-768x960.jpeg 768w, https:\/\/entrenotasyacordes.com\/wp-content\/uploads\/2024\/08\/Dante-Vorterix-01-1024x1280.jpeg 1024w, https:\/\/entrenotasyacordes.com\/wp-content\/uploads\/2024\/08\/Dante-Vorterix-01.jpeg 1080w\" sizes=\"auto, (max-width: 819px) 100vw, 819px\" \/><\/figure>\n<\/figure>\n","protected":false},"excerpt":{"rendered":"","protected":false},"author":5,"featured_media":10456,"comment_status":"open","ping_status":"open","sticky":false,"template":"","format":"standard","meta":{"om_disable_all_campaigns":false,"_uf_show_specific_survey":0,"_uf_disable_surveys":false,"footnotes":""},"categories":[7],"tags":[],"class_list":["post-10423","post","type-post","status-publish","format-standard","has-post-thumbnail","hentry","category-coberturas"],"_links":{"self":[{"href":"https:\/\/entrenotasyacordes.com\/index.php?rest_route=\/wp\/v2\/posts\/10423","targetHints":{"allow":["GET"]}}],"collection":[{"href":"https:\/\/entrenotasyacordes.com\/index.php?rest_route=\/wp\/v2\/posts"}],"about":[{"href":"https:\/\/entrenotasyacordes.com\/index.php?rest_route=\/wp\/v2\/types\/post"}],"author":[{"embeddable":true,"href":"https:\/\/entrenotasyacordes.com\/index.php?rest_route=\/wp\/v2\/users\/5"}],"replies":[{"embeddable":true,"href":"https:\/\/entrenotasyacordes.com\/index.php?rest_route=%2Fwp%2Fv2%2Fcomments&post=10423"}],"version-history":[{"count":1,"href":"https:\/\/entrenotasyacordes.com\/index.php?rest_route=\/wp\/v2\/posts\/10423\/revisions"}],"predecessor-version":[{"id":10457,"href":"https:\/\/entrenotasyacordes.com\/index.php?rest_route=\/wp\/v2\/posts\/10423\/revisions\/10457"}],"wp:featuredmedia":[{"embeddable":true,"href":"https:\/\/entrenotasyacordes.com\/index.php?rest_route=\/wp\/v2\/media\/10456"}],"wp:attachment":[{"href":"https:\/\/entrenotasyacordes.com\/index.php?rest_route=%2Fwp%2Fv2%2Fmedia&parent=10423"}],"wp:term":[{"taxonomy":"category","embeddable":true,"href":"https:\/\/entrenotasyacordes.com\/index.php?rest_route=%2Fwp%2Fv2%2Fcategories&post=10423"},{"taxonomy":"post_tag","embeddable":true,"href":"https:\/\/entrenotasyacordes.com\/index.php?rest_route=%2Fwp%2Fv2%2Ftags&post=10423"}],"curies":[{"name":"wp","href":"https:\/\/api.w.org\/{rel}","templated":true}]}}