{"id":10474,"date":"2024-08-13T16:49:14","date_gmt":"2024-08-13T16:49:14","guid":{"rendered":"https:\/\/entrenotasyacordes.com\/?p=10474"},"modified":"2024-08-13T16:49:17","modified_gmt":"2024-08-13T16:49:17","slug":"ca7riel-paco-amoroso-llegan-a-quilmes-y-haedo-con-su-nuevo-tour-para-presentar-bano-maria","status":"publish","type":"post","link":"https:\/\/entrenotasyacordes.com\/?p=10474","title":{"rendered":"CA7RIEL &amp; PACO AMOROSO LLEGAN A QUILMES Y HAEDO CON SU NUEVO TOUR PARA PRESENTAR BA\u00d1O MAR\u00cdA."},"content":{"rendered":"\n<!--more-->\n\n\n<div class=\"wp-block-image\">\n<figure class=\"aligncenter size-full is-resized\"><img loading=\"lazy\" decoding=\"async\" width=\"1080\" height=\"1080\" src=\"https:\/\/entrenotasyacordes.com\/wp-content\/uploads\/2024\/08\/2r.jpg\" alt=\"\" class=\"wp-image-10475\" style=\"width:607px;height:auto\" srcset=\"https:\/\/entrenotasyacordes.com\/wp-content\/uploads\/2024\/08\/2r.jpg 1080w, https:\/\/entrenotasyacordes.com\/wp-content\/uploads\/2024\/08\/2r-300x300.jpg 300w, https:\/\/entrenotasyacordes.com\/wp-content\/uploads\/2024\/08\/2r-1024x1024.jpg 1024w, https:\/\/entrenotasyacordes.com\/wp-content\/uploads\/2024\/08\/2r-150x150.jpg 150w, https:\/\/entrenotasyacordes.com\/wp-content\/uploads\/2024\/08\/2r-768x768.jpg 768w, https:\/\/entrenotasyacordes.com\/wp-content\/uploads\/2024\/08\/2r-50x50.jpg 50w\" sizes=\"auto, (max-width: 1080px) 100vw, 1080px\" \/><\/figure>\n<\/div>\n\n\n<p>Luego de confirmar su show en el Movistar Arena, CA7RIEL &amp; Paco Amoroso anunciaron la gira presentaci\u00f3n de su primer disco juntos \u00a8Ba\u00f1o Mar\u00eda\u00a8 en un tour que se extender\u00e1 con m\u00e1s de 30 shows en 14 pa\u00edses de Am\u00e9rica Latina y Europa.<br>El 22 de agosto en C\u00f3rdoba (Argentina) ser\u00e1 el primer paso de la seguidilla de shows que el d\u00fao dar\u00e1 en el tramo final de a\u00f1o, en diciembre en Granada (Espa\u00f1a) como \u00faltima parada hasta el momento. En medio CA7RIEL &amp; Paco Amoroso tendr\u00e1n presentaciones en m\u00e1s de 10 ciudades argentinas y pa\u00edses como M\u00e9xico, Colombia, Francia, Alemania, el Reino Unido y m\u00e1s.<\/p>\n\n\n\n<p>En el marco de esta imponente gira&nbsp;CA7RIEL &amp; Paco Amoroso&nbsp;llegan con su show a&nbsp;Quilmes y Haedo.<\/p>\n\n\n\n<p><strong>Viernes 18 de octubre &#8211; Auditorio Oeste &#8211; Haedo &#8211;\u00a0<a href=\"https:\/\/livepass.com.ar\/events\/ca7riel-paco-amoroso-en-auditorio-oeste?utm_source=perfit&amp;utm_medium=email\" target=\"_blank\" rel=\"noreferrer noopener\">Tickets<\/a><\/strong><br><strong>S\u00e1bado 19 de octubre &#8211; \u00c1rea Costanera &#8211; Quilmes &#8211;\u00a0<a href=\"https:\/\/livepass.com.ar\/events\/ca7riel-paco-amoroso-en-area-costanera?utm_source=perfit&amp;utm_medium=email\" target=\"_blank\" rel=\"noreferrer noopener\">Tickets<\/a><\/strong><br><strong>Con tarjeta\u00a0Visa y MasterCard\u00a0del\u00a0Banco Provincia\u00a0tenes\u00a06 cuotas sin inter\u00e9s<\/strong><\/p>\n\n\n<div class=\"wp-block-image\">\n<figure class=\"aligncenter size-full is-resized\"><img loading=\"lazy\" decoding=\"async\" width=\"2048\" height=\"1152\" src=\"https:\/\/entrenotasyacordes.com\/wp-content\/uploads\/2024\/08\/2s.jpg\" alt=\"\" class=\"wp-image-10476\" style=\"width:607px;height:auto\" srcset=\"https:\/\/entrenotasyacordes.com\/wp-content\/uploads\/2024\/08\/2s.jpg 2048w, https:\/\/entrenotasyacordes.com\/wp-content\/uploads\/2024\/08\/2s-300x169.jpg 300w, https:\/\/entrenotasyacordes.com\/wp-content\/uploads\/2024\/08\/2s-1024x576.jpg 1024w, https:\/\/entrenotasyacordes.com\/wp-content\/uploads\/2024\/08\/2s-768x432.jpg 768w, https:\/\/entrenotasyacordes.com\/wp-content\/uploads\/2024\/08\/2s-1536x864.jpg 1536w\" sizes=\"auto, (max-width: 2048px) 100vw, 2048px\" \/><\/figure>\n<\/div>\n\n\n<p>El anuncio del Movistar Arena en la Ciudad de Buenos Aires y la gira internacional no pod\u00eda ser suficiente. BA\u00d1O MAR\u00cdA se consolid\u00f3 como uno de los lanzamientos del a\u00f1o y por eso se merec\u00eda una gira a la altura. As\u00ed es que CA7RIEL &amp; Paco Amoroso decidieron embarcarse en un tour internacional. El d\u00fao llevar\u00e1 a cada escenario su propuesta visual que se convirti\u00f3 en complemento clave a la hora de plasmar el concepto del disco. Desde la presentaci\u00f3n en Lollapalooza Argentina en donde convirtieron su show en una listening party con ellos dos en un jacuzzi, a la publicaci\u00f3n del shortfilm y cada videoclip o story de Instagram. Todo es parte del concepto y solo falta el vivo, el lugar en el que hacen de su despliegue esc\u00e9nico otra de sus marcas registradas.<\/p>\n\n\n\n<p>Para ver todas las fechas del tour ingresa a &nbsp;<a href=\"http:\/\/www.ca7rielypacoamoroso.com\/?utm_source=perfit&amp;utm_medium=email\" target=\"_blank\" rel=\"noreferrer noopener\">www.ca7rielypacoamoroso.com<\/a><\/p>\n\n\n\n<p><strong>Sobre BA\u00d1O MAR\u00cdA:<\/strong><\/p>\n\n\n\n<p>BA\u00d1O MAR\u00cdA es el primer disco en conjunto de CA7RIEL &amp; Paco Amoroso. Celebrado por los fans y la prensa como uno de los lanzamientos m\u00e1s esperados del a\u00f1o, el \u00e1lbum est\u00e1 conformado por 12 canciones que se mueven dentro de la m\u00fasica electr\u00f3nica pero con sonidos que van desde el dembow de \u201cDUMBAI\u201d al pop raver de \u201cSUPERS\u00d3NICO\u201d ft. LALI, o el r&amp;b con base Drum &amp; Bass de \u201cBABY GANGSTA\u201d, o el EDM industrial de \u201cLA QUE PUEDE, PUEDE\u201d.<\/p>\n\n\n\n<p>Adem\u00e1s, BA\u00d1O MAR\u00cdA cuenta con un short film de 10 minutos que se puede ver en YouTube y que fue presentado el martes 9 de abril en el C Complejo Art Media de Chacarita, en exclusiva para sus fans. El cortometraje, con direcci\u00f3n creativa de Terrivle y direcci\u00f3n de Brian Kazez (Pantera) muestra a CA7RIEL &amp; Paco Amoroso en un d\u00eda completo de gira y baj\u00f3n por Buenos Aires.<\/p>\n\n\n\n<p><strong>Sobre CA7RIEL &amp; Paco Amoroso<\/strong><\/p>\n\n\n\n<p>Conformados como un d\u00fao capaz de literalmente cualquier cosa, CA7RIEL &amp; Paco Amoroso delinearon su marca de estilo a partir de una combinaci\u00f3n que tiene al trap, el rock y la m\u00fasica electr\u00f3nica como principales ingredientes pero que puede sumar sonidos de cualquier lado para dar con una est\u00e9tica maximalista, que desde lo visual se complementa con vestuario, videos, im\u00e1genes y una performance tan intensa como sus canciones. Una suerte de h\u00edper todo en el que conviven pasajes de rock progresivo con im\u00e1genes kitsch de la cultura popular. Tanto CA7RIEL como Paco Amoroso son capaces de hacer convivir referencias, citas y una diversidad de sonidos en pocos minutos, con la fluidez de quienes se saben m\u00e1s all\u00e1 de todo.<\/p>\n\n\n\n<p>En 2019, el d\u00fao irrumpi\u00f3 en la escena sin pedir permiso, y los lanzamientos de \u201cJala Jala\u201d, \u201cOUKE\u201d y \u201cOLA MINA XD\u201d se convirtieron en \u00e9xitos instant\u00e1neos al borde de lo bizarro, pero tambi\u00e9n de lo experimental. Extendiendo el sonido de \u00e9poca hasta los l\u00edmites de lo imposible, cada tema se impon\u00eda como una novedad en la escena musical argentina. Jugar en el mainstream con una est\u00e9tica outsider no es algo que le funcione a cualquiera, y ellos lo lograron.<br>\u00a0<br>La pandemia y los proyectos solistas pusieron pausa al trabajo en conjunto de ambos, que retomaron en 2022 con m\u00e1s shows y m\u00e1s singles (PAGA DIOS y EN EL AFTER). Este a\u00f1o, entonces, los tiene en actividad y con novedades. El lanzamiento de BA\u00d1O MAR\u00cdA, sus singles y su presentaci\u00f3n en vivo marcar\u00e1n la agenda del d\u00fao este a\u00f1o.<\/p>\n","protected":false},"excerpt":{"rendered":"","protected":false},"author":5,"featured_media":10475,"comment_status":"open","ping_status":"open","sticky":false,"template":"","format":"standard","meta":{"om_disable_all_campaigns":false,"_uf_show_specific_survey":0,"_uf_disable_surveys":false,"footnotes":""},"categories":[36],"tags":[],"class_list":["post-10474","post","type-post","status-publish","format-standard","has-post-thumbnail","hentry","category-conciertos"],"_links":{"self":[{"href":"https:\/\/entrenotasyacordes.com\/index.php?rest_route=\/wp\/v2\/posts\/10474","targetHints":{"allow":["GET"]}}],"collection":[{"href":"https:\/\/entrenotasyacordes.com\/index.php?rest_route=\/wp\/v2\/posts"}],"about":[{"href":"https:\/\/entrenotasyacordes.com\/index.php?rest_route=\/wp\/v2\/types\/post"}],"author":[{"embeddable":true,"href":"https:\/\/entrenotasyacordes.com\/index.php?rest_route=\/wp\/v2\/users\/5"}],"replies":[{"embeddable":true,"href":"https:\/\/entrenotasyacordes.com\/index.php?rest_route=%2Fwp%2Fv2%2Fcomments&post=10474"}],"version-history":[{"count":1,"href":"https:\/\/entrenotasyacordes.com\/index.php?rest_route=\/wp\/v2\/posts\/10474\/revisions"}],"predecessor-version":[{"id":10477,"href":"https:\/\/entrenotasyacordes.com\/index.php?rest_route=\/wp\/v2\/posts\/10474\/revisions\/10477"}],"wp:featuredmedia":[{"embeddable":true,"href":"https:\/\/entrenotasyacordes.com\/index.php?rest_route=\/wp\/v2\/media\/10475"}],"wp:attachment":[{"href":"https:\/\/entrenotasyacordes.com\/index.php?rest_route=%2Fwp%2Fv2%2Fmedia&parent=10474"}],"wp:term":[{"taxonomy":"category","embeddable":true,"href":"https:\/\/entrenotasyacordes.com\/index.php?rest_route=%2Fwp%2Fv2%2Fcategories&post=10474"},{"taxonomy":"post_tag","embeddable":true,"href":"https:\/\/entrenotasyacordes.com\/index.php?rest_route=%2Fwp%2Fv2%2Ftags&post=10474"}],"curies":[{"name":"wp","href":"https:\/\/api.w.org\/{rel}","templated":true}]}}