{"id":10478,"date":"2024-08-13T16:54:48","date_gmt":"2024-08-13T16:54:48","guid":{"rendered":"https:\/\/entrenotasyacordes.com\/?p=10478"},"modified":"2024-08-13T16:54:49","modified_gmt":"2024-08-13T16:54:49","slug":"attitude-el-show-tributo-mas-grande-de-latinoamerica-sabado-24-de-agosto-teatro-flores","status":"publish","type":"post","link":"https:\/\/entrenotasyacordes.com\/?p=10478","title":{"rendered":"ATTITUDE: El show tributo m\u00e1s grande de Latinoam\u00e9rica &#8211; S\u00e1bado 24 de agosto | Teatro Flores"},"content":{"rendered":"\n<!--more-->\n\n\n<div class=\"wp-block-image\">\n<figure class=\"aligncenter size-full is-resized\"><img loading=\"lazy\" decoding=\"async\" width=\"1772\" height=\"2215\" src=\"https:\/\/entrenotasyacordes.com\/wp-content\/uploads\/2024\/08\/2t.jpg\" alt=\"\" class=\"wp-image-10480\" style=\"width:607px;height:auto\" srcset=\"https:\/\/entrenotasyacordes.com\/wp-content\/uploads\/2024\/08\/2t.jpg 1772w, https:\/\/entrenotasyacordes.com\/wp-content\/uploads\/2024\/08\/2t-240x300.jpg 240w, https:\/\/entrenotasyacordes.com\/wp-content\/uploads\/2024\/08\/2t-819x1024.jpg 819w, https:\/\/entrenotasyacordes.com\/wp-content\/uploads\/2024\/08\/2t-768x960.jpg 768w, https:\/\/entrenotasyacordes.com\/wp-content\/uploads\/2024\/08\/2t-1229x1536.jpg 1229w, https:\/\/entrenotasyacordes.com\/wp-content\/uploads\/2024\/08\/2t-1638x2048.jpg 1638w, https:\/\/entrenotasyacordes.com\/wp-content\/uploads\/2024\/08\/2t-1024x1280.jpg 1024w\" sizes=\"auto, (max-width: 1772px) 100vw, 1772px\" \/><\/figure>\n<\/div>\n\n\n<p class=\"has-text-align-center\"><strong>S\u00c1BADO 24 DE AGOSTO \u2013 19:00HS<\/strong><br><strong>TEATRO FLORES \u2013 AV. RIVADAVIA 7806<\/strong><br><strong>ENTRADAS A LA VENTA EN\u00a0<a href=\"http:\/\/www.passline.com\/\" target=\"_blank\" rel=\"noreferrer noopener\"><u>WWW.PASSLINE.COM<\/u><\/a><\/strong><\/p>\n\n\n\n<p><strong>Attitude<\/strong>, considerado el show tributo m\u00e1s grande de Latinoam\u00e9rica a Guns N&#8217; Roses, ofrece un espect\u00e1culo centrado en la \u00e9poca 88-93 de la m\u00edtica banda Hollywoodense.&nbsp;<\/p>\n\n\n\n<p>Recorriendo sus a\u00f1os dorados, Attitude propone un viaje en el tiempo para revivir junto a grandes y chicos los cl\u00e1sicos que marcaron a varias generaciones el s\u00e1bado 24 de agosto en el Teatro Flores (Av. Rivadavia 7806).<\/p>\n\n\n\n<p>Considerado uno de los tributos m\u00e1s fidedignos a Guns N&#8217; Roses, Attitude presenta un espect\u00e1culo abrasador, en donde no s\u00f3lo la m\u00fasica lleva un papel preponderante, logrando una reproducci\u00f3n Sonora id\u00e9ntica, &nbsp;sino que tambi\u00e9n la puesta en escena representa fielmente la Est\u00e9tica de la imagen del Grupo con los diferentes Vestuarios, Iluminaci\u00f3n, y la recreaci\u00f3n de Videos Clip en vivo.<\/p>\n\n\n<div class=\"wp-block-image\">\n<figure class=\"aligncenter size-full is-resized\"><img loading=\"lazy\" decoding=\"async\" width=\"390\" height=\"612\" src=\"https:\/\/entrenotasyacordes.com\/wp-content\/uploads\/2024\/08\/2u.jpg\" alt=\"\" class=\"wp-image-10479\" style=\"width:607px;height:auto\" srcset=\"https:\/\/entrenotasyacordes.com\/wp-content\/uploads\/2024\/08\/2u.jpg 390w, https:\/\/entrenotasyacordes.com\/wp-content\/uploads\/2024\/08\/2u-191x300.jpg 191w\" sizes=\"auto, (max-width: 390px) 100vw, 390px\" \/><\/figure>\n<\/div>\n\n\n<p>Todo esto, hace de los shows de Attitude una placentera experiencia y un viaje a los a\u00f1os 90 para todos los amantes de la legendaria banda de hard rock.<\/p>\n\n\n\n<p>Con m\u00e1s de 14 a\u00f1os de trayectoria, Attitude ha tenido el honor de presentar su show, en salas y teatros del pa\u00eds, Fiestas Nacionales y Provinciales, como as\u00ed tambi\u00e9n en pa\u00edses Lim\u00edtrofes como Brasil, Paraguay y Uruguay entre otros.<\/p>\n\n\n<div class=\"wp-block-image\">\n<figure class=\"aligncenter size-full is-resized\"><img loading=\"lazy\" decoding=\"async\" width=\"1169\" height=\"1561\" src=\"https:\/\/entrenotasyacordes.com\/wp-content\/uploads\/2024\/08\/2v.png\" alt=\"\" class=\"wp-image-10481\" style=\"width:607px;height:auto\" srcset=\"https:\/\/entrenotasyacordes.com\/wp-content\/uploads\/2024\/08\/2v.png 1169w, https:\/\/entrenotasyacordes.com\/wp-content\/uploads\/2024\/08\/2v-225x300.png 225w, https:\/\/entrenotasyacordes.com\/wp-content\/uploads\/2024\/08\/2v-767x1024.png 767w, https:\/\/entrenotasyacordes.com\/wp-content\/uploads\/2024\/08\/2v-768x1026.png 768w, https:\/\/entrenotasyacordes.com\/wp-content\/uploads\/2024\/08\/2v-1150x1536.png 1150w, https:\/\/entrenotasyacordes.com\/wp-content\/uploads\/2024\/08\/2v-1024x1367.png 1024w\" sizes=\"auto, (max-width: 1169px) 100vw, 1169px\" \/><\/figure>\n<\/div>\n\n\n<p><strong><u>Attitude:<\/u><\/strong><\/p>\n\n\n\n<p>Tano (Voz), Lucho (Bater\u00eda y coros), Pisko (Bajo y Coros), Gast\u00f3n (Guitarra y coros), Facu (Guitarra y coros) Ayel\u00e9n (Bailarina\/Actuaci\u00f3n) Emilio (Stage\/Actuaci\u00f3n).<\/p>\n","protected":false},"excerpt":{"rendered":"","protected":false},"author":5,"featured_media":10480,"comment_status":"open","ping_status":"open","sticky":false,"template":"","format":"standard","meta":{"om_disable_all_campaigns":false,"_uf_show_specific_survey":0,"_uf_disable_surveys":false,"footnotes":""},"categories":[36],"tags":[],"class_list":["post-10478","post","type-post","status-publish","format-standard","has-post-thumbnail","hentry","category-conciertos"],"_links":{"self":[{"href":"https:\/\/entrenotasyacordes.com\/index.php?rest_route=\/wp\/v2\/posts\/10478","targetHints":{"allow":["GET"]}}],"collection":[{"href":"https:\/\/entrenotasyacordes.com\/index.php?rest_route=\/wp\/v2\/posts"}],"about":[{"href":"https:\/\/entrenotasyacordes.com\/index.php?rest_route=\/wp\/v2\/types\/post"}],"author":[{"embeddable":true,"href":"https:\/\/entrenotasyacordes.com\/index.php?rest_route=\/wp\/v2\/users\/5"}],"replies":[{"embeddable":true,"href":"https:\/\/entrenotasyacordes.com\/index.php?rest_route=%2Fwp%2Fv2%2Fcomments&post=10478"}],"version-history":[{"count":1,"href":"https:\/\/entrenotasyacordes.com\/index.php?rest_route=\/wp\/v2\/posts\/10478\/revisions"}],"predecessor-version":[{"id":10482,"href":"https:\/\/entrenotasyacordes.com\/index.php?rest_route=\/wp\/v2\/posts\/10478\/revisions\/10482"}],"wp:featuredmedia":[{"embeddable":true,"href":"https:\/\/entrenotasyacordes.com\/index.php?rest_route=\/wp\/v2\/media\/10480"}],"wp:attachment":[{"href":"https:\/\/entrenotasyacordes.com\/index.php?rest_route=%2Fwp%2Fv2%2Fmedia&parent=10478"}],"wp:term":[{"taxonomy":"category","embeddable":true,"href":"https:\/\/entrenotasyacordes.com\/index.php?rest_route=%2Fwp%2Fv2%2Fcategories&post=10478"},{"taxonomy":"post_tag","embeddable":true,"href":"https:\/\/entrenotasyacordes.com\/index.php?rest_route=%2Fwp%2Fv2%2Ftags&post=10478"}],"curies":[{"name":"wp","href":"https:\/\/api.w.org\/{rel}","templated":true}]}}