{"id":10483,"date":"2024-08-13T17:24:51","date_gmt":"2024-08-13T17:24:51","guid":{"rendered":"https:\/\/entrenotasyacordes.com\/?p=10483"},"modified":"2024-08-13T17:24:52","modified_gmt":"2024-08-13T17:24:52","slug":"los-caligaris-hicieron-record-en-mexico-13-auditorios-nacionales-agotados-en-ciudad-de-mexico-fechas-de-su-tour","status":"publish","type":"post","link":"https:\/\/entrenotasyacordes.com\/?p=10483","title":{"rendered":"Los Caligaris hicieron r\u00e9cord en M\u00e9xico: 13 Auditorios Nacionales agotados en Ciudad de M\u00e9xico! + fechas de su tour!"},"content":{"rendered":"\n<!--more-->\n\n\n<div class=\"wp-block-image\">\n<figure class=\"aligncenter size-full is-resized\"><img loading=\"lazy\" decoding=\"async\" width=\"660\" height=\"660\" src=\"https:\/\/entrenotasyacordes.com\/wp-content\/uploads\/2024\/08\/2w.jpg\" alt=\"\" class=\"wp-image-10484\" style=\"width:607px;height:auto\" srcset=\"https:\/\/entrenotasyacordes.com\/wp-content\/uploads\/2024\/08\/2w.jpg 660w, https:\/\/entrenotasyacordes.com\/wp-content\/uploads\/2024\/08\/2w-300x300.jpg 300w, https:\/\/entrenotasyacordes.com\/wp-content\/uploads\/2024\/08\/2w-150x150.jpg 150w, https:\/\/entrenotasyacordes.com\/wp-content\/uploads\/2024\/08\/2w-50x50.jpg 50w\" sizes=\"auto, (max-width: 660px) 100vw, 660px\" \/><\/figure>\n<\/div>\n\n\n<p>Los Caligaris alcanzaron un nuevo r\u00e9cord en M\u00e9xico: Luego de sus recientes 4 presentaciones en CDMX lograron un total de 13 Auditorios Nacionales con entradas agotadas, reafirmando su gran presente en todo Latinoam\u00e9rica.<\/p>\n\n\n\n<p>Ahora contin\u00faan\u00a0 su \u00e9xito triunfal con una agenda repleta de conciertos y sorpresas. Tras sus logrados shows en el Movistar Arena de Colombia, en el Luna Park y CDMX, siguen por Monterrey y Guadalajara llevando su nuevo y renovado espect\u00e1culo \u201cPremios Caligaris, Barrio de Gala\u201d donde la puesta en escena es deslumbrante.En las m\u00e1s de 15 giras que hicieron por M\u00e9xico, siempre obtuvieron un rotundo \u00e9xito, consolid\u00e1ndose as\u00ed como una de las bandas argentinas m\u00e1s populares y queridas por el p\u00fablico mexicano, marcando una gran trayectoria en su carrera.<\/p>\n\n\n\n<p>Cabe destacar que los Premios Caligaris llegar\u00e1n el 8 de septiembre a San Francisco, C\u00f3rdoba; el 21 a Casilda, Santa Fe; el 27 a Sala de Las Artes, Rosario; el 28 al festival \u201cVivimos M\u00fasica\u201d en Buenos Aires; el 5 de octubre al Quality Arena, C\u00f3rdoba; el 26 al Arena Maip\u00fa, Mendoza; y el 27 al Predio West, R\u00edo Cuarto.<\/p>\n\n\n\n<p class=\"has-text-align-center\"><strong>Pr\u00f3ximas Fechas:<\/strong><br>16\/8, Arena Monterrey, M\u00e9xico.<br>17\/8 Auditorio Telmex, Guadalajara, M\u00e9xico.<br><strong>8\/9 San Francisco, C\u00f3rdoba, Argentina.<br>21\/9, Casilda, Santa Fe, Argentina.<br>27\/9, Sala de las Artes, Rosario, Argentina.<br>28\/9, Festival \u201cVivimos M\u00fasica\u201d, Buenos Aires, Argentina.<br>5\/10, Quality Arena, C\u00f3rdoba, Argentina.<\/strong><br>19\/10, Centro de Eventos Centauro Medell\u00edn, Colombia.<br>25\/10, Teatro Coliseo, Chile.<br><strong>26\/10, Arena Maip\u00fa, Mendoza, Argentina.<br>27\/10 Predio West, R\u00edo Cuarto, Argentina.<\/strong><\/p>\n","protected":false},"excerpt":{"rendered":"","protected":false},"author":5,"featured_media":10484,"comment_status":"open","ping_status":"open","sticky":false,"template":"","format":"standard","meta":{"om_disable_all_campaigns":false,"_uf_show_specific_survey":0,"_uf_disable_surveys":false,"footnotes":""},"categories":[34],"tags":[],"class_list":["post-10483","post","type-post","status-publish","format-standard","has-post-thumbnail","hentry","category-ultimas-noticias"],"_links":{"self":[{"href":"https:\/\/entrenotasyacordes.com\/index.php?rest_route=\/wp\/v2\/posts\/10483","targetHints":{"allow":["GET"]}}],"collection":[{"href":"https:\/\/entrenotasyacordes.com\/index.php?rest_route=\/wp\/v2\/posts"}],"about":[{"href":"https:\/\/entrenotasyacordes.com\/index.php?rest_route=\/wp\/v2\/types\/post"}],"author":[{"embeddable":true,"href":"https:\/\/entrenotasyacordes.com\/index.php?rest_route=\/wp\/v2\/users\/5"}],"replies":[{"embeddable":true,"href":"https:\/\/entrenotasyacordes.com\/index.php?rest_route=%2Fwp%2Fv2%2Fcomments&post=10483"}],"version-history":[{"count":1,"href":"https:\/\/entrenotasyacordes.com\/index.php?rest_route=\/wp\/v2\/posts\/10483\/revisions"}],"predecessor-version":[{"id":10485,"href":"https:\/\/entrenotasyacordes.com\/index.php?rest_route=\/wp\/v2\/posts\/10483\/revisions\/10485"}],"wp:featuredmedia":[{"embeddable":true,"href":"https:\/\/entrenotasyacordes.com\/index.php?rest_route=\/wp\/v2\/media\/10484"}],"wp:attachment":[{"href":"https:\/\/entrenotasyacordes.com\/index.php?rest_route=%2Fwp%2Fv2%2Fmedia&parent=10483"}],"wp:term":[{"taxonomy":"category","embeddable":true,"href":"https:\/\/entrenotasyacordes.com\/index.php?rest_route=%2Fwp%2Fv2%2Fcategories&post=10483"},{"taxonomy":"post_tag","embeddable":true,"href":"https:\/\/entrenotasyacordes.com\/index.php?rest_route=%2Fwp%2Fv2%2Ftags&post=10483"}],"curies":[{"name":"wp","href":"https:\/\/api.w.org\/{rel}","templated":true}]}}