{"id":10500,"date":"2024-08-13T17:58:25","date_gmt":"2024-08-13T17:58:25","guid":{"rendered":"https:\/\/entrenotasyacordes.com\/?p=10500"},"modified":"2024-08-13T17:58:26","modified_gmt":"2024-08-13T17:58:26","slug":"relatos-salvajes-la-pelicula-argentina-mas-vista-de-la-historia-regresa-a-los-cines-en-su-decimo-aniversario","status":"publish","type":"post","link":"https:\/\/entrenotasyacordes.com\/?p=10500","title":{"rendered":"Relatos Salvajes, la pel\u00edcula argentina m\u00e1s vista de la historia, regresa a los cines en su d\u00e9cimo aniversario"},"content":{"rendered":"\n<!--more-->\n\n\n\n<figure class=\"wp-block-embed is-type-video is-provider-youtube wp-block-embed-youtube wp-embed-aspect-16-9 wp-has-aspect-ratio\"><div class=\"wp-block-embed__wrapper\">\n<div class=\"epyt-video-wrapper\"><iframe loading=\"lazy\"  id=\"_ytid_37027\"  width=\"640\" height=\"360\"  data-origwidth=\"640\" data-origheight=\"360\" src=\"https:\/\/www.youtube.com\/embed\/NkW3f2gZX2U?enablejsapi=1&#038;autoplay=0&#038;cc_load_policy=0&#038;cc_lang_pref=&#038;iv_load_policy=1&#038;loop=0&#038;rel=1&#038;fs=1&#038;playsinline=0&#038;autohide=2&#038;theme=dark&#038;color=white&#038;controls=1&#038;\" class=\"__youtube_prefs__  epyt-is-override  no-lazyload\" data-vol=\"50\"  title=\"YouTube player\"  allow=\"fullscreen; accelerometer; autoplay; clipboard-write; encrypted-media; gyroscope; picture-in-picture; web-share\" referrerpolicy=\"strict-origin-when-cross-origin\" allowfullscreen data-no-lazy=\"1\" data-skipgform_ajax_framebjll=\"\"><\/iframe><\/div>\n<\/div><\/figure>\n\n\n<div class=\"wp-block-image\">\n<figure class=\"aligncenter size-full\"><img loading=\"lazy\" decoding=\"async\" width=\"634\" height=\"907\" src=\"https:\/\/entrenotasyacordes.com\/wp-content\/uploads\/2024\/08\/3a.png\" alt=\"\" class=\"wp-image-10501\" srcset=\"https:\/\/entrenotasyacordes.com\/wp-content\/uploads\/2024\/08\/3a.png 634w, https:\/\/entrenotasyacordes.com\/wp-content\/uploads\/2024\/08\/3a-210x300.png 210w\" sizes=\"auto, (max-width: 634px) 100vw, 634px\" \/><\/figure>\n<\/div>\n\n\n<p class=\"has-text-align-center\"><strong>OVACIONADA EN CANNES<\/strong><br><strong>NOMINADA AL OSCAR<\/strong><br><strong>GANADORA DEL BAFTA<\/strong><br><strong>GANADORA DEL GOYA<\/strong><br><strong>8 PREMIOS PLATINO<\/strong><br><strong>10 PREMIOS SUR<\/strong><br><strong>M\u00c1S DE 40 PREMIOS INTERNACIONALES<\/strong><br><strong>LA PEL\u00cdCULA ARGENTINA M\u00c1S VISTA DE LA HISTORIA<\/strong><\/p>\n\n\n\n<p>Exactamente 10 a\u00f1os despu\u00e9s de su estreno, la pel\u00edcula escrita y dirigida por&nbsp;<strong>Dami\u00e1n Szifron<\/strong>&nbsp;vuelve a los cines de todo el pa\u00eds. Vista por m\u00e1s de 3.940.000 espectadores, nominada al premio Oscar, ganadora del Bafta y del Goya, fue adem\u00e1s aclamada por el p\u00fablico y la cr\u00edtica en los festivales de Cannes, Toronto, Telluride, Sarajevo, Lima, Biarritz, Karlovy Vary, San Sebasti\u00e1n, La Habana y Nueva Zelanda, entre otros. Estrenada en todo el mundo,<strong>&nbsp;este 22 de agosto vuelve a las pantallas de cine de Argentina.<\/strong><\/p>\n\n\n\n<p>Producida por Hugo Sigman (K&amp;S Films) y por Pedro y Agust\u00edn Almod\u00f3var (El Deseo), en co-producci\u00f3n con Telefe, en asociaci\u00f3n con Corner Producciones, y con distribuci\u00f3n de Warner Bros. Pictures, Relatos salvajes cuenta con las actuaciones de&nbsp;<strong>Ricardo Dar\u00edn, Oscar Mart\u00ednez, Leonardo Sbaraglia, \u00c9rica Rivas, Rita Cortese, Julieta Zylberberg y Dar\u00edo Grandinetti.<\/strong><\/p>\n\n\n\n<p>El reconocido m\u00fasico y ganador de dos premios Oscar Gustavo Santaolalla compuso la banda sonora, habiendo sido la primera pel\u00edcula argentina de ficci\u00f3n con la que colabor\u00f3.<\/p>\n\n\n\n<p>Ricardo Dar\u00edn compone a un ingeniero experto en demoliciones, Julieta Zylberberg y Rita Cortese son la moza y la cocinera de un parador de mala muerte, Dar\u00edo Grandinetti protagoniza un enigm\u00e1tico episodio que transcurre \u00edntegramente en el interior de un avi\u00f3n, \u00c9rica Rivas es la novia impredecible de un casamiento que avanza hacia la cat\u00e1strofe, Oscar Mart\u00ednez personifica a un magnate a cargo de una negociaci\u00f3n oscura en el marco de una tragedia familiar, y Leonardo Sbaraglia se ve s\u00fabitamente envuelto en una inusual historia de acci\u00f3n en la ruta.<\/p>\n\n\n\n<p><strong><em>Sobre Dami\u00e1n Szifron<\/em><\/strong><\/p>\n\n\n\n<p>Es autor y director de las pel\u00edculas \u201cEl fondo del mar\u201d (2003), \u201cTiempo de valientes\u201d (2005), y \u201cMis\u00e1ntropo\u201d (2023), y de las multipremiadas series de televisi\u00f3n \u201cLos Simuladores\u201d (2002) y \u201cHermanos &amp; Detectives\u201d (2006), cuyos formatos se reprodujeron en Espa\u00f1a, Italia, M\u00e9xico, Chile, Turqu\u00eda y Rusia, entre otros pa\u00edses. M\u00e1s all\u00e1 de los reconocimientos obtenidos por \u201cRelatos salvajes\u201d \u2014 el Bafta, el Goya, el del National Board of Review y la nominaci\u00f3n al Oscar entre muchos otros\u2014, obtuvo numerosos premios a lo largo de su carrera, entre ellos el Mart\u00edn Fierro de Oro. En 2011 recibi\u00f3 el premio Konex de Platino como mejor director de televisi\u00f3n de la d\u00e9cada (2001-2010), y en 2021 volvi\u00f3 a recibirlo como mejor director de cine de la d\u00e9cada (2010-2020). En 2023 fue jurado de la Competencia Oficial del Festival de Cannes, donde 10 a\u00f1os atr\u00e1s se proyect\u00f3 \u201cRelatos salvajes\u201d en p\u00fablico por primera vez.<\/p>\n\n\n\n<p><strong><em>Sobre K&amp;S Films<\/em><\/strong><\/p>\n\n\n\n<p>K&amp;S FILMS es una de las productoras l\u00edderes en Argentina y Latinoam\u00e9rica, con una trayectoria de m\u00e1s de 20 a\u00f1os&nbsp;en la industria cinematogr\u00e1fica. Su motivaci\u00f3n principal es la de generar proyectos innovadores a cargo de directores destacados que puedan resultar atractivos para la audiencia nacional e internacional. En los \u00faltimos a\u00f1os ampli\u00f3 sus operaciones, abriendo oficinas en Ciudad de M\u00e9xico y Madrid.<\/p>\n\n\n\n<p>Dentro de sus t\u00edtulos sobresalen \u201cRelatos Salvajes\u201d (Dami\u00e1n Szifron), \u201cEl Clan\u201d (Pablo Trapero), \u201cEl \u00c1ngel\u201d (Luis Ortega), \u201cAcusada\u201d (Gonzalo Tobal), \u00abLa Odisea de Los Giles\u00bb (Sebasti\u00e1n Borensztein) y \u201cA Cielo Abierto\u201d (Mariana y Santiago Arriaga).<\/p>\n\n\n\n<p>K&amp;S Films ha brindado servicios de producci\u00f3n a compa\u00f1\u00edas como Warner Bros.Pictures (Focus), New Regency (The Revenant), UGC (Lucky Luke) MK2 (On The Road, A Monkey On My Shoulder) Netflix (The Two Popes, El Reino, Divisi\u00f3n Palermo, El Eternauta) MGM (Operation Finale) Amazon (El Fin del Amor). <a href=\"http:\/\/www.ks-films.com\">www.ks-films.com<\/a><\/p>\n\n\n\n<p><strong><em>Sobre El Deseo<\/em><\/strong><\/p>\n\n\n\n<p>Fundada en 1985 por Pedro y Agust\u00edn Almod\u00f3var, la productora espa\u00f1ola que es referencia cinematogr\u00e1fica de Pedro Almod\u00f3var produce adem\u00e1s a cineastas espa\u00f1oles y latinoamericanos de la talla de Guillermo del Toro, Alex de la Iglesia y Lucrecia Martel, entre otros. Entre sus t\u00edtulos destacados se encuentran: La ley del deseo, Mujeres al borde de un ataque de nervios, \u00c1tame, La piel que habito y Los Amantes Pasajeros. <a href=\"http:\/\/www.eldeseo.es\">www.eldeseo.es<\/a><\/p>\n\n\n\n<p class=\"has-text-align-center\"><strong>Ficha T\u00e9cnica:<\/strong><br>Guionista y Director: Dami\u00e1n Szifron<br>Productores: Hugo Sigman, Mat\u00edas Mosteirn, Pedro Almod\u00f3var, Agust\u00edn Almod\u00f3var y Esther Garc\u00eda<br>Coproductor: Axel Kuschevatzky<br>Productores Asociados: Gerardo Rozin y Claudio F. Belocopitt<br>Productores ejecutivos: Pola Zito, Leticia Cristi<br>M\u00fasica original: Gustavo Santaolalla<br>Director de Fotograf\u00eda: Javier Juli\u00e1<br>Directora de Arte: Clara Notari<br>Vestuarista: Ruth Fischerman<br>Director de Sonido: Jos\u00e9 Luis D\u00edaz<br>Director de Casting: Javier Braier<br>Jefa de producci\u00f3n: Anal\u00eda Castro<br>Asistentes de Direcci\u00f3n: Natalia Urruty, Cristian Trebotic<br>Coordinador de postproducci\u00f3n: Ezequiel Rossi<\/p>\n","protected":false},"excerpt":{"rendered":"","protected":false},"author":5,"featured_media":10501,"comment_status":"open","ping_status":"open","sticky":false,"template":"","format":"standard","meta":{"om_disable_all_campaigns":false,"_uf_show_specific_survey":0,"_uf_disable_surveys":false,"footnotes":""},"categories":[9],"tags":[],"class_list":["post-10500","post","type-post","status-publish","format-standard","has-post-thumbnail","hentry","category-cine-y-teatro"],"_links":{"self":[{"href":"https:\/\/entrenotasyacordes.com\/index.php?rest_route=\/wp\/v2\/posts\/10500","targetHints":{"allow":["GET"]}}],"collection":[{"href":"https:\/\/entrenotasyacordes.com\/index.php?rest_route=\/wp\/v2\/posts"}],"about":[{"href":"https:\/\/entrenotasyacordes.com\/index.php?rest_route=\/wp\/v2\/types\/post"}],"author":[{"embeddable":true,"href":"https:\/\/entrenotasyacordes.com\/index.php?rest_route=\/wp\/v2\/users\/5"}],"replies":[{"embeddable":true,"href":"https:\/\/entrenotasyacordes.com\/index.php?rest_route=%2Fwp%2Fv2%2Fcomments&post=10500"}],"version-history":[{"count":1,"href":"https:\/\/entrenotasyacordes.com\/index.php?rest_route=\/wp\/v2\/posts\/10500\/revisions"}],"predecessor-version":[{"id":10502,"href":"https:\/\/entrenotasyacordes.com\/index.php?rest_route=\/wp\/v2\/posts\/10500\/revisions\/10502"}],"wp:featuredmedia":[{"embeddable":true,"href":"https:\/\/entrenotasyacordes.com\/index.php?rest_route=\/wp\/v2\/media\/10501"}],"wp:attachment":[{"href":"https:\/\/entrenotasyacordes.com\/index.php?rest_route=%2Fwp%2Fv2%2Fmedia&parent=10500"}],"wp:term":[{"taxonomy":"category","embeddable":true,"href":"https:\/\/entrenotasyacordes.com\/index.php?rest_route=%2Fwp%2Fv2%2Fcategories&post=10500"},{"taxonomy":"post_tag","embeddable":true,"href":"https:\/\/entrenotasyacordes.com\/index.php?rest_route=%2Fwp%2Fv2%2Ftags&post=10500"}],"curies":[{"name":"wp","href":"https:\/\/api.w.org\/{rel}","templated":true}]}}