{"id":10516,"date":"2024-08-17T22:49:06","date_gmt":"2024-08-17T22:49:06","guid":{"rendered":"https:\/\/entrenotasyacordes.com\/?p=10516"},"modified":"2024-08-17T22:49:08","modified_gmt":"2024-08-17T22:49:08","slug":"nuestro-lugar-favorito-el-ultimo-estreno-de-la-delio-valdez","status":"publish","type":"post","link":"https:\/\/entrenotasyacordes.com\/?p=10516","title":{"rendered":"\u201cNuestro Lugar Favorito\u201d el \u00faltimo estreno de La Delio Valdez"},"content":{"rendered":"\n<!--more-->\n\n\n\n<p>Antes de retomar la Gira por sus 15 A\u00f1os, La Delio Valdez nos regala un nuevo lanzamiento: <strong>\u201cNuestro Lugar Favorito\u201d\u00a0<\/strong>el segundo sencillo de su pr\u00f3ximo disco.<\/p>\n\n\n<div class=\"wp-block-image\">\n<figure class=\"aligncenter size-full is-resized\"><img loading=\"lazy\" decoding=\"async\" width=\"1134\" height=\"638\" src=\"https:\/\/entrenotasyacordes.com\/wp-content\/uploads\/2024\/08\/4e.png\" alt=\"\" class=\"wp-image-10517\" style=\"width:607px;height:auto\" srcset=\"https:\/\/entrenotasyacordes.com\/wp-content\/uploads\/2024\/08\/4e.png 1134w, https:\/\/entrenotasyacordes.com\/wp-content\/uploads\/2024\/08\/4e-300x169.png 300w, https:\/\/entrenotasyacordes.com\/wp-content\/uploads\/2024\/08\/4e-1024x576.png 1024w, https:\/\/entrenotasyacordes.com\/wp-content\/uploads\/2024\/08\/4e-768x432.png 768w\" sizes=\"auto, (max-width: 1134px) 100vw, 1134px\" \/><\/figure>\n<\/div>\n\n\n<p class=\"has-text-align-left\"><strong>Delirio Valdez Records<\/strong>, presenta: \u00a0<strong><a href=\"https:\/\/toneprensa.tr.pemsv30.net\/c\/eyJhIjoidG9uZXByZW5zYSIsIm0iOiJtYWlsX2NsenhkaGRqdXh0ZWYwYTM1cnVtdnY0d2EiLCJsIjoibGlua183YzY5YTQ5Y2Q3ZmE2MGRmNjFiOTExMTE5Njg1NjA5NmQyNTQ4NTNjX2JmMjI0NCIsImkiOltdLCJ1IjoiaHR0cHM6Ly93d3cueW91dHViZS5jb20vd2F0Y2g_dj1ZRnQza0oxa2NfOCZ1dG1fc291cmNlPXBlcmZpdCZ1dG1fbWVkaXVtPWVtYWlsJnV0bV9jYW1wYWlnbj1ERUxJTyUyMCVFMiU4MCU5Q051ZXN0cm8lMjBMdWdhciUyMEZhdm9yaXRvJUUyJTgwJTlEIiwiYyI6IiIsImgiOiJmMjg0Y2MifQ\" target=\"_blank\" rel=\"noreferrer noopener\">\u00abNuestro Lugar Favorito\u00bb<\/a>,<\/strong>\u00a0el nuevo corte de\u00a0<strong>La Delio Valdez<\/strong>\u00a0donde se refleja una vez m\u00e1s la versatilidad de la orquesta. Esta canci\u00f3n es una bachata original compuesta por LDV, en donde se destacan las voces de\u00a0<strong>Ivonne Guzm\u00e1n<\/strong>\u00a0y\u00a0<strong>Manuel Cibrian<\/strong>. Cuenta con la producci\u00f3n de\u00a0<a href=\"https:\/\/toneprensa.tr.pemsv30.net\/c\/eyJhIjoidG9uZXByZW5zYSIsIm0iOiJtYWlsX2NsenhkaGRqdXh0ZWYwYTM1cnVtdnY0d2EiLCJsIjoibGlua19kMDM0YzNhOTQ5MWUyYjBjYzQ5MDM0ZGUxZmYxYmZjYmQ1ZTY0ODFiX2ZjZGNkYyIsImkiOltdLCJ1IjoiaHR0cHM6Ly93d3cuaW5zdGFncmFtLmNvbS9qdWFuYmxhc2NhYmFsbGVyby8_dXRtX3NvdXJjZT1wZXJmaXQmdXRtX21lZGl1bT1lbWFpbCZ1dG1fY2FtcGFpZ249REVMSU8lMjAlRTIlODAlOUNOdWVzdHJvJTIwTHVnYXIlMjBGYXZvcml0byVFMiU4MCU5RCIsImMiOiIiLCJoIjoiN2Y5MDgwIn0\" target=\"_blank\" rel=\"noreferrer noopener\"><strong>Juan Blas Caballero<\/strong><\/a>.<\/p>\n\n\n\n<figure class=\"wp-block-embed is-type-video is-provider-youtube wp-block-embed-youtube wp-embed-aspect-16-9 wp-has-aspect-ratio\"><div class=\"wp-block-embed__wrapper\">\n<div class=\"epyt-video-wrapper\"><iframe loading=\"lazy\"  id=\"_ytid_72795\"  width=\"640\" height=\"360\"  data-origwidth=\"640\" data-origheight=\"360\" src=\"https:\/\/www.youtube.com\/embed\/YFt3kJ1kc_8?enablejsapi=1&#038;autoplay=0&#038;cc_load_policy=0&#038;cc_lang_pref=&#038;iv_load_policy=1&#038;loop=0&#038;rel=1&#038;fs=1&#038;playsinline=0&#038;autohide=2&#038;theme=dark&#038;color=white&#038;controls=1&#038;\" class=\"__youtube_prefs__  epyt-is-override  no-lazyload\" data-vol=\"50\"  title=\"YouTube player\"  allow=\"fullscreen; accelerometer; autoplay; clipboard-write; encrypted-media; gyroscope; picture-in-picture; web-share\" referrerpolicy=\"strict-origin-when-cross-origin\" allowfullscreen data-no-lazy=\"1\" data-skipgform_ajax_framebjll=\"\"><\/iframe><\/div>\n<\/div><\/figure>\n\n\n\n<p><strong>La Delio Valdez<\/strong>\u00a0ya est\u00e1 presentando su Gira 15 A\u00f1os, la etapa inicial comenz\u00f3 en Europa por Espa\u00f1a, Francia, Alemania y por vez primera en Irlanda, Suiza y Portugal. \u00a0Ahora la orquesta se prepara para continuar con una gira federal por Argentina extendi\u00e9ndose hacia Chile y Uruguay. Coronar\u00e1n la gira por el aniversario de su trayectoria, present\u00e1ndose por primera vez en el Estadio Ferrocarril Oeste el pr\u00f3ximo 23 de Noviembre del corriente a\u00f1o. \u00a0Consegu\u00ed los tickets en:\u00a0<a href=\"https:\/\/toneprensa.tr.pemsv30.net\/c\/eyJhIjoidG9uZXByZW5zYSIsIm0iOiJtYWlsX2NsenhkaGRqdXh0ZWYwYTM1cnVtdnY0d2EiLCJsIjoibGlua18zZWY3YTE3Njk1MDk3NjhjZmNjNzNiMzJkYWFlY2E5ZmM2NzU4OWViX2I3ZjFlMCIsImkiOltdLCJ1Ijoid3d3LmxhZGVsaW92YWxkZXouY29tP3V0bV9zb3VyY2U9cGVyZml0JnV0bV9tZWRpdW09ZW1haWwmdXRtX2NhbXBhaWduPURFTElPJTIwJUUyJTgwJTlDTnVlc3RybyUyMEx1Z2FyJTIwRmF2b3JpdG8lRTIlODAlOUQiLCJjIjoiIiwiaCI6Ijk3NTJlYyJ9\">www.ladeliovaldez.com<\/a>\u00a0<\/p>\n","protected":false},"excerpt":{"rendered":"","protected":false},"author":5,"featured_media":10517,"comment_status":"open","ping_status":"open","sticky":false,"template":"","format":"standard","meta":{"om_disable_all_campaigns":false,"_uf_show_specific_survey":0,"_uf_disable_surveys":false,"footnotes":""},"categories":[4],"tags":[],"class_list":["post-10516","post","type-post","status-publish","format-standard","has-post-thumbnail","hentry","category-musica"],"_links":{"self":[{"href":"https:\/\/entrenotasyacordes.com\/index.php?rest_route=\/wp\/v2\/posts\/10516","targetHints":{"allow":["GET"]}}],"collection":[{"href":"https:\/\/entrenotasyacordes.com\/index.php?rest_route=\/wp\/v2\/posts"}],"about":[{"href":"https:\/\/entrenotasyacordes.com\/index.php?rest_route=\/wp\/v2\/types\/post"}],"author":[{"embeddable":true,"href":"https:\/\/entrenotasyacordes.com\/index.php?rest_route=\/wp\/v2\/users\/5"}],"replies":[{"embeddable":true,"href":"https:\/\/entrenotasyacordes.com\/index.php?rest_route=%2Fwp%2Fv2%2Fcomments&post=10516"}],"version-history":[{"count":1,"href":"https:\/\/entrenotasyacordes.com\/index.php?rest_route=\/wp\/v2\/posts\/10516\/revisions"}],"predecessor-version":[{"id":10518,"href":"https:\/\/entrenotasyacordes.com\/index.php?rest_route=\/wp\/v2\/posts\/10516\/revisions\/10518"}],"wp:featuredmedia":[{"embeddable":true,"href":"https:\/\/entrenotasyacordes.com\/index.php?rest_route=\/wp\/v2\/media\/10517"}],"wp:attachment":[{"href":"https:\/\/entrenotasyacordes.com\/index.php?rest_route=%2Fwp%2Fv2%2Fmedia&parent=10516"}],"wp:term":[{"taxonomy":"category","embeddable":true,"href":"https:\/\/entrenotasyacordes.com\/index.php?rest_route=%2Fwp%2Fv2%2Fcategories&post=10516"},{"taxonomy":"post_tag","embeddable":true,"href":"https:\/\/entrenotasyacordes.com\/index.php?rest_route=%2Fwp%2Fv2%2Ftags&post=10516"}],"curies":[{"name":"wp","href":"https:\/\/api.w.org\/{rel}","templated":true}]}}