{"id":10519,"date":"2024-08-17T23:19:25","date_gmt":"2024-08-17T23:19:25","guid":{"rendered":"https:\/\/entrenotasyacordes.com\/?p=10519"},"modified":"2024-08-17T23:19:26","modified_gmt":"2024-08-17T23:19:26","slug":"primavera-en-el-microestadio-de-tecnopolis-entradas-a-la-venta","status":"publish","type":"post","link":"https:\/\/entrenotasyacordes.com\/?p=10519","title":{"rendered":"PRIMAVERA: EN EL MICROESTADIO DE TECNOPOLIS\u00a0 ENTRADAS A LA VENTA"},"content":{"rendered":"\n<!--more-->\n\n\n\n<p class=\"has-text-align-center\"><strong>UN D\u00cdA EN FAMILIA, LLENO DE MUSICA EN EL MICROESTADIO DE TECNOPOLIS<\/strong><br><strong>EL 21 DE SEPTIEMBRE\u00a0<\/strong><\/p>\n\n\n<div class=\"wp-block-image\">\n<figure class=\"aligncenter size-full is-resized\"><img loading=\"lazy\" decoding=\"async\" width=\"1600\" height=\"1600\" src=\"https:\/\/entrenotasyacordes.com\/wp-content\/uploads\/2024\/08\/4f.jpg\" alt=\"\" class=\"wp-image-10520\" style=\"width:607px;height:auto\" srcset=\"https:\/\/entrenotasyacordes.com\/wp-content\/uploads\/2024\/08\/4f.jpg 1600w, https:\/\/entrenotasyacordes.com\/wp-content\/uploads\/2024\/08\/4f-300x300.jpg 300w, https:\/\/entrenotasyacordes.com\/wp-content\/uploads\/2024\/08\/4f-1024x1024.jpg 1024w, https:\/\/entrenotasyacordes.com\/wp-content\/uploads\/2024\/08\/4f-150x150.jpg 150w, https:\/\/entrenotasyacordes.com\/wp-content\/uploads\/2024\/08\/4f-768x768.jpg 768w, https:\/\/entrenotasyacordes.com\/wp-content\/uploads\/2024\/08\/4f-1536x1536.jpg 1536w, https:\/\/entrenotasyacordes.com\/wp-content\/uploads\/2024\/08\/4f-50x50.jpg 50w\" sizes=\"auto, (max-width: 1600px) 100vw, 1600px\" \/><\/figure>\n<\/div>\n\n\n<p><strong><a href=\"https:\/\/vickyroapress.tr.pemsv20.net\/c\/eyJhIjoidmlja3lyb2FwcmVzcyIsIm0iOiJtYWlsX2Nsengzb3d5eWhlem4wNzk3YnNkcWhldWkiLCJsIjoibGlua184OGJjYjNmNGVkOWMwMDFjYjhkN2ZlNzViOWZkZTNhY2I5YzgzNTc0XzQ0MDY5ZiIsImkiOltdLCJ1IjoiaHR0cHM6Ly90dXRpY2tldGRlZW50cmFkYS5jb20_dXRtX3NvdXJjZT1wZXJmaXQmdXRtX21lZGl1bT1lbWFpbCZ1dG1fY2FtcGFpZ249Q29waWElMjBkZSUyMFBSSU1BVkVSQSUyMFRFQ05PUE9MSVMiLCJjIjoiIiwiaCI6IjA2YzM5NiJ9\">C\u00f3digo preventa \u00a0anticipada : PRI2024 \u00a0<\/a><\/strong><br><strong>Lunes 19 inicio de venta general a las 00:00 hs<\/strong><\/p>\n\n\n\n<p>La llegada de la primavera trae consigo un evento imperdible<strong>.<\/strong>\u00a0<strong>El 21 de septiembre, el Microestadio<\/strong>\u00a0se convierte en el escenario perfecto para un d\u00eda lleno de m\u00fasica y entretenimiento familiar, con una alineaci\u00f3n de artistas de primera.<\/p>\n\n\n\n<p><strong>LINE UP<\/strong><br>BRISAA, SOFI B , EZEQUIEL DE LUCA, RIKY SALVATIERRA, AMORINA, JULIAN MELIAN, CIRKO MARISKO, OWIN \u2013 LA VOZ DEL PERREO, AGUS CASSANO, ANACONDA, TRINIDAD, LOS CHARROS Y MUCHO M\u00c1S..<\/p>\n\n\n\n<div class=\"wp-block-columns is-layout-flex wp-container-core-columns-is-layout-28f84493 wp-block-columns-is-layout-flex\">\n<div class=\"wp-block-column is-layout-flow wp-block-column-is-layout-flow\">\n<figure class=\"wp-block-image size-full\"><img loading=\"lazy\" decoding=\"async\" width=\"400\" height=\"400\" src=\"https:\/\/entrenotasyacordes.com\/wp-content\/uploads\/2024\/08\/4g.png\" alt=\"\" class=\"wp-image-10535\" srcset=\"https:\/\/entrenotasyacordes.com\/wp-content\/uploads\/2024\/08\/4g.png 400w, https:\/\/entrenotasyacordes.com\/wp-content\/uploads\/2024\/08\/4g-300x300.png 300w, https:\/\/entrenotasyacordes.com\/wp-content\/uploads\/2024\/08\/4g-150x150.png 150w, https:\/\/entrenotasyacordes.com\/wp-content\/uploads\/2024\/08\/4g-50x50.png 50w\" sizes=\"auto, (max-width: 400px) 100vw, 400px\" \/><\/figure>\n\n\n\n<p class=\"has-text-align-center\"><strong>BRISAA<\/strong><\/p>\n\n\n\n<p><strong>Brisaa\u00a0<\/strong>es<strong>\u00a0artista e infuencer,<\/strong>\u00a0la joven de Berazategui es una artista en ascenso que hoy se encuentra en tendencia en todas las plataformas por su musica, en su canal se encuentras canciones con miles de reproducciones, su estilo mezcla ritmos urbanos con un sonido de cumbia.<\/p>\n<\/div>\n\n\n\n<div class=\"wp-block-column is-layout-flow wp-block-column-is-layout-flow\">\n<figure class=\"wp-block-image size-full\"><img loading=\"lazy\" decoding=\"async\" width=\"400\" height=\"399\" src=\"https:\/\/entrenotasyacordes.com\/wp-content\/uploads\/2024\/08\/4h.jpg\" alt=\"\" class=\"wp-image-10534\" srcset=\"https:\/\/entrenotasyacordes.com\/wp-content\/uploads\/2024\/08\/4h.jpg 400w, https:\/\/entrenotasyacordes.com\/wp-content\/uploads\/2024\/08\/4h-300x300.jpg 300w, https:\/\/entrenotasyacordes.com\/wp-content\/uploads\/2024\/08\/4h-150x150.jpg 150w, https:\/\/entrenotasyacordes.com\/wp-content\/uploads\/2024\/08\/4h-50x50.jpg 50w\" sizes=\"auto, (max-width: 400px) 100vw, 400px\" \/><\/figure>\n\n\n\n<p class=\"has-text-align-center\"><strong>SOFI B<\/strong><\/p>\n\n\n\n<p><strong>Sof\u00eda Bel\u00e9n Ricci,\u00a0<\/strong>mejor conocida como Sofi B, es una\u00a0<strong>multifac\u00e9tica Artista<\/strong>\u00a0<strong>Argentina,<\/strong>\u00a0cuya pasi\u00f3n por la m\u00fasica se fusiona con su amor por las artes esc\u00e9nicas y los medios digitales. Desde temprana edad, Sofi B se sumergi\u00f3 en el mundo de la m\u00fasica gracias a la influencia de su padre m\u00fasico que impart\u00eda clases de m\u00fasica desde su casa. A los 7 a\u00f1os, cautiv\u00f3 a su familia en una cena de a\u00f1o nuevo cantando por primera vez con un micr\u00f3fono, dando ese d\u00eda el inicio, de su sue\u00f1o de dedicarse a la m\u00fasica.<\/p>\n<\/div>\n\n\n\n<div class=\"wp-block-column is-layout-flow wp-block-column-is-layout-flow\">\n<figure class=\"wp-block-image size-full\"><img loading=\"lazy\" decoding=\"async\" width=\"400\" height=\"400\" src=\"https:\/\/entrenotasyacordes.com\/wp-content\/uploads\/2024\/08\/4i.jpg\" alt=\"\" class=\"wp-image-10533\" srcset=\"https:\/\/entrenotasyacordes.com\/wp-content\/uploads\/2024\/08\/4i.jpg 400w, https:\/\/entrenotasyacordes.com\/wp-content\/uploads\/2024\/08\/4i-300x300.jpg 300w, https:\/\/entrenotasyacordes.com\/wp-content\/uploads\/2024\/08\/4i-150x150.jpg 150w, https:\/\/entrenotasyacordes.com\/wp-content\/uploads\/2024\/08\/4i-50x50.jpg 50w\" sizes=\"auto, (max-width: 400px) 100vw, 400px\" \/><\/figure>\n\n\n\n<p class=\"has-text-align-center\"><strong>EZEQUIEL DE LUCA<\/strong><\/p>\n\n\n\n<p><strong>Ezequiel de Luca<\/strong>\u00a0es un\u00a0<strong>artista e influencer\u00a0<\/strong>destacado en<strong>\u00a0Instagram y TikTok<\/strong>, donde maneja n\u00fameros impresionantes con su innovador formato llamado CUPIDO. Su pasi\u00f3n por el arte lo inspir\u00f3 a componer canciones que han capturado el coraz\u00f3n de sus seguidores, convirti\u00e9ndolo en una figura influyente en el mundo de las redes sociales. Su trabajo no solo refleja su talento musical, sino tambi\u00e9n su habilidad para conectar de manera \u00fanica con su audiencia.<\/p>\n<\/div>\n<\/div>\n\n\n\n<div class=\"wp-block-columns is-layout-flex wp-container-core-columns-is-layout-28f84493 wp-block-columns-is-layout-flex\">\n<div class=\"wp-block-column is-layout-flow wp-block-column-is-layout-flow\">\n<figure class=\"wp-block-image size-full\"><img loading=\"lazy\" decoding=\"async\" width=\"295\" height=\"295\" src=\"https:\/\/entrenotasyacordes.com\/wp-content\/uploads\/2024\/08\/4j.png\" alt=\"\" class=\"wp-image-10532\" srcset=\"https:\/\/entrenotasyacordes.com\/wp-content\/uploads\/2024\/08\/4j.png 295w, https:\/\/entrenotasyacordes.com\/wp-content\/uploads\/2024\/08\/4j-150x150.png 150w, https:\/\/entrenotasyacordes.com\/wp-content\/uploads\/2024\/08\/4j-50x50.png 50w\" sizes=\"auto, (max-width: 295px) 100vw, 295px\" \/><\/figure>\n\n\n\n<p class=\"has-text-align-center\"><strong>RIKY SALVATIERRA<\/strong><\/p>\n\n\n\n<p><strong>Ricky Salvatierra\u00a0<\/strong>es un\u00a0<strong>tik toker tucumano<\/strong>, de la ciudad de Concepci\u00f3n, quien hace videos sobre la vida de un kioskero que trata a sus clientes de manera graciosa, el trato que todo kioskero quisiera darle a su clientela molesta.<\/p>\n<\/div>\n\n\n\n<div class=\"wp-block-column is-layout-flow wp-block-column-is-layout-flow\">\n<figure class=\"wp-block-image size-full\"><img loading=\"lazy\" decoding=\"async\" width=\"320\" height=\"320\" src=\"https:\/\/entrenotasyacordes.com\/wp-content\/uploads\/2024\/08\/4k.jpg\" alt=\"\" class=\"wp-image-10531\" srcset=\"https:\/\/entrenotasyacordes.com\/wp-content\/uploads\/2024\/08\/4k.jpg 320w, https:\/\/entrenotasyacordes.com\/wp-content\/uploads\/2024\/08\/4k-300x300.jpg 300w, https:\/\/entrenotasyacordes.com\/wp-content\/uploads\/2024\/08\/4k-150x150.jpg 150w, https:\/\/entrenotasyacordes.com\/wp-content\/uploads\/2024\/08\/4k-50x50.jpg 50w\" sizes=\"auto, (max-width: 320px) 100vw, 320px\" \/><\/figure>\n\n\n\n<p class=\"has-text-align-center\"><strong>AMORINA<\/strong><\/p>\n\n\n\n<p><strong>Amorina\u00a0<\/strong>es una<strong>\u00a0artista e influencer\u00a0<\/strong>que maneja n\u00fameros grandes en Instagram y TikTok con su creativo formato llamado BUSCANDO UN GAUCHO. Su trabajo en las redes sociales refleja lo buenas y divertidas que son sus canciones, capturando la atenci\u00f3n y el cari\u00f1o de una amplia audiencia. Con su carisma y talento, Amorina se ha convertido en una figura destacada en el panorama digital.<\/p>\n<\/div>\n\n\n\n<div class=\"wp-block-column is-layout-flow wp-block-column-is-layout-flow\">\n<figure class=\"wp-block-image size-full\"><img loading=\"lazy\" decoding=\"async\" width=\"400\" height=\"400\" src=\"https:\/\/entrenotasyacordes.com\/wp-content\/uploads\/2024\/08\/4l.jpg\" alt=\"\" class=\"wp-image-10530\" srcset=\"https:\/\/entrenotasyacordes.com\/wp-content\/uploads\/2024\/08\/4l.jpg 400w, https:\/\/entrenotasyacordes.com\/wp-content\/uploads\/2024\/08\/4l-300x300.jpg 300w, https:\/\/entrenotasyacordes.com\/wp-content\/uploads\/2024\/08\/4l-150x150.jpg 150w, https:\/\/entrenotasyacordes.com\/wp-content\/uploads\/2024\/08\/4l-50x50.jpg 50w\" sizes=\"auto, (max-width: 400px) 100vw, 400px\" \/><\/figure>\n\n\n\n<p class=\"has-text-align-center\"><strong>JULIAN MELIAN<\/strong><\/p>\n\n\n\n<p><strong>Juli\u00e1n Meli\u00e1n<\/strong>\u00a0es un\u00a0<strong>artista e influencer<\/strong>\u00a0que maneja n\u00fameros grandes en Instagram y TikTok con su popular formato llamado EL CUMBIERITO. Su amor por el arte lo inspir\u00f3 a componer canciones que fascinan a todos sus seguidores, convirti\u00e9ndolo en una figura destacada en las redes sociales. Con su estilo \u00fanico y carisma, Juli\u00e1n ha logrado conectar de manera especial con su audiencia.<\/p>\n<\/div>\n<\/div>\n\n\n\n<div class=\"wp-block-columns is-layout-flex wp-container-core-columns-is-layout-28f84493 wp-block-columns-is-layout-flex\">\n<div class=\"wp-block-column is-layout-flow wp-block-column-is-layout-flow\">\n<figure class=\"wp-block-image size-full\"><img loading=\"lazy\" decoding=\"async\" width=\"324\" height=\"324\" src=\"https:\/\/entrenotasyacordes.com\/wp-content\/uploads\/2024\/08\/4m.jpg\" alt=\"\" class=\"wp-image-10527\" srcset=\"https:\/\/entrenotasyacordes.com\/wp-content\/uploads\/2024\/08\/4m.jpg 324w, https:\/\/entrenotasyacordes.com\/wp-content\/uploads\/2024\/08\/4m-300x300.jpg 300w, https:\/\/entrenotasyacordes.com\/wp-content\/uploads\/2024\/08\/4m-150x150.jpg 150w, https:\/\/entrenotasyacordes.com\/wp-content\/uploads\/2024\/08\/4m-50x50.jpg 50w\" sizes=\"auto, (max-width: 324px) 100vw, 324px\" \/><\/figure>\n\n\n\n<p class=\"has-text-align-center\"><strong>CIRKO MARISKO<\/strong><\/p>\n\n\n\n<p>El talentoso grupo de\u00a0<strong>teatro callejero<\/strong>\u00a0<strong>CIRKO MARISKO\u00a0<\/strong>estrena por primera vez en la cartelera porte\u00f1a para presentar su divertido y creativo espect\u00e1culo\u00a0<strong>\u00abDISCONCIERTO URBANO\u00bb.\u00a0<\/strong>El suceso teatral callejero llega al teatro con una original propuesta con m\u00fasica en vivo, street dance, habilidad y destreza, puro arte y mucho humor! Con un espect\u00e1culo lleno de gags, m\u00fasica en vivo, break dance y hip hop, pruebas de destreza f\u00edsica, m\u00e1s la valiosa complicidad del p\u00fablico, los integrantes de Cirko Marisko, con la frescura que los caracteriza, logran una particular manera de entretener y divertir a toda la familia, atrapando y causando furor en el p\u00fablico.<\/p>\n<\/div>\n\n\n\n<div class=\"wp-block-column is-layout-flow wp-block-column-is-layout-flow\">\n<figure class=\"wp-block-image size-full\"><img loading=\"lazy\" decoding=\"async\" width=\"400\" height=\"400\" src=\"https:\/\/entrenotasyacordes.com\/wp-content\/uploads\/2024\/08\/4n.jpg\" alt=\"\" class=\"wp-image-10528\" srcset=\"https:\/\/entrenotasyacordes.com\/wp-content\/uploads\/2024\/08\/4n.jpg 400w, https:\/\/entrenotasyacordes.com\/wp-content\/uploads\/2024\/08\/4n-300x300.jpg 300w, https:\/\/entrenotasyacordes.com\/wp-content\/uploads\/2024\/08\/4n-150x150.jpg 150w, https:\/\/entrenotasyacordes.com\/wp-content\/uploads\/2024\/08\/4n-50x50.jpg 50w\" sizes=\"auto, (max-width: 400px) 100vw, 400px\" \/><\/figure>\n\n\n\n<p class=\"has-text-align-center\"><strong>OWIN \u2013 LA VOZ DEL PERREO<\/strong><\/p>\n\n\n\n<p><strong>Owin, conocido como La Voz del Perreo,<\/strong>\u00a0es el\u00a0<strong>cantante de varios \u00e9xitos como \u00abEs La Que Va\u00bb y \u00abAct\u00faa\u00bb<\/strong>. Hasta el d\u00eda de hoy, contin\u00faa dando shows en todo el pa\u00eds, llevando el perreo a los boliches y conquistando al p\u00fablico con su en\u00e9rgica presencia y su m\u00fasica contagiosa. Su talento y dedicaci\u00f3n lo han convertido en un referente del g\u00e9nero en la escena musical.<\/p>\n<\/div>\n\n\n\n<div class=\"wp-block-column is-layout-flow wp-block-column-is-layout-flow\">\n<figure class=\"wp-block-image size-full\"><img loading=\"lazy\" decoding=\"async\" width=\"400\" height=\"400\" src=\"https:\/\/entrenotasyacordes.com\/wp-content\/uploads\/2024\/08\/4o.jpg\" alt=\"\" class=\"wp-image-10529\" srcset=\"https:\/\/entrenotasyacordes.com\/wp-content\/uploads\/2024\/08\/4o.jpg 400w, https:\/\/entrenotasyacordes.com\/wp-content\/uploads\/2024\/08\/4o-300x300.jpg 300w, https:\/\/entrenotasyacordes.com\/wp-content\/uploads\/2024\/08\/4o-150x150.jpg 150w, https:\/\/entrenotasyacordes.com\/wp-content\/uploads\/2024\/08\/4o-50x50.jpg 50w\" sizes=\"auto, (max-width: 400px) 100vw, 400px\" \/><\/figure>\n\n\n\n<p class=\"has-text-align-center\"><strong>AGUS CASSANO<\/strong><\/p>\n\n\n\n<p><strong>Agus Cassano\u00a0<\/strong>es un<strong>\u00a0artista emergente\u00a0<\/strong>que ha lanzado varios temas, incluyendo \u00abBailalo\u00bb junto a Vilma Palma. Su m\u00fasica ha estado ganando popularidad r\u00e1pidamente, y sus presentaciones en vivo est\u00e1n causando sensaci\u00f3n, destac\u00e1ndose por su energ\u00eda y talento en el escenario. Con cada show, Agus Cassano sigue consolid\u00e1ndose como una figura prometedora en la m\u00fasica.<\/p>\n<\/div>\n<\/div>\n\n\n\n<div class=\"wp-block-columns is-layout-flex wp-container-core-columns-is-layout-28f84493 wp-block-columns-is-layout-flex\">\n<div class=\"wp-block-column is-layout-flow wp-block-column-is-layout-flow\">\n<figure class=\"wp-block-image size-full\"><img loading=\"lazy\" decoding=\"async\" width=\"400\" height=\"400\" src=\"https:\/\/entrenotasyacordes.com\/wp-content\/uploads\/2024\/08\/4p-1.jpg\" alt=\"\" class=\"wp-image-10526\" srcset=\"https:\/\/entrenotasyacordes.com\/wp-content\/uploads\/2024\/08\/4p-1.jpg 400w, https:\/\/entrenotasyacordes.com\/wp-content\/uploads\/2024\/08\/4p-1-300x300.jpg 300w, https:\/\/entrenotasyacordes.com\/wp-content\/uploads\/2024\/08\/4p-1-150x150.jpg 150w, https:\/\/entrenotasyacordes.com\/wp-content\/uploads\/2024\/08\/4p-1-50x50.jpg 50w\" sizes=\"auto, (max-width: 400px) 100vw, 400px\" \/><\/figure>\n\n\n\n<p class=\"has-text-align-center\"><strong>ANACONDA<\/strong><\/p>\n\n\n\n<p><strong>Grupo Anaconda e<\/strong>s una\u00a0<strong>banda musical de cumbia<\/strong>\u00a0que ha estado generando millones de reproducciones en YouTube y Spotify durante el \u00faltimo a\u00f1o. Su m\u00e1s reciente video, lanzado en el programa \u00abUn Poco de Ruido\u00bb, ha superado las 7 millones de reproducciones. La popularidad y el talento de Grupo Anaconda contin\u00faan creciendo, consolid\u00e1ndolos como una de las bandas m\u00e1s destacadas en el g\u00e9nero de cumbia.<\/p>\n<\/div>\n\n\n\n<div class=\"wp-block-column is-layout-flow wp-block-column-is-layout-flow\">\n<figure class=\"wp-block-image size-full\"><img loading=\"lazy\" decoding=\"async\" width=\"400\" height=\"400\" src=\"https:\/\/entrenotasyacordes.com\/wp-content\/uploads\/2024\/08\/4q-1.jpg\" alt=\"\" class=\"wp-image-10525\" srcset=\"https:\/\/entrenotasyacordes.com\/wp-content\/uploads\/2024\/08\/4q-1.jpg 400w, https:\/\/entrenotasyacordes.com\/wp-content\/uploads\/2024\/08\/4q-1-300x300.jpg 300w, https:\/\/entrenotasyacordes.com\/wp-content\/uploads\/2024\/08\/4q-1-150x150.jpg 150w, https:\/\/entrenotasyacordes.com\/wp-content\/uploads\/2024\/08\/4q-1-50x50.jpg 50w\" sizes=\"auto, (max-width: 400px) 100vw, 400px\" \/><\/figure>\n\n\n\n<p class=\"has-text-align-center\"><strong>TRINIDAD<\/strong><\/p>\n\n\n\n<p><strong>Trinidad\u00a0<\/strong>es una\u00a0<strong>banda musical de cumbia<\/strong>\u00a0que ha alcanzado \u00e9xitos masivos, con millones de reproducciones, convirti\u00e9ndose en un cl\u00e1sico de la cumbia argentina. Entre sus temas m\u00e1s populares se encuentran \u00abEl No Va a Poder\u00bb y \u00abLa Piel Bien Caliente\u00bb. Su m\u00fasica ha dejado una marca perdurable en el g\u00e9nero, y siguen siendo una referencia importante para los amantes de la cumbia.<\/p>\n<\/div>\n\n\n\n<div class=\"wp-block-column is-layout-flow wp-block-column-is-layout-flow\">\n<figure class=\"wp-block-image size-full\"><img loading=\"lazy\" decoding=\"async\" width=\"301\" height=\"301\" src=\"https:\/\/entrenotasyacordes.com\/wp-content\/uploads\/2024\/08\/4r-1.jpg\" alt=\"\" class=\"wp-image-10524\" srcset=\"https:\/\/entrenotasyacordes.com\/wp-content\/uploads\/2024\/08\/4r-1.jpg 301w, https:\/\/entrenotasyacordes.com\/wp-content\/uploads\/2024\/08\/4r-1-150x150.jpg 150w, https:\/\/entrenotasyacordes.com\/wp-content\/uploads\/2024\/08\/4r-1-50x50.jpg 50w\" sizes=\"auto, (max-width: 301px) 100vw, 301px\" \/><\/figure>\n\n\n\n<p class=\"has-text-align-center\"><strong>LOS CHARROS<\/strong><\/p>\n\n\n\n<p><strong>Los Charros\u00a0<\/strong>es una\u00a0<strong>famosa banda de cumbia<\/strong>\u00a0que\u00a0<strong>gan\u00f3 el premio Gardel 2024.<\/strong>\u00a0Hoy en d\u00eda, contin\u00faan llevando su cumbia a todos los rincones de Argentina, consolid\u00e1ndose como una de las bandas m\u00e1s queridas y reconocidas del pa\u00eds. Su m\u00fasica sigue resonando entre sus seguidores, quienes disfrutan de cada presentaci\u00f3n en vivo.<\/p>\n<\/div>\n<\/div>\n","protected":false},"excerpt":{"rendered":"","protected":false},"author":5,"featured_media":10520,"comment_status":"open","ping_status":"open","sticky":false,"template":"","format":"standard","meta":{"om_disable_all_campaigns":false,"_uf_show_specific_survey":0,"_uf_disable_surveys":false,"footnotes":""},"categories":[36],"tags":[],"class_list":["post-10519","post","type-post","status-publish","format-standard","has-post-thumbnail","hentry","category-conciertos"],"_links":{"self":[{"href":"https:\/\/entrenotasyacordes.com\/index.php?rest_route=\/wp\/v2\/posts\/10519","targetHints":{"allow":["GET"]}}],"collection":[{"href":"https:\/\/entrenotasyacordes.com\/index.php?rest_route=\/wp\/v2\/posts"}],"about":[{"href":"https:\/\/entrenotasyacordes.com\/index.php?rest_route=\/wp\/v2\/types\/post"}],"author":[{"embeddable":true,"href":"https:\/\/entrenotasyacordes.com\/index.php?rest_route=\/wp\/v2\/users\/5"}],"replies":[{"embeddable":true,"href":"https:\/\/entrenotasyacordes.com\/index.php?rest_route=%2Fwp%2Fv2%2Fcomments&post=10519"}],"version-history":[{"count":1,"href":"https:\/\/entrenotasyacordes.com\/index.php?rest_route=\/wp\/v2\/posts\/10519\/revisions"}],"predecessor-version":[{"id":10536,"href":"https:\/\/entrenotasyacordes.com\/index.php?rest_route=\/wp\/v2\/posts\/10519\/revisions\/10536"}],"wp:featuredmedia":[{"embeddable":true,"href":"https:\/\/entrenotasyacordes.com\/index.php?rest_route=\/wp\/v2\/media\/10520"}],"wp:attachment":[{"href":"https:\/\/entrenotasyacordes.com\/index.php?rest_route=%2Fwp%2Fv2%2Fmedia&parent=10519"}],"wp:term":[{"taxonomy":"category","embeddable":true,"href":"https:\/\/entrenotasyacordes.com\/index.php?rest_route=%2Fwp%2Fv2%2Fcategories&post=10519"},{"taxonomy":"post_tag","embeddable":true,"href":"https:\/\/entrenotasyacordes.com\/index.php?rest_route=%2Fwp%2Fv2%2Ftags&post=10519"}],"curies":[{"name":"wp","href":"https:\/\/api.w.org\/{rel}","templated":true}]}}