{"id":10538,"date":"2024-08-17T23:38:21","date_gmt":"2024-08-17T23:38:21","guid":{"rendered":"https:\/\/entrenotasyacordes.com\/?p=10538"},"modified":"2024-08-17T23:38:22","modified_gmt":"2024-08-17T23:38:22","slug":"franco-rizzaro-presenta-su-nuevo-single-cinica","status":"publish","type":"post","link":"https:\/\/entrenotasyacordes.com\/?p=10538","title":{"rendered":"FRANCO RIZZARO presenta su nuevo single \u00abC\u00cdNICA\u00bb"},"content":{"rendered":"\n<!--more-->\n\n\n\n<p><strong>REGRESANDO A SU CARACTER\u00cdSTICO ESTILO URBANO Y MODERNO, PARA SEGUIR AMPLIANDO SU<br>REPERTORIO MUSICAL<\/strong><\/p>\n\n\n<div class=\"wp-block-image\">\n<figure class=\"aligncenter size-full is-resized\"><img loading=\"lazy\" decoding=\"async\" width=\"516\" height=\"515\" src=\"https:\/\/entrenotasyacordes.com\/wp-content\/uploads\/2024\/08\/4s.png\" alt=\"\" class=\"wp-image-10539\" style=\"width:607px;height:auto\" srcset=\"https:\/\/entrenotasyacordes.com\/wp-content\/uploads\/2024\/08\/4s.png 516w, https:\/\/entrenotasyacordes.com\/wp-content\/uploads\/2024\/08\/4s-300x300.png 300w, https:\/\/entrenotasyacordes.com\/wp-content\/uploads\/2024\/08\/4s-150x150.png 150w, https:\/\/entrenotasyacordes.com\/wp-content\/uploads\/2024\/08\/4s-50x50.png 50w\" sizes=\"auto, (max-width: 516px) 100vw, 516px\" \/><\/figure>\n<\/div>\n\n\n<figure class=\"wp-block-embed is-type-video is-provider-youtube wp-block-embed-youtube wp-embed-aspect-16-9 wp-has-aspect-ratio\"><div class=\"wp-block-embed__wrapper\">\n<div class=\"epyt-video-wrapper\"><iframe loading=\"lazy\"  id=\"_ytid_13399\"  width=\"640\" height=\"360\"  data-origwidth=\"640\" data-origheight=\"360\" src=\"https:\/\/www.youtube.com\/embed\/YyCvkASgTZE?enablejsapi=1&#038;autoplay=0&#038;cc_load_policy=0&#038;cc_lang_pref=&#038;iv_load_policy=1&#038;loop=0&#038;rel=1&#038;fs=1&#038;playsinline=0&#038;autohide=2&#038;theme=dark&#038;color=white&#038;controls=1&#038;\" class=\"__youtube_prefs__  epyt-is-override  no-lazyload\" data-vol=\"50\"  title=\"YouTube player\"  allow=\"fullscreen; accelerometer; autoplay; clipboard-write; encrypted-media; gyroscope; picture-in-picture; web-share\" referrerpolicy=\"strict-origin-when-cross-origin\" allowfullscreen data-no-lazy=\"1\" data-skipgform_ajax_framebjll=\"\"><\/iframe><\/div>\n<\/div><\/figure>\n\n\n\n<p class=\"has-text-align-left\"><strong>FRANCO RIZZARO VUELVE A SORPRENDER CON UN NUEVO Y ESPERADO LANZAMIENTO, MIENTRAS TRANSITA UN A\u00d1O DE PLENO RECONOCIMIENTO CRECIMIENTO ART\u00cdSTICO. SU VERSATILIDAD, AUTENTICIDAD Y ESENCIA URBANA CONTIN\u00daAN SIENDO EL SELLO ESPECIAL DE SU EVOLUCI\u00d3N MUSICAL.<\/strong><\/p>\n\n\n\n<p class=\"has-text-align-left\"><strong>\u201cC\u00ednica\u201d<\/strong> que cont\u00f3 con la producci\u00f3n de Lautaro Lasala y Lolo aporta un sonido distintivo, resultado de una fusi\u00f3n propuesta por Mauro De Tomasso, m\u00fasico y productor A&amp;R de Sony Music Argentina. La mezcla y masterizaci\u00f3n estuvieron a cargo de Jeronimo Samper, asegurando un acabado de alta calidad.<br><br>Esta canci\u00f3n junto a los hits que siguen escalando en todas las plataformas se podr\u00e1n disfrutar en vivo el <strong>pr\u00f3ximo 30 de octubre<\/strong> cuando Franco se presente en<strong> Niceto Club <\/strong>junto a su banda completa. <strong>Las entradas se pueden adquirir a trav\u00e9s de <\/strong><a href=\"https:\/\/eur01.safelinks.protection.outlook.com\/?url=https%3A%2F%2Fclick.emails.sonymusicfans.com%2F%3Fqs%3D84efb600f50e1b54265cfbb924cb64613113acca55f2a50d673e9bc41b7343aa156c034dc26e829808378bc38926fbc5b9f3717e01ce65c2&amp;data=05%7C02%7Clucila.juan%40sonymusic.com%7Ce45854b5c6814c9cfddc08dcbd894456%7Cf0aff3b791a54aaeaf71c63e1dda2049%7C0%7C0%7C638593644468443971%7CUnknown%7CTWFpbGZsb3d8eyJWIjoiMC4wLjAwMDAiLCJQIjoiV2luMzIiLCJBTiI6Ik1haWwiLCJXVCI6Mn0%3D%7C0%7C%7C%7C&amp;sdata=cIoHw5HI3elGf0yD6KrUL86iGLIU4ylzjEdlzbLZPOc%3D&amp;reserved=0\"><strong>passline<\/strong><\/a><strong>.<\/strong><\/p>\n\n\n<div class=\"wp-block-image\">\n<figure class=\"aligncenter size-full\"><img loading=\"lazy\" decoding=\"async\" width=\"364\" height=\"549\" src=\"https:\/\/entrenotasyacordes.com\/wp-content\/uploads\/2024\/08\/4t.jpg\" alt=\"\" class=\"wp-image-10540\" srcset=\"https:\/\/entrenotasyacordes.com\/wp-content\/uploads\/2024\/08\/4t.jpg 364w, https:\/\/entrenotasyacordes.com\/wp-content\/uploads\/2024\/08\/4t-199x300.jpg 199w\" sizes=\"auto, (max-width: 364px) 100vw, 364px\" \/><figcaption class=\"wp-element-caption\"><strong>ph: Camila Fortunato<\/strong><\/figcaption><\/figure>\n<\/div>\n\n\n<p>En palabras de <strong>Franco: <\/strong><em>\u2018Estoy muy feliz de poder compartir otra canci\u00f3n, en este caso \u201cC\u00ednica\u201d un pop que naci\u00f3 cuando me junt\u00e9 en el estudio con el productor Hielo. Sample\u00f3 unas cosas y sali\u00f3 el beat, al toque me puse a escribir y en base a algunas cosas que me pasaron esas semanas, sali\u00f3 la letra.<\/em><br><br><em>En una sesi\u00f3n ya estaba planteado el tema, me junt\u00e9 una vez m\u00e1s a grabar mejor la voz y ya qued\u00f3. A diferencia de mis temas anteriores que la letra es triste y melanc\u00f3lica, esta es m\u00e1s desde un lugar de empoderamiento, conexi\u00f3n y fortaleza con uno mismo, afirmando no volver a caer en agujeros oscuros que no suman.<\/em><br><br><em>Lo spoili\u00e9 en las redes y a la gente le encant\u00f3 as\u00ed que activ\u00e9 para sacarlo &lt;3. espero que les guste y la disfruten tanto como nosotros al hacerla.\u201d<\/em><br><br>Este videoclip, dirigido y creado por Mia Ferrari junto a Bull Media Group, promete ser un hito en su carrera. La elecci\u00f3n de una locaci\u00f3n de pel\u00edcula a\u00f1ade una capa extra de magia al video, creando una atm\u00f3sfera visualmente impresionante que complementa la narrativa.<\/p>\n\n\n\n<p>Uno de los aspectos m\u00e1s destacados del videoclip es el uso de planos secuencias, lo que implica una gran coordinaci\u00f3n y precisi\u00f3n a la hora de filmar.\u00a0 Franco Rizzaro se destaca por su versatilidad en la actuaci\u00f3n, y este videoclip es un claro ejemplo de ello.<\/p>\n\n\n\n<p>Este a\u00f1o Franco comenz\u00f3 con upbeats como <a href=\"https:\/\/eur01.safelinks.protection.outlook.com\/?url=https%3A%2F%2Fclick.emails.sonymusicfans.com%2F%3Fqs%3D84efb600f50e1b54bb69dd11933df05a9312d0173dcf548c8f671f4ffa939dfb824ad4a88d6c46efe8fc9e1ea19ae133106567e80afef7fa&amp;data=05%7C02%7Clucila.juan%40sonymusic.com%7Ce45854b5c6814c9cfddc08dcbd894456%7Cf0aff3b791a54aaeaf71c63e1dda2049%7C0%7C0%7C638593644468450157%7CUnknown%7CTWFpbGZsb3d8eyJWIjoiMC4wLjAwMDAiLCJQIjoiV2luMzIiLCJBTiI6Ik1haWwiLCJXVCI6Mn0%3D%7C0%7C%7C%7C&amp;sdata=q6Li%2BEix7pWn%2FKpzMIXMEWkDQvi%2ByZ%2FD79pqo0gKLs8%3D&amp;reserved=0\"><strong>\u00abEncandilao\u00bb<\/strong><\/a><strong> y <\/strong><a href=\"https:\/\/eur01.safelinks.protection.outlook.com\/?url=https%3A%2F%2Fclick.emails.sonymusicfans.com%2F%3Fqs%3D84efb600f50e1b54703fa74f36b82dca2128ae50a87f3003ca9dadea015830c3ac9a84e224a4ac024f1e9f4d3e1fc8a03b23ed709096a231&amp;data=05%7C02%7Clucila.juan%40sonymusic.com%7Ce45854b5c6814c9cfddc08dcbd894456%7Cf0aff3b791a54aaeaf71c63e1dda2049%7C0%7C0%7C638593644468456200%7CUnknown%7CTWFpbGZsb3d8eyJWIjoiMC4wLjAwMDAiLCJQIjoiV2luMzIiLCJBTiI6Ik1haWwiLCJXVCI6Mn0%3D%7C0%7C%7C%7C&amp;sdata=WSQ4AqA%2BW%2BkOTwzVsodtgWMLVd5hsdYp6WUvwv%2Bqtsk%3D&amp;reserved=0\"><strong>\u00abOtro Lugar\u00bb<\/strong><\/a> para luego introducirnos con la fusi\u00f3n entre la electr\u00f3nica y el house con <a href=\"https:\/\/eur01.safelinks.protection.outlook.com\/?url=https%3A%2F%2Fclick.emails.sonymusicfans.com%2F%3Fqs%3D84efb600f50e1b5418f432cb97e5b68f5f3ce208b8186c7f3d2cda58a09c8f6ffef367c4cffc983f1feda6d9a9d6a27d5111a49ab173d46c&amp;data=05%7C02%7Clucila.juan%40sonymusic.com%7Ce45854b5c6814c9cfddc08dcbd894456%7Cf0aff3b791a54aaeaf71c63e1dda2049%7C0%7C0%7C638593644468462187%7CUnknown%7CTWFpbGZsb3d8eyJWIjoiMC4wLjAwMDAiLCJQIjoiV2luMzIiLCJBTiI6Ik1haWwiLCJXVCI6Mn0%3D%7C0%7C%7C%7C&amp;sdata=m5H1wXpvyLBOdTwKXG9XlavcbijfORL22KChxSPj8c0%3D&amp;reserved=0\"><strong>\u201cDime T\u00fa\u201d<\/strong><\/a>.<strong><a href=\"https:\/\/eur01.safelinks.protection.outlook.com\/?url=https%3A%2F%2Fclick.emails.sonymusicfans.com%2F%3Fqs%3D84efb600f50e1b541d8d5c0995beb851d55a97f6a6d220d6d087bc228533147c00bdde6387858c2b3d943befc466ec2f6864015b45284855&amp;data=05%7C02%7Clucila.juan%40sonymusic.com%7Ce45854b5c6814c9cfddc08dcbd894456%7Cf0aff3b791a54aaeaf71c63e1dda2049%7C0%7C0%7C638593644468468282%7CUnknown%7CTWFpbGZsb3d8eyJWIjoiMC4wLjAwMDAiLCJQIjoiV2luMzIiLCJBTiI6Ik1haWwiLCJXVCI6Mn0%3D%7C0%7C%7C%7C&amp;sdata=c1lWaDFQeoGN8NV6CjsYspvWBxO0I8bBd2AVH1Xb7iQ%3D&amp;reserved=0\">\u201cC\u00ednica\u201d<\/a><\/strong> se suma al repertorio con temas como <a href=\"https:\/\/eur01.safelinks.protection.outlook.com\/?url=https%3A%2F%2Fclick.emails.sonymusicfans.com%2F%3Fqs%3D84efb600f50e1b545ce10f050fac9202fbaa236ee2d8957d5c9d9da8180453b98d72fc09c66edec7634da4db9736681f3847c91ee0daae1d&amp;data=05%7C02%7Clucila.juan%40sonymusic.com%7Ce45854b5c6814c9cfddc08dcbd894456%7Cf0aff3b791a54aaeaf71c63e1dda2049%7C0%7C0%7C638593644468474206%7CUnknown%7CTWFpbGZsb3d8eyJWIjoiMC4wLjAwMDAiLCJQIjoiV2luMzIiLCJBTiI6Ik1haWwiLCJXVCI6Mn0%3D%7C0%7C%7C%7C&amp;sdata=fLykyMBqzrxTpmD7kVQj%2BkAqPxaDWPi%2BvzGonX1RVH8%3D&amp;reserved=0\"><strong>\u00ab2da parte\u00bb<\/strong><\/a><strong>, <\/strong><a href=\"https:\/\/eur01.safelinks.protection.outlook.com\/?url=https%3A%2F%2Fclick.emails.sonymusicfans.com%2F%3Fqs%3D84efb600f50e1b54480dd1a3c92ac383cc0e61d5051a81e4ad448c0d1d392b2bbb150aaece00d1dcb281f4a13325111ecbc5b07a93f1f436&amp;data=05%7C02%7Clucila.juan%40sonymusic.com%7Ce45854b5c6814c9cfddc08dcbd894456%7Cf0aff3b791a54aaeaf71c63e1dda2049%7C0%7C0%7C638593644468480190%7CUnknown%7CTWFpbGZsb3d8eyJWIjoiMC4wLjAwMDAiLCJQIjoiV2luMzIiLCJBTiI6Ik1haWwiLCJXVCI6Mn0%3D%7C0%7C%7C%7C&amp;sdata=wOHMPxkwbtHwwdYBzev%2Bk%2FcheoIfnA8GUekPrVsAnNI%3D&amp;reserved=0\"><strong>\u00abMuero x Decirte\u00bb<\/strong><\/a><strong>, <\/strong><a href=\"https:\/\/eur01.safelinks.protection.outlook.com\/?url=https%3A%2F%2Fclick.emails.sonymusicfans.com%2F%3Fqs%3D84efb600f50e1b54bbc7d74bea57bdce918e7c55b2934ce3a25e7adb768ae253c0f54689f2ca8a6c56bcf621f06848d5f3682ccf0ce37725&amp;data=05%7C02%7Clucila.juan%40sonymusic.com%7Ce45854b5c6814c9cfddc08dcbd894456%7Cf0aff3b791a54aaeaf71c63e1dda2049%7C0%7C0%7C638593644468486033%7CUnknown%7CTWFpbGZsb3d8eyJWIjoiMC4wLjAwMDAiLCJQIjoiV2luMzIiLCJBTiI6Ik1haWwiLCJXVCI6Mn0%3D%7C0%7C%7C%7C&amp;sdata=thnMi5yRYyHmQHaYRwPft48l0kmImbtBNMScL5Rqt74%3D&amp;reserved=0\"><strong>\u201cComo Antes\u201d<\/strong><\/a><strong> y <\/strong><a href=\"https:\/\/eur01.safelinks.protection.outlook.com\/?url=https%3A%2F%2Fclick.emails.sonymusicfans.com%2F%3Fqs%3D84efb600f50e1b54b1aa2bdd767acc537d9cd04c9a5c22dedc6920c5c204a3d40b3372fbd517ef53c0b302ed0952e6f704e4ec104b573d39&amp;data=05%7C02%7Clucila.juan%40sonymusic.com%7Ce45854b5c6814c9cfddc08dcbd894456%7Cf0aff3b791a54aaeaf71c63e1dda2049%7C0%7C0%7C638593644468491718%7CUnknown%7CTWFpbGZsb3d8eyJWIjoiMC4wLjAwMDAiLCJQIjoiV2luMzIiLCJBTiI6Ik1haWwiLCJXVCI6Mn0%3D%7C0%7C%7C%7C&amp;sdata=bwrWIcQFz7%2BU4rUQDTE4RITgjWmGJLa6DKpe1SffpE8%3D&amp;reserved=0\"><strong>\u201cTarde\u201d <\/strong><\/a><strong>junto a Malena Villa.<\/strong><\/p>\n\n\n<div class=\"wp-block-image\">\n<figure class=\"aligncenter size-full is-resized\"><img loading=\"lazy\" decoding=\"async\" width=\"385\" height=\"577\" src=\"https:\/\/entrenotasyacordes.com\/wp-content\/uploads\/2024\/08\/4u.jpg\" alt=\"\" class=\"wp-image-10541\" style=\"width:607px;height:auto\" srcset=\"https:\/\/entrenotasyacordes.com\/wp-content\/uploads\/2024\/08\/4u.jpg 385w, https:\/\/entrenotasyacordes.com\/wp-content\/uploads\/2024\/08\/4u-200x300.jpg 200w\" sizes=\"auto, (max-width: 385px) 100vw, 385px\" \/><figcaption class=\"wp-element-caption\"><strong>ph: Camila Fortunato<\/strong><\/figcaption><\/figure>\n<\/div>\n\n\n<p><strong>Franco Rizzaro<\/strong> es un artista multifac\u00e9tico y rupturista que busca manifestarse a trav\u00e9s de diversas ramas del arte como la m\u00fasica, la actuaci\u00f3n, la improvisaci\u00f3n y la escritura.<br><br>Desde una edad temprana, su pasi\u00f3n y sensibilidad lo llevaron a explorar la comedia musical, donde conect\u00f3 por primera vez con la actuaci\u00f3n y la m\u00fasica. Luego de entrar en ese camino art\u00edstico descubri\u00f3 nuevas formas de manifestar su creatividad, ya sea a trav\u00e9s del freestyle, de instrumentos, de la escritura y la poes\u00eda, o de la expresi\u00f3n corporal.<br><br>Con 24 a\u00f1os y siempre manteniendo su impronta urbana, mostrando su esencia, versatilidad y transparencia, Fran emprende una nueva era con sonidos que lo potencian y\u00a0una presencia en vivo con mucha fuerza.<br><br>Fran arranca su carrera musical con varios temas donde explor\u00f3 distintos estilos musicales desde el pop hasta el dancehall, reggaeton y trap-pop.<\/p>\n\n\n\n<p>Despu\u00e9s de un tiempo buscando nuevos sonidos e incursionando en g\u00e9neros, present\u00f3 sus singles \u201c2da Parte\u201d, y \u201cMuero x Decirte\u201d. Ambos sonidos, historias y videoclips est\u00e1n entrelazados, un pop moderno y urbano que habla del deseo de volver a reencontrarse con quien vivi\u00f3 un desamor. Producido por Lolo y Mailo, mezclado por Jeronimo Samper y masterizado por AudioWarrior.<br><br>Durante la segunda mitad del 2023, sigui\u00f3 potenciando su carrera musical junto a sus productores y lanz\u00f3 \u201cComo Antes\u201d y \u201cTarde\u201d junto a Malena Villa. Ambos temas demuestran una inclinaci\u00f3n m\u00e1s hacia el pop alegre que se acerca con \u201cOtro Lugar\u201d y \u201cEncandilado\u201d, singles que definir\u00e1n esta etapa en la que se encuentra y se terminar\u00e1n de asentar hacia lo electr\u00f3nico con su \u00faltimo single \u201cDime t\u00fa\u201d ft Facundo Majdalani como productor que hace poco vio la luz.<br><br>Desde 2018 Franco viene desarrollando su carrera actoral, habiendo empezado por las telenovelas de Telef\u00e9 \u201c100 d\u00edas para enamorarse\u201d y \u201cPeque\u00f1a Victoria\u201d , pasando por un papel protag\u00f3nico en \u201cC\u00f3mo mueren las reinas\u201d y hasta sus apariciones en \u201cDoble Discurso\u201d,\u00a0pel\u00edcula estrenada en 2023 en cines y Prime Video.<\/p>\n\n\n\n<p>Franco realiz\u00f3 su primer show con banda completa el pasado mayo en La Tangente con invitados de lujo como Goyo Degano (frontman de Bandalos Chinos), Malena Villa y Dandara. Con 4 m\u00fasicos, escenograf\u00eda, iluminaci\u00f3n y un agite del p\u00fablico incre\u00edble, el show que se agot\u00f3 a la semana de ser lanzadas las entradas a la venta, fue un rotundo \u00e9xito.<\/p>\n","protected":false},"excerpt":{"rendered":"","protected":false},"author":5,"featured_media":10539,"comment_status":"open","ping_status":"open","sticky":false,"template":"","format":"standard","meta":{"om_disable_all_campaigns":false,"_uf_show_specific_survey":0,"_uf_disable_surveys":false,"footnotes":""},"categories":[4],"tags":[],"class_list":["post-10538","post","type-post","status-publish","format-standard","has-post-thumbnail","hentry","category-musica"],"_links":{"self":[{"href":"https:\/\/entrenotasyacordes.com\/index.php?rest_route=\/wp\/v2\/posts\/10538","targetHints":{"allow":["GET"]}}],"collection":[{"href":"https:\/\/entrenotasyacordes.com\/index.php?rest_route=\/wp\/v2\/posts"}],"about":[{"href":"https:\/\/entrenotasyacordes.com\/index.php?rest_route=\/wp\/v2\/types\/post"}],"author":[{"embeddable":true,"href":"https:\/\/entrenotasyacordes.com\/index.php?rest_route=\/wp\/v2\/users\/5"}],"replies":[{"embeddable":true,"href":"https:\/\/entrenotasyacordes.com\/index.php?rest_route=%2Fwp%2Fv2%2Fcomments&post=10538"}],"version-history":[{"count":2,"href":"https:\/\/entrenotasyacordes.com\/index.php?rest_route=\/wp\/v2\/posts\/10538\/revisions"}],"predecessor-version":[{"id":10543,"href":"https:\/\/entrenotasyacordes.com\/index.php?rest_route=\/wp\/v2\/posts\/10538\/revisions\/10543"}],"wp:featuredmedia":[{"embeddable":true,"href":"https:\/\/entrenotasyacordes.com\/index.php?rest_route=\/wp\/v2\/media\/10539"}],"wp:attachment":[{"href":"https:\/\/entrenotasyacordes.com\/index.php?rest_route=%2Fwp%2Fv2%2Fmedia&parent=10538"}],"wp:term":[{"taxonomy":"category","embeddable":true,"href":"https:\/\/entrenotasyacordes.com\/index.php?rest_route=%2Fwp%2Fv2%2Fcategories&post=10538"},{"taxonomy":"post_tag","embeddable":true,"href":"https:\/\/entrenotasyacordes.com\/index.php?rest_route=%2Fwp%2Fv2%2Ftags&post=10538"}],"curies":[{"name":"wp","href":"https:\/\/api.w.org\/{rel}","templated":true}]}}