{"id":10761,"date":"2024-08-22T18:12:09","date_gmt":"2024-08-22T18:12:09","guid":{"rendered":"https:\/\/entrenotasyacordes.com\/?p=10761"},"modified":"2024-08-22T18:12:10","modified_gmt":"2024-08-22T18:12:10","slug":"24-festival-de-cine-aleman-del-19-al-25-de-septiembre-en-cinepolis-recoleta","status":"publish","type":"post","link":"https:\/\/entrenotasyacordes.com\/?p=10761","title":{"rendered":"24\u00b0 Festival de Cine Alem\u00e1n :: del 19 al 25 de Septiembre en Cin\u00e9polis Recoleta."},"content":{"rendered":"\n<!--more-->\n\n\n\n<p class=\"has-text-align-center has-black-color has-text-color has-link-color wp-elements-a0ec78f8871e7590c8d4621f6da61ca8\"><strong>24\u00ba FESTIVAL DE CINE ALEM\u00c1N<\/strong><br><strong>Del 19 al\u00a025 de Septiembre<\/strong><br><strong>en Cin\u00e9polis Recoleta<\/strong><\/p>\n\n\n\n<p class=\"has-text-align-center has-black-color has-text-color has-link-color wp-elements-9df22bfd722a7aeff39f05f658386456\"><a href=\"https:\/\/www.cinealeman.com.ar\/\">www.cinealeman.com.ar<\/a><\/p>\n\n\n\n<figure class=\"wp-block-image size-full\"><img loading=\"lazy\" decoding=\"async\" width=\"968\" height=\"220\" src=\"https:\/\/entrenotasyacordes.com\/wp-content\/uploads\/2024\/08\/8f.gif\" alt=\"\" class=\"wp-image-10762\"\/><\/figure>\n\n\n\n<p>Despu\u00e9s de ocho a\u00f1os de ausencia en nuestro pa\u00eds, Incubus regresa para presentar su ic\u00f3nico \u00e1lbum \u00a8<strong>Morning View<\/strong>\u00a8 adem\u00e1s de sus grandes \u00e9xitos en un show que promete ser \u00e9pico. El grupo liderado por Brandon Boyd llega a latinoam\u00e9rica en Marzo de 2025 donde se presentar\u00e1n en Puerto Rico, M\u00e9xico, Costa Rica, Venezuela y Colombia antes de su paso por Argentina, luego el tour seguir\u00e1 por Chile, Brasil y Per\u00fa.<br><br>\u00a8Morning View\u00a8 fue lanzado en octubre de 2001 y fue aclamado por el p\u00fablico y expertos en la industria. El \u00e1lbum obtuvo la certificaci\u00f3n de doble platino de la RIAA y pas\u00f3 60 semanas en el Billboard 200 alcanzando el puesto n\u00famero 2.<br><br>El 6 de octubre de 2023, la banda anunci\u00f3 la regrabaci\u00f3n y relanzamiento del \u00e1lbum doble titulado Morning View XXIII (Virgin Music Group), el mismo vio la luz en mayo de este a\u00f1o.<\/p>\n\n\n\n<p><strong>\u201cEste \u00e1lbum ayud\u00f3 a impulsar nuestro peque\u00f1o experimento art\u00edstico llamado &#8216;Incubus&#8217; hacia una forma de vida y aqu\u00ed estamos hoy, unos 23 a\u00f1os despu\u00e9s, a punto de introducir una nueva fase de su existencia. &#8216;Morning View xxiii&#8217; es una regrabaci\u00f3n\/re pensamiento del \u00e1lbum de 2001 y es el resultado de nuestro deseo de honrar este floreciente legado pero tambi\u00e9n re imaginarlo como m\u00fasicos que han estado interpretando con amor estas canciones noche tras noche durante los \u00faltimos 23 a\u00f1os\u00a8.<\/strong><\/p>\n\n\n<div class=\"wp-block-image\">\n<figure class=\"aligncenter size-full\"><img loading=\"lazy\" decoding=\"async\" width=\"1178\" height=\"1662\" src=\"https:\/\/entrenotasyacordes.com\/wp-content\/uploads\/2024\/08\/8g.png\" alt=\"\" class=\"wp-image-10763\" srcset=\"https:\/\/entrenotasyacordes.com\/wp-content\/uploads\/2024\/08\/8g.png 1178w, https:\/\/entrenotasyacordes.com\/wp-content\/uploads\/2024\/08\/8g-213x300.png 213w, https:\/\/entrenotasyacordes.com\/wp-content\/uploads\/2024\/08\/8g-726x1024.png 726w, https:\/\/entrenotasyacordes.com\/wp-content\/uploads\/2024\/08\/8g-768x1084.png 768w, https:\/\/entrenotasyacordes.com\/wp-content\/uploads\/2024\/08\/8g-1089x1536.png 1089w, https:\/\/entrenotasyacordes.com\/wp-content\/uploads\/2024\/08\/8g-1024x1445.png 1024w\" sizes=\"auto, (max-width: 1178px) 100vw, 1178px\" \/><\/figure>\n<\/div>\n\n\n<p>Nos enorgullece presentar el&nbsp;<strong>24\u00b0 Festival de Cine Alem\u00e1n<\/strong>,&nbsp;que tendr\u00e1 lugar&nbsp;<strong>del 19 al 25 de septiembre<\/strong>&nbsp;en la sede del complejo&nbsp;<strong>CIN\u00c9POLIS Recoleta<\/strong>, Vicente L\u00f3pez 2050.<br><br>German FIlms anuncia una nueva selecci\u00f3n de pel\u00edculas que exhibe la riqueza de la cinematograf\u00eda alemana. Un programa que ofrecer\u00e1 lo m\u00e1s destacado de la producci\u00f3n reciente, a trav\u00e9s de&nbsp;<strong>ocho largometrajes<\/strong>&nbsp;y de los&nbsp;<strong>cortos<\/strong>&nbsp;del&nbsp;<strong>Next Generation Short Tiger 2024<\/strong>, y adem\u00e1s brindar\u00e1 la oportunidad de volver a compartir en una sala tres joyas de incuestionable valor hist\u00f3rico.<br><br>La encargada de abrir esta edici\u00f3n ser\u00e1&nbsp;<strong>La caja de cristal (Black Box)<\/strong>, una de las \u00faltimas pel\u00edculas de la cineasta de origen turco&nbsp;<strong>Asli \u00d6zge<\/strong>. En ella, un edificio en el centro de Berl\u00edn es clausurado por las autoridades y sus habitantes son obligados a permanecer encerrados, aunque el motivo no est\u00e1 claro. Con claras reminiscencias a la crisis desatada por la pandemia de COVID-19,&nbsp;<strong>La caja de cristal&nbsp;<\/strong>combina una intenci\u00f3n fant\u00e1stica con altas dosis de suspenso.<br><br>Gracias a la colaboraci\u00f3n del&nbsp;<strong>Goethe-Institut<\/strong>, est\u00e1 edici\u00f3n marcar\u00e1 un nuevo paso de&nbsp;<strong>Wim Wenders<\/strong>&nbsp;por el<strong>&nbsp;Festival de Cine Alem\u00e1n<\/strong>, que ser\u00e1 por partida doble. Por un lado, podr\u00e1 verse su \u00faltimo trabajo,&nbsp;<strong>Anselm (Anselm &#8211; Das Rauschen der Zeit)<\/strong>, con el que este director no s\u00f3lo reincide en el documental, sino tambi\u00e9n en el uso de la tecnolog\u00eda 3D. Como hizo con la core\u00f3grafa Pina Bausch en su pel\u00edcula Pina (2011), a partir de esos recursos Wenders esboza un retrato del artista pl\u00e1stico Anselm Kiefer, autor de una obra tan monumental como provocadora. Con maestr\u00eda, el director crea un recorrido cinematogr\u00e1fico asombroso e inmersivo que no dejar\u00e1 indiferente a ning\u00fan espectador.<\/p>\n\n\n\n<p>Este a\u00f1o,&nbsp;<strong>German FIlms<\/strong>&nbsp;celebra su 70\u00b0 aniversario y el festival aprovecha la oportunidad para compartir tres obras maestras que enmarcan la riqueza del cine alem\u00e1n en un contexto hist\u00f3rico. Una es&nbsp;<strong>Las alas del deseo (Der Himmel \u00fcber Berlin, 1987)<\/strong>, ganadora de la Palma de Oro y premio al Mejor Director en el Festival de Cannes, segunda oportunidad que el p\u00fablico tendr\u00e1 de abordar una obra de&nbsp;<strong>Wenders<\/strong>. Tambi\u00e9n podr\u00e1 verse&nbsp;<strong>Una muchacha sin historia (Abschied von gestern)<\/strong>, \u00f3pera prima de Alexander Kluge, \u00e1mpliamente celebrada en el Festival de Venecia de 1966.<br><br>La selecci\u00f3n hist\u00f3rica se completa con&nbsp;<strong>La cinta blanca (Das weisse Band, 2009)<\/strong>, del austr\u00edaco Michael Haneke, tambi\u00e9n ganadora de la Palma de Oro y nominada a dos premios Oscar.<br><br>Como es habitual, el&nbsp;<strong>Festival de Cine Alem\u00e1n<\/strong>&nbsp;recibir\u00e1 la visita de uno de los cineastas que participar\u00e1n de su 24\u00b0 edici\u00f3n. Se trata de&nbsp;<strong>Eva Trobisch<\/strong>, directora de<strong>&nbsp;Ivo<\/strong>, su segundo largometraje premiado en la \u00faltima Berlinale, que estar\u00e1 presente en dos de las proyecciones para responder a las preguntas del p\u00fablico. Ivo es una enfermera que se dedica a brindar cuidados paliativos a enfermos terminales y establece un v\u00ednculo de amistad con una de sus pacientes al tiempo que mantiene una relaci\u00f3n muy cercana con el marido de ella.<\/p>\n\n\n\n<p>La tarea de animar la&nbsp;<strong>secci\u00f3n Para toda la familia<\/strong>&nbsp;le corresponde a&nbsp;<strong>El aula voladora (Das fliegende Klassenzimmer)<\/strong>, de la cineasta sueca&nbsp;<strong>Carolina Hellsg\u00e5rd<\/strong>, basada en la novela hom\u00f3nima de Erich K\u00e4stner, uno de los autores de literatura infantil y juvenil m\u00e1s importantes de las letras germanas. Una historia en la que un grupo de alumnos pupilos de una escuela mantiene un enfrentamiento hist\u00f3rico con los alumnos externos, dando pie a numerosas aventuras y situaciones divertidas.<br><br>Dos de los t\u00edtulos programados ya tienen asegurado su estreno comercial tras el festival. Uno es&nbsp;<strong>Sin c\u00f3digos (Verbrannte Erde)<\/strong>, de Thomas Arslan, policial tenso y repleto de intrigas, construido sobre el molde de las pel\u00edculas de atracos. La otra es&nbsp;<strong>Stella, una vida (Stella. Ein Leben.)<\/strong>, de Kilian Riedhof, ganadora este a\u00f1o de cuatro premios Lola. En ella, el drama y el thriller se dan cita para abordar la historia real de una joven de origen jud\u00edo que sue\u00f1a con ser cantante de jazz, pero que, durante la Segunda Guerra Mundial, atrapada y torturada por el r\u00e9gimen nazi, es obligada a delatar a otros jud\u00edos.<br><br>La programaci\u00f3n se completa con dos t\u00edtulos de est\u00e9ticas muy diferentes. El primero es el thriller&nbsp;<strong>Martin lee el Cor\u00e1n (Martin liest den Koran)<\/strong>, \u00f3pera prima de Jurijs Saule, en el que un profesor universitario especializado en la interpretaci\u00f3n del libro sagrado del Islam debe hacer desistir a trav\u00e9s del di\u00e1logo a uno de sus alumnos, decidido a realizar un atentado. Por \u00faltimo,&nbsp;<strong>G\u00f3ndola<\/strong>, del experimentado cineasta Veit Helmer, retrata la amistad que nace entre dos chicas que trabajan como maquinistas de un telef\u00e9rico, a fuerza de cruzarse una y otra vez en el aire. Una comedia amable que desborda fantas\u00eda y ternura.<br><br>Y, por supuesto, los&nbsp;<strong>cortometrajes del NEXT GENERATION SHORT TIGER<\/strong>&nbsp;exhibir\u00e1n los trabajos m\u00e1s destacados de los nuevos talentos del cine alem\u00e1n.<br>&nbsp;<\/p>\n\n\n\n<p>Como ocurre desde hace 24 a\u00f1os, el&nbsp;<strong>cine alem\u00e1n<\/strong>&nbsp;vuelve a lucir sus mejores galas en&nbsp;<strong>Buenos Aires<\/strong>.&nbsp;<br><br>La propuesta es, entonces, reencontrarse&nbsp;en el complejo&nbsp;<strong>CIN\u00c9POLIS Recoleta<\/strong>, &nbsp;<br>Vicente L\u00f3pez 2050, del 19 al 25 de septiembre.<\/p>\n","protected":false},"excerpt":{"rendered":"","protected":false},"author":5,"featured_media":10763,"comment_status":"open","ping_status":"open","sticky":false,"template":"","format":"standard","meta":{"om_disable_all_campaigns":false,"_uf_show_specific_survey":0,"_uf_disable_surveys":false,"footnotes":""},"categories":[9],"tags":[],"class_list":["post-10761","post","type-post","status-publish","format-standard","has-post-thumbnail","hentry","category-cine-y-teatro"],"_links":{"self":[{"href":"https:\/\/entrenotasyacordes.com\/index.php?rest_route=\/wp\/v2\/posts\/10761","targetHints":{"allow":["GET"]}}],"collection":[{"href":"https:\/\/entrenotasyacordes.com\/index.php?rest_route=\/wp\/v2\/posts"}],"about":[{"href":"https:\/\/entrenotasyacordes.com\/index.php?rest_route=\/wp\/v2\/types\/post"}],"author":[{"embeddable":true,"href":"https:\/\/entrenotasyacordes.com\/index.php?rest_route=\/wp\/v2\/users\/5"}],"replies":[{"embeddable":true,"href":"https:\/\/entrenotasyacordes.com\/index.php?rest_route=%2Fwp%2Fv2%2Fcomments&post=10761"}],"version-history":[{"count":1,"href":"https:\/\/entrenotasyacordes.com\/index.php?rest_route=\/wp\/v2\/posts\/10761\/revisions"}],"predecessor-version":[{"id":10764,"href":"https:\/\/entrenotasyacordes.com\/index.php?rest_route=\/wp\/v2\/posts\/10761\/revisions\/10764"}],"wp:featuredmedia":[{"embeddable":true,"href":"https:\/\/entrenotasyacordes.com\/index.php?rest_route=\/wp\/v2\/media\/10763"}],"wp:attachment":[{"href":"https:\/\/entrenotasyacordes.com\/index.php?rest_route=%2Fwp%2Fv2%2Fmedia&parent=10761"}],"wp:term":[{"taxonomy":"category","embeddable":true,"href":"https:\/\/entrenotasyacordes.com\/index.php?rest_route=%2Fwp%2Fv2%2Fcategories&post=10761"},{"taxonomy":"post_tag","embeddable":true,"href":"https:\/\/entrenotasyacordes.com\/index.php?rest_route=%2Fwp%2Fv2%2Ftags&post=10761"}],"curies":[{"name":"wp","href":"https:\/\/api.w.org\/{rel}","templated":true}]}}