{"id":10765,"date":"2024-08-22T18:16:52","date_gmt":"2024-08-22T18:16:52","guid":{"rendered":"https:\/\/entrenotasyacordes.com\/?p=10765"},"modified":"2024-08-22T18:16:54","modified_gmt":"2024-08-22T18:16:54","slug":"mya-anuncia-su-gira-nacional-bn-tour-2024-presentando-lo-que-sera-su-nuevo-album-blanco-y-negro","status":"publish","type":"post","link":"https:\/\/entrenotasyacordes.com\/?p=10765","title":{"rendered":"MYA ANUNCIA SU GIRA NACIONAL \u201cB&amp;N TOUR 2024\u201d PRESENTANDO LO QUE SER\u00c1 SU NUEVO \u00c1LBUM \u201cBLANCO Y NEGRO\u201d"},"content":{"rendered":"\n<p><strong>DISPONIBLE EN TODAS LAS PLATAFORMAS EN OCTUBRE<\/strong><\/p>\n\n\n\n<!--more-->\n\n\n<div class=\"wp-block-image\">\n<figure class=\"aligncenter size-full is-resized\"><img loading=\"lazy\" decoding=\"async\" width=\"622\" height=\"415\" src=\"https:\/\/entrenotasyacordes.com\/wp-content\/uploads\/2024\/08\/8h.jpg\" alt=\"\" class=\"wp-image-10766\" style=\"width:607px;height:auto\" srcset=\"https:\/\/entrenotasyacordes.com\/wp-content\/uploads\/2024\/08\/8h.jpg 622w, https:\/\/entrenotasyacordes.com\/wp-content\/uploads\/2024\/08\/8h-300x200.jpg 300w\" sizes=\"auto, (max-width: 622px) 100vw, 622px\" \/><\/figure>\n<\/div>\n\n\n<p class=\"has-text-align-center\"><strong>PREVENTA EXCLUSIVA CON TARJETA VISA DEL BNA, 15 % DE DESCUENTO Y 6 CUOTAS SIN INTER\u00c9S (DEL 26 AL 28\/8).<\/strong><\/p>\n\n\n\n<p class=\"has-text-align-left\"><strong>VENTA GENERAL 29 DE AGOSTO CON 6 CUOTAS SIN INTER\u00c9S.<\/strong><br><br>MYA se prepara para recorrer el pa\u00eds nuevamente, llevando su m\u00fasica a cada rinc\u00f3n y compartiendo con el p\u00fablico la esencia de su nuevo disco \u201cBLANCO Y NEGRO\u201d, que ver\u00e1 la luz en octubre de este a\u00f1o.<\/p>\n\n\n\n<p class=\"has-text-align-center\"><strong>FECHAS TOUR \u201cB&amp;N 2024\u201d<\/strong><br>16\/11 &#8211; Rosario \u2013 Teatro Broadway \u2013 Venta con\u00a0<a href=\"https:\/\/click.emails.sonymusicfans.com\/?qs=59e39cf85437e5c91742d140d85b81e8e0e7c73a14c38fa29989cfd677a2b9f920b23be9abf326dbd8a5768f7121bf577084414227905849\">tuticket.com.ar<\/a><br>22\/11 C\u00f3rdoba \u2013 Club Atenas \u2013 Venta con\u00a0<a href=\"https:\/\/click.emails.sonymusicfans.com\/?qs=59e39cf85437e5c93de772efe67e22d7664e940ccc4e7c09ec29d4ba66b17c9b8da4f92e58b74f79a26157171418ea2ba008cf1ebb92d325\">edenentradas.com.ar<\/a><br>23\/11 Mendoza \u2013 Auditorio \u00c1ngel Bustelo \u2013 Venta con\u00a0<a href=\"https:\/\/click.emails.sonymusicfans.com\/?qs=59e39cf85437e5c98c059be796986a98c57fe60a39c698e430a7d949007dc39d9445105e448b84bf0107199248a4f48842f365f47b07d9e9\">Fullticket.com<\/a><br>30\/11 Tucum\u00e1n \u2013 Teatro Mercedes Sosa \u2013 Venta con\u00a0<a href=\"https:\/\/click.emails.sonymusicfans.com\/?qs=59e39cf85437e5c9f9ddf88e92c3a70f999c1e9a8ddda17cf2e4fdea18bdbbdc30cef7c8a4f336c3767e66c683557f940c70e390fd932302\">teatromercedessosa.com<\/a><br>01\/12 Salta \u2013 Teatro Provincial \u2013 Venta con\u00a0<a href=\"https:\/\/click.emails.sonymusicfans.com\/?qs=59e39cf85437e5c98c059be796986a98c57fe60a39c698e430a7d949007dc39d9445105e448b84bf0107199248a4f48842f365f47b07d9e9\">Fullticket.com<\/a><br>13\/12 BsAs \u2013 Teatro Gran Rex \u2013 Venta con\u00a0<u><a href=\"https:\/\/click.emails.sonymusicfans.com\/?qs=59e39cf85437e5c9ec4f643aee03c248d85d2e273c209751111ba9cbad2adbf21222a36376d7e00537deb8261b03b216f14e53d1245dd6cf\">Tuentrada.com<\/a><\/u><\/p>\n\n\n\n<p class=\"has-text-align-left\">Adem\u00e1s, el d\u00fao viene de presentar recientemente su nuevo single&nbsp;<strong>\u201cSOY\u201d<\/strong>, el tercer adelanto de este esperado \u00e1lbum de estudio, siguiendo la l\u00ednea art\u00edstica de sus lanzamientos anteriores,&nbsp;<strong><a href=\"https:\/\/click.emails.sonymusicfans.com\/?qs=59e39cf85437e5c9ee82447df799d937b8cb8679447e6b2d5bbbe2e7c9426c61626bf3b4e1da5f003dd16e16bb317ef952658ba522e9c37e\">\u201cLUNAR\u201d<\/a><\/strong>&nbsp;y&nbsp;<strong><a href=\"https:\/\/click.emails.sonymusicfans.com\/?qs=59e39cf85437e5c9fcce8057bde510aceadd87a6be5950e3eadc59ef766205abef5dd18b867b61bb1c2de0c6679ac1b038bb61ef4c1b7355\">\u201cEL PROCESO\u201d<\/a><\/strong>, consolidando el estilo \u00fanico y emotivo de MYA.<\/p>\n\n\n\n<p>\u201cSOY\u201d es una canci\u00f3n que transmite un mensaje de autosuperaci\u00f3n y resiliencia. La letra refleja la idea de que somos el resultado de nuestras experiencias y decisiones, y que la suerte no define qui\u00e9nes somos. Con sonidos \u00e9picos, la canci\u00f3n celebra la capacidad de levantarse despu\u00e9s de caer y de empezar de nuevo.<\/p>\n\n\n\n<p class=\"has-text-align-left\">El videoclip, dirigido por&nbsp;<strong>Seba Lynch<\/strong>, nos muestra im\u00e1genes de elementos rotos reconstruy\u00e9ndose, simbolizando las partes de nuestras vidas que se rompieron y que, a trav\u00e9s de esas roturas, nos permitieron ser lo que somos hoy.<\/p>\n\n\n\n<figure class=\"wp-block-embed is-type-video is-provider-youtube wp-block-embed-youtube wp-embed-aspect-16-9 wp-has-aspect-ratio\"><div class=\"wp-block-embed__wrapper\">\n<div class=\"epyt-video-wrapper\"><iframe loading=\"lazy\"  id=\"_ytid_51711\"  width=\"640\" height=\"360\"  data-origwidth=\"640\" data-origheight=\"360\" src=\"https:\/\/www.youtube.com\/embed\/BD5s3zXedlQ?enablejsapi=1&#038;autoplay=0&#038;cc_load_policy=0&#038;cc_lang_pref=&#038;iv_load_policy=1&#038;loop=0&#038;rel=1&#038;fs=1&#038;playsinline=0&#038;autohide=2&#038;theme=dark&#038;color=white&#038;controls=1&#038;\" class=\"__youtube_prefs__  epyt-is-override  no-lazyload\" data-vol=\"50\"  title=\"YouTube player\"  allow=\"fullscreen; accelerometer; autoplay; clipboard-write; encrypted-media; gyroscope; picture-in-picture; web-share\" referrerpolicy=\"strict-origin-when-cross-origin\" allowfullscreen data-no-lazy=\"1\" data-skipgform_ajax_framebjll=\"\"><\/iframe><\/div>\n<\/div><\/figure>\n\n\n<div class=\"wp-block-image\">\n<figure class=\"aligncenter size-full is-resized\"><img loading=\"lazy\" decoding=\"async\" width=\"958\" height=\"638\" src=\"https:\/\/entrenotasyacordes.com\/wp-content\/uploads\/2024\/08\/5g.jpg\" alt=\"\" class=\"wp-image-10569\" style=\"width:607px;height:auto\" srcset=\"https:\/\/entrenotasyacordes.com\/wp-content\/uploads\/2024\/08\/5g.jpg 958w, https:\/\/entrenotasyacordes.com\/wp-content\/uploads\/2024\/08\/5g-300x200.jpg 300w, https:\/\/entrenotasyacordes.com\/wp-content\/uploads\/2024\/08\/5g-768x511.jpg 768w\" sizes=\"auto, (max-width: 958px) 100vw, 958px\" \/><figcaption class=\"wp-element-caption\"><strong>Ph: Aitor Fern\u00e1ndez<\/strong><\/figcaption><\/figure>\n<\/div>\n\n\n<p>Este nuevo single sigue la l\u00ednea art\u00edstica de sus lanzamientos anteriores, <a href=\"https:\/\/eur01.safelinks.protection.outlook.com\/?url=https%3A%2F%2Fclick.emails.sonymusicfans.com%2F%3Fqs%3Dc9de5c043ddf1e44a844c2e1e9773d77e0ccaaf6d1e8f64e3c3e93d7a808690ff1dc8bfbbc76fd62f6714c9bb4ef9345f043f7df54274e77&amp;data=05%7C02%7Clucila.juan%40sonymusic.com%7C612e6fc27a23410d8ac508dcbd8aeeb4%7Cf0aff3b791a54aaeaf71c63e1dda2049%7C0%7C0%7C638593651630293456%7CUnknown%7CTWFpbGZsb3d8eyJWIjoiMC4wLjAwMDAiLCJQIjoiV2luMzIiLCJBTiI6Ik1haWwiLCJXVCI6Mn0%3D%7C0%7C%7C%7C&amp;sdata=EECsLO4LbOR6heq%2BRTrUH41ttOUQLGbWUFSgqgUTQrQ%3D&amp;reserved=0\"><strong>\u201cLUNAR\u201d<\/strong><\/a> y <a href=\"https:\/\/eur01.safelinks.protection.outlook.com\/?url=https%3A%2F%2Fclick.emails.sonymusicfans.com%2F%3Fqs%3Dc9de5c043ddf1e44c973db8af1b063fd69d57fe326efd7934726dfb0a641c25ce2e5d5aae5f3f7decdbefd2c823f719b48aa9277bcc59e35&amp;data=05%7C02%7Clucila.juan%40sonymusic.com%7C612e6fc27a23410d8ac508dcbd8aeeb4%7Cf0aff3b791a54aaeaf71c63e1dda2049%7C0%7C0%7C638593651630299809%7CUnknown%7CTWFpbGZsb3d8eyJWIjoiMC4wLjAwMDAiLCJQIjoiV2luMzIiLCJBTiI6Ik1haWwiLCJXVCI6Mn0%3D%7C0%7C%7C%7C&amp;sdata=T0Li%2BlDQmALxGFwQy5B8Y1E5qd6LxkQ6o0bRvDtgBy8%3D&amp;reserved=0\"><strong>\u201cEL PROCESO\u201d<\/strong><\/a>, consolidando el estilo \u00fanico y emotivo de MYA.<br><br>El anuncio del nuevo \u00e1lbum <strong>\u201cBLANCO Y NEGRO\u201d<\/strong> fue realizado a trav\u00e9s de las redes sociales del d\u00fao, generando gran expectativa entre sus fans. Aunque a\u00fan no se ha revelado la fecha exacta de lanzamiento, se espera que el disco vea la luz en octubre de este a\u00f1o.&nbsp;<\/p>\n","protected":false},"excerpt":{"rendered":"<p>DISPONIBLE EN TODAS LAS PLATAFORMAS EN OCTUBRE<\/p>\n","protected":false},"author":5,"featured_media":10766,"comment_status":"open","ping_status":"open","sticky":false,"template":"","format":"standard","meta":{"om_disable_all_campaigns":false,"_uf_show_specific_survey":0,"_uf_disable_surveys":false,"footnotes":""},"categories":[36],"tags":[],"class_list":["post-10765","post","type-post","status-publish","format-standard","has-post-thumbnail","hentry","category-conciertos"],"_links":{"self":[{"href":"https:\/\/entrenotasyacordes.com\/index.php?rest_route=\/wp\/v2\/posts\/10765","targetHints":{"allow":["GET"]}}],"collection":[{"href":"https:\/\/entrenotasyacordes.com\/index.php?rest_route=\/wp\/v2\/posts"}],"about":[{"href":"https:\/\/entrenotasyacordes.com\/index.php?rest_route=\/wp\/v2\/types\/post"}],"author":[{"embeddable":true,"href":"https:\/\/entrenotasyacordes.com\/index.php?rest_route=\/wp\/v2\/users\/5"}],"replies":[{"embeddable":true,"href":"https:\/\/entrenotasyacordes.com\/index.php?rest_route=%2Fwp%2Fv2%2Fcomments&post=10765"}],"version-history":[{"count":1,"href":"https:\/\/entrenotasyacordes.com\/index.php?rest_route=\/wp\/v2\/posts\/10765\/revisions"}],"predecessor-version":[{"id":10767,"href":"https:\/\/entrenotasyacordes.com\/index.php?rest_route=\/wp\/v2\/posts\/10765\/revisions\/10767"}],"wp:featuredmedia":[{"embeddable":true,"href":"https:\/\/entrenotasyacordes.com\/index.php?rest_route=\/wp\/v2\/media\/10766"}],"wp:attachment":[{"href":"https:\/\/entrenotasyacordes.com\/index.php?rest_route=%2Fwp%2Fv2%2Fmedia&parent=10765"}],"wp:term":[{"taxonomy":"category","embeddable":true,"href":"https:\/\/entrenotasyacordes.com\/index.php?rest_route=%2Fwp%2Fv2%2Fcategories&post=10765"},{"taxonomy":"post_tag","embeddable":true,"href":"https:\/\/entrenotasyacordes.com\/index.php?rest_route=%2Fwp%2Fv2%2Ftags&post=10765"}],"curies":[{"name":"wp","href":"https:\/\/api.w.org\/{rel}","templated":true}]}}