{"id":10768,"date":"2024-08-22T18:20:26","date_gmt":"2024-08-22T18:20:26","guid":{"rendered":"https:\/\/entrenotasyacordes.com\/?p=10768"},"modified":"2024-08-22T18:25:06","modified_gmt":"2024-08-22T18:25:06","slug":"lettieri-homenajea-a-maradona-con-su-nuevo-single-no-me-digan-2","status":"publish","type":"post","link":"https:\/\/entrenotasyacordes.com\/?p=10768","title":{"rendered":"FMK PRESENTA \u00abMASN\u00c1\u201d"},"content":{"rendered":"\n<!--more-->\n\n\n<div class=\"wp-block-image\">\n<figure class=\"aligncenter size-full\"><img loading=\"lazy\" decoding=\"async\" width=\"432\" height=\"428\" src=\"https:\/\/entrenotasyacordes.com\/wp-content\/uploads\/2024\/08\/8j.jpeg\" alt=\"\" class=\"wp-image-10769\" srcset=\"https:\/\/entrenotasyacordes.com\/wp-content\/uploads\/2024\/08\/8j.jpeg 432w, https:\/\/entrenotasyacordes.com\/wp-content\/uploads\/2024\/08\/8j-300x297.jpeg 300w, https:\/\/entrenotasyacordes.com\/wp-content\/uploads\/2024\/08\/8j-150x150.jpeg 150w, https:\/\/entrenotasyacordes.com\/wp-content\/uploads\/2024\/08\/8j-50x50.jpeg 50w\" sizes=\"auto, (max-width: 432px) 100vw, 432px\" \/><\/figure>\n<\/div>\n\n\n<p>El talentoso artista y compositor argentino<strong>&nbsp;FMK,&nbsp;<\/strong>presenta su nuevo single titulado&nbsp;<strong>\u00abMASN\u00c1\u00bb<\/strong>, una emotiva canci\u00f3n que marca su esperado regreso en formato solista.<\/p>\n\n\n\n<p>Se trata de una balada rom\u00e1ntica, de g\u00e9nero afro, que explora la intensidad del amor entre un hombre y una mujer, capturando la esencia de las emociones m\u00e1s profundas a trav\u00e9s de una fusi\u00f3n r\u00edtmica envolvente.<\/p>\n\n\n\n<p>\u00abMASN\u00c1\u00bb representa una nueva faceta en la carrera de FMK, que como ya nos tiene acostumbrados, nunca se queda en zonas de confort y siempre sigue explorando, mostrando su versatilidad art\u00edstica y su capacidad para conectar con el p\u00fablico a trav\u00e9s de letras sinceras y melod\u00edas cautivadoras, tanto en sus propias canciones como en los much\u00edsimos \u00e9xitos que ha compuesto para otros artistas que acumulan millones de streams en todo el mundo.<\/p>\n\n\n\n<p>Sin dudas esta canci\u00f3n promete ser un \u00e9xito entre sus seguidores y aquellos que disfrutan de la m\u00fasica que trasciende g\u00e9neros y fronteras.<\/p>\n\n\n\n<p>El videoclip de \u00abMASN\u00c1\u00bb fue realizado por el equipo de Porte Films, bajo la direcci\u00f3n de Agust\u00edn Portela. Filmado en la vibrante ciudad de Buenos Aires, el video tiene como principal protagonista a la noche, con su misterio y magnetismo, creando una atm\u00f3sfera \u00fanica que acompa\u00f1a perfectamente la narrativa de la canci\u00f3n.<\/p>\n\n\n\n<figure class=\"wp-block-embed is-type-video is-provider-youtube wp-block-embed-youtube wp-embed-aspect-16-9 wp-has-aspect-ratio\"><div class=\"wp-block-embed__wrapper\">\n<div class=\"epyt-video-wrapper\"><iframe loading=\"lazy\"  id=\"_ytid_52917\"  width=\"640\" height=\"360\"  data-origwidth=\"640\" data-origheight=\"360\" src=\"https:\/\/www.youtube.com\/embed\/3wkTN0wH-lg?enablejsapi=1&#038;autoplay=0&#038;cc_load_policy=0&#038;cc_lang_pref=&#038;iv_load_policy=1&#038;loop=0&#038;rel=1&#038;fs=1&#038;playsinline=0&#038;autohide=2&#038;theme=dark&#038;color=white&#038;controls=1&#038;\" class=\"__youtube_prefs__  epyt-is-override  no-lazyload\" data-vol=\"50\"  title=\"YouTube player\"  allow=\"fullscreen; accelerometer; autoplay; clipboard-write; encrypted-media; gyroscope; picture-in-picture; web-share\" referrerpolicy=\"strict-origin-when-cross-origin\" allowfullscreen data-no-lazy=\"1\" data-skipgform_ajax_framebjll=\"\"><\/iframe><\/div>\n<\/div><\/figure>\n\n\n<div class=\"wp-block-image\">\n<figure class=\"aligncenter size-full is-resized\"><img loading=\"lazy\" decoding=\"async\" width=\"1199\" height=\"847\" src=\"https:\/\/entrenotasyacordes.com\/wp-content\/uploads\/2024\/08\/8k.jpg\" alt=\"\" class=\"wp-image-10770\" style=\"width:607px;height:auto\" srcset=\"https:\/\/entrenotasyacordes.com\/wp-content\/uploads\/2024\/08\/8k.jpg 1199w, https:\/\/entrenotasyacordes.com\/wp-content\/uploads\/2024\/08\/8k-300x212.jpg 300w, https:\/\/entrenotasyacordes.com\/wp-content\/uploads\/2024\/08\/8k-1024x723.jpg 1024w, https:\/\/entrenotasyacordes.com\/wp-content\/uploads\/2024\/08\/8k-768x543.jpg 768w\" sizes=\"auto, (max-width: 1199px) 100vw, 1199px\" \/><\/figure>\n<\/div>\n\n\n<p>Con este lanzamiento, FMK reafirma su posici\u00f3n como uno de los artistas m\u00e1s prometedores e imponentes de la escena musical actual, continuando su trayectoria ascendente y expandiendo su impacto en la industria. No te pierdas la oportunidad de sumergirte en este viaje sonoro \u00fanico.<\/p>\n","protected":false},"excerpt":{"rendered":"","protected":false},"author":5,"featured_media":10769,"comment_status":"open","ping_status":"open","sticky":false,"template":"","format":"standard","meta":{"om_disable_all_campaigns":false,"_uf_show_specific_survey":0,"_uf_disable_surveys":false,"footnotes":""},"categories":[4],"tags":[],"class_list":["post-10768","post","type-post","status-publish","format-standard","has-post-thumbnail","hentry","category-musica"],"_links":{"self":[{"href":"https:\/\/entrenotasyacordes.com\/index.php?rest_route=\/wp\/v2\/posts\/10768","targetHints":{"allow":["GET"]}}],"collection":[{"href":"https:\/\/entrenotasyacordes.com\/index.php?rest_route=\/wp\/v2\/posts"}],"about":[{"href":"https:\/\/entrenotasyacordes.com\/index.php?rest_route=\/wp\/v2\/types\/post"}],"author":[{"embeddable":true,"href":"https:\/\/entrenotasyacordes.com\/index.php?rest_route=\/wp\/v2\/users\/5"}],"replies":[{"embeddable":true,"href":"https:\/\/entrenotasyacordes.com\/index.php?rest_route=%2Fwp%2Fv2%2Fcomments&post=10768"}],"version-history":[{"count":2,"href":"https:\/\/entrenotasyacordes.com\/index.php?rest_route=\/wp\/v2\/posts\/10768\/revisions"}],"predecessor-version":[{"id":10772,"href":"https:\/\/entrenotasyacordes.com\/index.php?rest_route=\/wp\/v2\/posts\/10768\/revisions\/10772"}],"wp:featuredmedia":[{"embeddable":true,"href":"https:\/\/entrenotasyacordes.com\/index.php?rest_route=\/wp\/v2\/media\/10769"}],"wp:attachment":[{"href":"https:\/\/entrenotasyacordes.com\/index.php?rest_route=%2Fwp%2Fv2%2Fmedia&parent=10768"}],"wp:term":[{"taxonomy":"category","embeddable":true,"href":"https:\/\/entrenotasyacordes.com\/index.php?rest_route=%2Fwp%2Fv2%2Fcategories&post=10768"},{"taxonomy":"post_tag","embeddable":true,"href":"https:\/\/entrenotasyacordes.com\/index.php?rest_route=%2Fwp%2Fv2%2Ftags&post=10768"}],"curies":[{"name":"wp","href":"https:\/\/api.w.org\/{rel}","templated":true}]}}