{"id":10776,"date":"2024-08-22T18:42:56","date_gmt":"2024-08-22T18:42:56","guid":{"rendered":"https:\/\/entrenotasyacordes.com\/?p=10776"},"modified":"2024-08-22T18:42:57","modified_gmt":"2024-08-22T18:42:57","slug":"llega-monumental-decadentes-la-pelicula-a-cinemark-hoyts-el-5-de-septiembre","status":"publish","type":"post","link":"https:\/\/entrenotasyacordes.com\/?p=10776","title":{"rendered":"LLEGA \u201cMONUMENTAL DECADENTES &#8211; LA PEL\u00cdCULA\u201d A CINEMARK-HOYTS EL 5 DE SEPTIEMBRE"},"content":{"rendered":"\n<p><strong><em>\u00a1M\u00c1S QUE UNA PEL\u00cdCULA, M\u00c1S QUE UN DOCUMENTAL, M\u00c1S QUE UN SHOW!<\/em><\/strong><\/p>\n\n\n\n<!--more-->\n\n\n\n<p class=\"has-text-align-center\"><strong>-LOS AUTENTICOS DECADENTES S\u00d3LO EN CINES-<\/strong><\/p>\n\n\n\n<p class=\"has-text-align-center\"><strong>LLEGA \u201c<em>MONUMENTAL DECADENTES <\/em><\/strong><\/p>\n\n\n\n<p class=\"has-text-align-center\"><strong><em>LA PEL\u00cdCULA<\/em>\u201d<\/strong> <strong>A CINEMARK-HOYTS EL 5 DE SEPTIEMBRE<\/strong><\/p>\n\n\n<div class=\"wp-block-image\">\n<figure class=\"aligncenter size-full is-resized\"><img loading=\"lazy\" decoding=\"async\" width=\"1120\" height=\"1600\" src=\"https:\/\/entrenotasyacordes.com\/wp-content\/uploads\/2024\/08\/8m.jpg\" alt=\"\" class=\"wp-image-10777\" style=\"width:607px;height:auto\" srcset=\"https:\/\/entrenotasyacordes.com\/wp-content\/uploads\/2024\/08\/8m.jpg 1120w, https:\/\/entrenotasyacordes.com\/wp-content\/uploads\/2024\/08\/8m-210x300.jpg 210w, https:\/\/entrenotasyacordes.com\/wp-content\/uploads\/2024\/08\/8m-717x1024.jpg 717w, https:\/\/entrenotasyacordes.com\/wp-content\/uploads\/2024\/08\/8m-768x1097.jpg 768w, https:\/\/entrenotasyacordes.com\/wp-content\/uploads\/2024\/08\/8m-1075x1536.jpg 1075w, https:\/\/entrenotasyacordes.com\/wp-content\/uploads\/2024\/08\/8m-1024x1463.jpg 1024w\" sizes=\"auto, (max-width: 1120px) 100vw, 1120px\" \/><\/figure>\n<\/div>\n\n\n<p class=\"has-text-align-center\">Entradas a pr\u00f3ximamente a la venta en:\u00a0<a href=\"https:\/\/www.cinemarkhoyts.com.ar\/\" target=\"_blank\" rel=\"noreferrer noopener\">www.cinemarkhoyts.com.ar<\/a><\/p>\n\n\n\n<figure class=\"wp-block-embed is-type-video is-provider-youtube wp-block-embed-youtube wp-embed-aspect-16-9 wp-has-aspect-ratio\"><div class=\"wp-block-embed__wrapper\">\n<div class=\"epyt-video-wrapper\"><iframe loading=\"lazy\"  id=\"_ytid_74842\"  width=\"640\" height=\"360\"  data-origwidth=\"640\" data-origheight=\"360\" src=\"https:\/\/www.youtube.com\/embed\/fli6SiGlc6Q?enablejsapi=1&#038;autoplay=0&#038;cc_load_policy=0&#038;cc_lang_pref=&#038;iv_load_policy=1&#038;loop=0&#038;rel=1&#038;fs=1&#038;playsinline=0&#038;autohide=2&#038;theme=dark&#038;color=white&#038;controls=1&#038;\" class=\"__youtube_prefs__  epyt-is-override  no-lazyload\" data-vol=\"50\"  title=\"YouTube player\"  allow=\"fullscreen; accelerometer; autoplay; clipboard-write; encrypted-media; gyroscope; picture-in-picture; web-share\" referrerpolicy=\"strict-origin-when-cross-origin\" allowfullscreen data-no-lazy=\"1\" data-skipgform_ajax_framebjll=\"\"><\/iframe><\/div>\n<\/div><\/figure>\n\n\n\n<p>La banda de rock y m\u00fasica popular m\u00e1s querida de Am\u00e9rica Latina presenta en la pantalla grande\u00a0<strong>\u201c<em>Monumental Decadentes &#8211; La Pel\u00edcula\u00bb<\/em><\/strong>. Una aventura cinematogr\u00e1fica que refleja la perfecta alquimia entre la m\u00fasica que suena en todas las fiestas hace m\u00e1s de 37 a\u00f1os y el resplandor humor\u00edstico de\u00a0<strong>Los Aut\u00e9nticos Decadentes<\/strong>.<\/p>\n\n\n\n<p>Con direcci\u00f3n de<strong>&nbsp;Diego \u00c1lvarez<\/strong>&nbsp;para&nbsp;<strong>Plataforma TV<\/strong>&nbsp;y producci\u00f3n de&nbsp;<strong>PopArt Discos<\/strong>&nbsp;y&nbsp;<strong>CINEMEX<\/strong>,&nbsp;<strong>\u201c<\/strong><strong><em>Monumental Decadentes &#8211; La Pel\u00edcula\u201d<\/em><\/strong>&nbsp;muestra los momentos m\u00e1s \u00e9picos del del incre\u00edble show que la banda di\u00f3 en la Monumental Plaza de Toros de M\u00e9xico en mayo&nbsp;de 2024, con momentos que homenajean grandes cl\u00e1sicos del cine universal representando g\u00e9neros como western, terror, comedia, thriller psicol\u00f3gico, ciencia ficci\u00f3n e incluso biopic Hollywood style.&nbsp;<\/p>\n\n\n\n<p>De la mano de mini-relatos anacr\u00f3nicos,\u00a0<strong>Los Aut\u00e9nticos Decadentes<\/strong>\u00a0se ponen en el rol de\u00a0 estrellas de cine al transformarse en personajes surrealistas que habitan mundos bizarros, donde rigen las leyes del humor y del absurdo.<\/p>\n\n\n\n<p>La banda debutar\u00e1 en la pantalla grande en Argentina- en simult\u00e1neo con M\u00e9xico y Paraguay- con una pel\u00edcula de fantas\u00eda sin l\u00edmites, tan delirante e inclasificable como sus protagonistas. El show en vivo cuenta con la participaci\u00f3n especial de\u00a0<strong>Los Caligaris<\/strong>,\u00a0<strong>Systema Solar<\/strong>\u00a0y<strong>\u00a0Conociendo Rusia<\/strong>, como artistas invitados.<\/p>\n\n\n\n<p>A partir del 5 de septiembre&nbsp;<strong>\u201c<\/strong><strong><em>Monumental Decadentes &#8211; La Pel\u00edcula\u201d&nbsp;<\/em><\/strong>estar\u00e1 disponible en las principales salas Cinemark-Hoyts del pa\u00eds, para marcar un nuevo cap\u00edtulo en la historia \u00fanica&nbsp;<strong>Los Aut\u00e9nticos Decadentes<\/strong>, que seguro se convertir\u00e1 en un cl\u00e1sico ineludible del cine alternativo.&nbsp;<\/p>\n","protected":false},"excerpt":{"rendered":"<p>\u00a1M\u00c1S QUE UNA PEL\u00cdCULA, M\u00c1S QUE UN DOCUMENTAL, M\u00c1S QUE UN SHOW!<\/p>\n","protected":false},"author":5,"featured_media":10777,"comment_status":"open","ping_status":"open","sticky":false,"template":"","format":"standard","meta":{"om_disable_all_campaigns":false,"_uf_show_specific_survey":0,"_uf_disable_surveys":false,"footnotes":""},"categories":[9],"tags":[],"class_list":["post-10776","post","type-post","status-publish","format-standard","has-post-thumbnail","hentry","category-cine-y-teatro"],"_links":{"self":[{"href":"https:\/\/entrenotasyacordes.com\/index.php?rest_route=\/wp\/v2\/posts\/10776","targetHints":{"allow":["GET"]}}],"collection":[{"href":"https:\/\/entrenotasyacordes.com\/index.php?rest_route=\/wp\/v2\/posts"}],"about":[{"href":"https:\/\/entrenotasyacordes.com\/index.php?rest_route=\/wp\/v2\/types\/post"}],"author":[{"embeddable":true,"href":"https:\/\/entrenotasyacordes.com\/index.php?rest_route=\/wp\/v2\/users\/5"}],"replies":[{"embeddable":true,"href":"https:\/\/entrenotasyacordes.com\/index.php?rest_route=%2Fwp%2Fv2%2Fcomments&post=10776"}],"version-history":[{"count":1,"href":"https:\/\/entrenotasyacordes.com\/index.php?rest_route=\/wp\/v2\/posts\/10776\/revisions"}],"predecessor-version":[{"id":10778,"href":"https:\/\/entrenotasyacordes.com\/index.php?rest_route=\/wp\/v2\/posts\/10776\/revisions\/10778"}],"wp:featuredmedia":[{"embeddable":true,"href":"https:\/\/entrenotasyacordes.com\/index.php?rest_route=\/wp\/v2\/media\/10777"}],"wp:attachment":[{"href":"https:\/\/entrenotasyacordes.com\/index.php?rest_route=%2Fwp%2Fv2%2Fmedia&parent=10776"}],"wp:term":[{"taxonomy":"category","embeddable":true,"href":"https:\/\/entrenotasyacordes.com\/index.php?rest_route=%2Fwp%2Fv2%2Fcategories&post=10776"},{"taxonomy":"post_tag","embeddable":true,"href":"https:\/\/entrenotasyacordes.com\/index.php?rest_route=%2Fwp%2Fv2%2Ftags&post=10776"}],"curies":[{"name":"wp","href":"https:\/\/api.w.org\/{rel}","templated":true}]}}