{"id":11271,"date":"2024-09-11T17:25:14","date_gmt":"2024-09-11T17:25:14","guid":{"rendered":"https:\/\/entrenotasyacordes.com\/?p=11271"},"modified":"2024-09-11T17:25:15","modified_gmt":"2024-09-11T17:25:15","slug":"ana-mena-y-emilia-revelan-colaboracion-carita-triste-2","status":"publish","type":"post","link":"https:\/\/entrenotasyacordes.com\/?p=11271","title":{"rendered":"ANA MENA y EMILIA\u00a0 REVELAN COLABORACI\u00d3N \u201cCARITA TRISTE\u201d"},"content":{"rendered":"\n<!--more-->\n\n\n\n<p class=\"has-text-align-left\"><strong>\u201cCARITA TRISTE\u201d<\/strong> <strong>RANKE\u00d3 TOP 50 EN TODO LATAM, ITALIA Y ESPA\u00d1A<\/strong> <strong>SUPERO EN SOLO DOS DIAS LOS 2 MILLONES EN SPOTIFY Y YOUTUBE<\/strong><\/p>\n\n\n<div class=\"wp-block-image\">\n<figure class=\"aligncenter size-full is-resized\"><img loading=\"lazy\" decoding=\"async\" width=\"1080\" height=\"1080\" src=\"https:\/\/entrenotasyacordes.com\/wp-content\/uploads\/2024\/09\/10f.png\" alt=\"\" class=\"wp-image-11274\" style=\"width:607px;height:auto\" srcset=\"https:\/\/entrenotasyacordes.com\/wp-content\/uploads\/2024\/09\/10f.png 1080w, https:\/\/entrenotasyacordes.com\/wp-content\/uploads\/2024\/09\/10f-300x300.png 300w, https:\/\/entrenotasyacordes.com\/wp-content\/uploads\/2024\/09\/10f-1024x1024.png 1024w, https:\/\/entrenotasyacordes.com\/wp-content\/uploads\/2024\/09\/10f-150x150.png 150w, https:\/\/entrenotasyacordes.com\/wp-content\/uploads\/2024\/09\/10f-768x768.png 768w, https:\/\/entrenotasyacordes.com\/wp-content\/uploads\/2024\/09\/10f-50x50.png 50w\" sizes=\"auto, (max-width: 1080px) 100vw, 1080px\" \/><\/figure>\n<\/div>\n\n\n<p class=\"has-text-align-left\"><strong>Ana Mena y Emilia ponen el broche final al verano con su nuevo hit viral en Tik Tok \u201cCARITA TRISTE\u201d,&nbsp;<\/strong>una canci\u00f3n pop 100% adictiva que ha conquistado al p\u00fablico Millennial y Gen Z en tiempo record alzando esta nueva colaboraci\u00f3n como una de las canciones pop m\u00e1s esperadas del a\u00f1o.<\/p>\n\n\n\n<p class=\"has-text-align-left\">Ana Mena y Emilia, ambas artistas, representan a una nueva generaci\u00f3n de mujeres con tremendo talento que lideran las tendencias musicales, los principales charts digitales y de airplay, y son prescriptoras del pop en espa\u00f1ol a nivel global.<\/p>\n\n\n<div class=\"wp-block-image\">\n<figure class=\"aligncenter size-full is-resized\"><img loading=\"lazy\" decoding=\"async\" width=\"567\" height=\"298\" src=\"https:\/\/entrenotasyacordes.com\/wp-content\/uploads\/2024\/09\/10g.jpg\" alt=\"\" class=\"wp-image-11273\" style=\"width:607px;height:auto\" srcset=\"https:\/\/entrenotasyacordes.com\/wp-content\/uploads\/2024\/09\/10g.jpg 567w, https:\/\/entrenotasyacordes.com\/wp-content\/uploads\/2024\/09\/10g-300x158.jpg 300w\" sizes=\"auto, (max-width: 567px) 100vw, 567px\" \/><\/figure>\n<\/div>\n\n\n<p>Ana Mena, sin duda est\u00e1 en uno de sus mejores momentos, siendo la principal artista femenina espa\u00f1ola con \u00e9xito internacional. Su reciente hit \u201cMadrid City\u201d ha arrasado globalmente siendo adem\u00e1s uno de los temas m\u00e1s virales en Tik Tok este a\u00f1o; y a este \u00e9xito podemos a\u00f1adir muchos m\u00e1s canciones que han posicionado a la malague\u00f1a como una hit maker que nunca falla; \u201cLas 12\u201d, \u201cM\u00fasica Ligera\u201d, \u201cSe Iluminaba\u201d o \u201cUn Cl\u00e1sico\u201d son otros de sus muchos \u00e9xitos que le han llevado a certificar en total m\u00e1s de 60 discos de platino, 10 de oro y un disco de diamante.<\/p>\n\n\n<div class=\"wp-block-image\">\n<figure class=\"aligncenter size-full is-resized\"><img loading=\"lazy\" decoding=\"async\" width=\"1080\" height=\"1080\" src=\"https:\/\/entrenotasyacordes.com\/wp-content\/uploads\/2024\/09\/10h.jpg\" alt=\"\" class=\"wp-image-11272\" style=\"width:607px;height:auto\" srcset=\"https:\/\/entrenotasyacordes.com\/wp-content\/uploads\/2024\/09\/10h.jpg 1080w, https:\/\/entrenotasyacordes.com\/wp-content\/uploads\/2024\/09\/10h-300x300.jpg 300w, https:\/\/entrenotasyacordes.com\/wp-content\/uploads\/2024\/09\/10h-1024x1024.jpg 1024w, https:\/\/entrenotasyacordes.com\/wp-content\/uploads\/2024\/09\/10h-150x150.jpg 150w, https:\/\/entrenotasyacordes.com\/wp-content\/uploads\/2024\/09\/10h-768x768.jpg 768w, https:\/\/entrenotasyacordes.com\/wp-content\/uploads\/2024\/09\/10h-50x50.jpg 50w\" sizes=\"auto, (max-width: 1080px) 100vw, 1080px\" \/><\/figure>\n<\/div>\n\n\n<p class=\"has-text-align-center\"><strong>6 DE DICIEMBRE ANA MENA EN NICETO CLUB<\/strong><\/p>\n\n\n<div class=\"wp-block-image\">\n<figure class=\"aligncenter size-full is-resized\"><img loading=\"lazy\" decoding=\"async\" width=\"1080\" height=\"1080\" src=\"https:\/\/entrenotasyacordes.com\/wp-content\/uploads\/2024\/08\/5j.png\" alt=\"\" class=\"wp-image-10576\" style=\"width:607px;height:auto\" srcset=\"https:\/\/entrenotasyacordes.com\/wp-content\/uploads\/2024\/08\/5j.png 1080w, https:\/\/entrenotasyacordes.com\/wp-content\/uploads\/2024\/08\/5j-300x300.png 300w, https:\/\/entrenotasyacordes.com\/wp-content\/uploads\/2024\/08\/5j-1024x1024.png 1024w, https:\/\/entrenotasyacordes.com\/wp-content\/uploads\/2024\/08\/5j-150x150.png 150w, https:\/\/entrenotasyacordes.com\/wp-content\/uploads\/2024\/08\/5j-768x768.png 768w, https:\/\/entrenotasyacordes.com\/wp-content\/uploads\/2024\/08\/5j-50x50.png 50w\" sizes=\"auto, (max-width: 1080px) 100vw, 1080px\" \/><\/figure>\n<\/div>\n\n\n<p><strong>+ SOBRE ANA MENA<\/strong><\/p>\n\n\n\n<p>Ana Mena, de 26 a\u00f1os, comenzo su carrera como actriz, protagonizando la serie de televisi\u00f3n Marisol en 2009; y fue parte (y finalmente adem\u00e1s gano) del Reality Show Musical de Disney My Camp Rock 2 en 2010. &nbsp;Debut\u00f3 en cine con Pedro Almod\u00f3var en &#8216;La piel que habito&#8217; (2011) interpretando a la hija del personaje de Antonio Banderas. &nbsp;Ten\u00eda 14 a\u00f1os cuando se estren\u00f3 la pel\u00edcula.<\/p>\n\n\n\n<p>Con 1.500 millones de streams en todas sus Plataformas y con una audiencia de m\u00e1s de seis millones de oyentes mensuales en Spotify, es la artista femenina espa\u00f1ola m\u00e1s escuchada en Espa\u00f1a e Italia.<\/p>\n\n\n\n<p>Hace once meses, Mena lanz\u00f3 su segundo \u00c1lbum \u00abBellodrama\u00bb, que debuto directamente en el n\u00famero uno y encabezo la lista de los 100 mejores \u00e1lbumes de su pa\u00eds de 2023. Sus dos \u00faltimos singles de colaboraci\u00f3n, \u00abLas 12\u00bb con Belinda \u00a0y \u00abQuiero Decirte\u00bb con Abraham Mateo, han acumulado m\u00e1s de 119 millones de streams y m\u00e1s de 81 millones de streams respectivamente en Youtube. Su ultima canci\u00f3n \u00abMadrid City\u00bb recientemente fue certificada Doble Platino. \u00a0Tambien disfruta de ese mismo \u00e9xito en Italia, habiendo grabado varios \u00e9xitos all\u00ed, incluido \u00a0\u00abA un passo dalla luna\u00bb con Rocco Hunt, que pas\u00f3 nueve semanas en el n\u00famero uno y fue 7x veces Disco de Platino.<\/p>\n\n\n\n<p>Ana Mena, ganadora de 46 discos de platino, 4 de oro y 1 de diamante; y que recientemente ha agotado las entradas de sus 20 conciertos en Espa\u00f1a, ya esta lista para arrasar Argentina y America Latina.<\/p>\n","protected":false},"excerpt":{"rendered":"","protected":false},"author":5,"featured_media":11272,"comment_status":"open","ping_status":"open","sticky":false,"template":"","format":"standard","meta":{"om_disable_all_campaigns":false,"_uf_show_specific_survey":0,"_uf_disable_surveys":false,"footnotes":""},"categories":[4],"tags":[],"class_list":["post-11271","post","type-post","status-publish","format-standard","has-post-thumbnail","hentry","category-musica"],"_links":{"self":[{"href":"https:\/\/entrenotasyacordes.com\/index.php?rest_route=\/wp\/v2\/posts\/11271","targetHints":{"allow":["GET"]}}],"collection":[{"href":"https:\/\/entrenotasyacordes.com\/index.php?rest_route=\/wp\/v2\/posts"}],"about":[{"href":"https:\/\/entrenotasyacordes.com\/index.php?rest_route=\/wp\/v2\/types\/post"}],"author":[{"embeddable":true,"href":"https:\/\/entrenotasyacordes.com\/index.php?rest_route=\/wp\/v2\/users\/5"}],"replies":[{"embeddable":true,"href":"https:\/\/entrenotasyacordes.com\/index.php?rest_route=%2Fwp%2Fv2%2Fcomments&post=11271"}],"version-history":[{"count":1,"href":"https:\/\/entrenotasyacordes.com\/index.php?rest_route=\/wp\/v2\/posts\/11271\/revisions"}],"predecessor-version":[{"id":11275,"href":"https:\/\/entrenotasyacordes.com\/index.php?rest_route=\/wp\/v2\/posts\/11271\/revisions\/11275"}],"wp:featuredmedia":[{"embeddable":true,"href":"https:\/\/entrenotasyacordes.com\/index.php?rest_route=\/wp\/v2\/media\/11272"}],"wp:attachment":[{"href":"https:\/\/entrenotasyacordes.com\/index.php?rest_route=%2Fwp%2Fv2%2Fmedia&parent=11271"}],"wp:term":[{"taxonomy":"category","embeddable":true,"href":"https:\/\/entrenotasyacordes.com\/index.php?rest_route=%2Fwp%2Fv2%2Fcategories&post=11271"},{"taxonomy":"post_tag","embeddable":true,"href":"https:\/\/entrenotasyacordes.com\/index.php?rest_route=%2Fwp%2Fv2%2Ftags&post=11271"}],"curies":[{"name":"wp","href":"https:\/\/api.w.org\/{rel}","templated":true}]}}